{"id":172461,"date":"2025-12-26T17:49:17","date_gmt":"2025-12-26T17:49:17","guid":{"rendered":"https:\/\/www.europesays.com\/pl\/172461\/"},"modified":"2025-12-26T17:49:17","modified_gmt":"2025-12-26T17:49:17","slug":"przewodowice-ogromny-karambol-na-s8-koszmarne-warunki-na-drogach","status":"publish","type":"post","link":"https:\/\/www.europesays.com\/pl\/172461\/","title":{"rendered":"Przewodowice: Ogromny karambol na S8. Koszmarne warunki na drogach"},"content":{"rendered":"<p>Na drodze ekspresowej S8 pod Raw\u0105 Mazowieck\u0105 w wojew\u00f3dztwie \u0142\u00f3dzkim dosz\u0142o w pi\u0105tek do karambolu. Zderzy\u0142o si\u0119 osiem samochod\u00f3w osobowych, kt\u00f3rymi podr\u00f3\u017cowa\u0142o \u0142\u0105cznie 20 os\u00f3b &#8211; przekaza\u0142a rawska stra\u017c po\u017carna. Ruch w stron\u0119 Warszawy odbywa si\u0119 pasem awaryjnym. Poszkodowanych zosta\u0142o dziewi\u0119\u0107 os\u00f3b, w tym pi\u0119cioro dzieci w wieku 10, 7, 4 oraz 3 lat.<\/p>\n<p>                         &#13;<br \/>\n        &#13;<\/p>\n<p>                                        &#13;<br \/>\n                        &#13;<br \/>\n                            <img decoding=\"async\" src=\"https:\/\/www.europesays.com\/pl\/wp-content\/uploads\/2025\/12\/000M4DRZI58NK099-C123-F4.jpg\" title=\"Pot\u0119\u017cny karambol na S8 w \u0141\u00f3dzkiem. S\u0105 ranni\" alt=\"Pot\u0119\u017cny karambol na S8 w \u0141\u00f3dzkiem. S\u0105 ranni\" class=\"img-responsive\"\/>&#13;<\/p>\n<p>                            &#13;<\/p>\n<p>      &#13;<br \/>\n                            Zdj\u0119cie ilustracyjne&#13;<br \/>\n                                    \/Shutterstock  &#13;\n                                    <\/p>\n<p>&#13;<\/p>\n<p>Ca\u0142y czas odbieramy od Was sygna\u0142y na Gor\u0105c\u0105 Lini\u0119 RMF FM o pot\u0119\u017cnych utrudnieniach na drogach w ca\u0142ym kraju. Apelujemy o zdj\u0119cie nogi z gazu, zwi\u0119kszenie odst\u0119pu od innych pojazd\u00f3w, unikanie gwa\u0142townych manewr\u00f3w i zachowanie szczeg\u00f3lnej ostro\u017cno\u015bci, gdy\u017c na drogach jest bardzo \u015blisko.<\/p>\n<p>Do wypadku dosz\u0142o w pi\u0105tek po godz. 13 na drodze S8 w okolicach miejscowo\u015bci Przewodowice w powiecie rawskim. To odcinek trasy mi\u0119dzy w\u0119z\u0142ami Julian\u00f3w i Babsk. Przyczyn\u0105 karambolu najprawdopodobniej by\u0142a \u015bliska nawierzchnia.<\/p>\n<p>W wypadku uczestniczy\u0142o osiem samochod\u00f3w osobowych. Pojazdami w sumie podr\u00f3\u017cowa\u0142o 20 os\u00f3b. Rannych jest dziewi\u0119\u0107 os\u00f3b, w tym pi\u0119cioro dzieci w wieku 10, 7, 4 oraz 3 lat &#8211; poinformowa\u0142a po godz. 15:00 Komenda Powiatowa Pa\u0144stwowej Stra\u017cy Po\u017carnej w Rawie Mazowieckiej w komunikacie na platformie Facebook. Z kolei Polska Agencja Prasowa poda\u0142a, \u017ce w wypadku uczestniczy\u0142o dziewi\u0119\u0107 pojazd\u00f3w.<\/p>\n<p>Stra\u017cacy kilka os\u00f3b musieli wydoby\u0107 z pojazd\u00f3w &#8211; poinformowa\u0142\u00a0rzecznik komendanta wojew\u00f3dzkiego PSP w \u0141odzi bryg. J\u0119drzej Pawlak.<\/p>\n<p>Trasa do Warszawy zosta\u0142a cz\u0119\u015bciowo odblokowana &#8211; ruch wznowiono pasem awaryjnym, aby roz\u0142adowa\u0107 zator.<\/p>\n<p>Na miejscu wypadku pracuj\u0105 cztery zast\u0119py stra\u017cy po\u017carnej oraz ratownicy medyczni.<\/p>\n<p>                <a href=\"https:\/\/www.rmf24.pl\/pogoda\/news-uwaga-na-gololedz-i-marznace-opady-imgw-ostrzega-samochody-w,nId,8053481\" rel=\"nofollow noopener\" target=\"_blank\">Uwaga na go\u0142oled\u017a i marzn\u0105ce opady. IMGW ostrzega, samochody wypadaj\u0105 z dr\u00f3g<\/a><\/p>\n<p>                                                    <a href=\"https:\/\/www.rmf24.pl\/pogoda\/news-uwaga-na-gololedz-i-marznace-opady-imgw-ostrzega-samochody-w,nId,8053481\" rel=\"nofollow noopener\" target=\"_blank\"><img decoding=\"async\" src=\"https:\/\/www.europesays.com\/pl\/wp-content\/uploads\/2025\/12\/000M4D9QYIKD6P3A-C125.jpg\" alt=\"Uwaga na go\u0142oled\u017a i marzn\u0105ce opady. IMGW ostrzega, samochody wypadaj\u0105 z dr\u00f3g\"\/><\/a><\/p>\n<ul class=\"bullet\">\n<li>Polityka, ekonomia, kultura, sport, pogoda, najnowsze informacje z Polski i ze \u015bwiata &#8211; to wszystko znajdziesz na\u00a0<a href=\"https:\/\/www.rmf24.pl\/\" target=\"_blank\" rel=\"noreferrer noopener nofollow\">RMF24.pl<\/a>. B\u0105d\u017a na bie\u017c\u0105co.<\/li>\n<\/ul>\n","protected":false},"excerpt":{"rendered":"Na drodze ekspresowej S8 pod Raw\u0105 Mazowieck\u0105 w wojew\u00f3dztwie \u0142\u00f3dzkim dosz\u0142o w pi\u0105tek do karambolu. Zderzy\u0142o si\u0119 osiem&hellip;\n","protected":false},"author":2,"featured_media":172462,"comment_status":"","ping_status":"","sticky":false,"template":"","format":"standard","meta":{"footnotes":""},"categories":[5],"tags":[32,33,36,37,27,34,35,28,31,25,42,38,40,39,41,29,30,26],"class_list":{"0":"post-172461","1":"post","2":"type-post","3":"status-publish","4":"format-standard","5":"has-post-thumbnail","7":"category-naglowki","8":"tag-breaking-news","9":"tag-breakingnews","10":"tag-featured-news","11":"tag-featurednews","12":"tag-headlines","13":"tag-latest-news","14":"tag-latestnews","15":"tag-naglowki","16":"tag-najwazniejsze-artykuly","17":"tag-news","18":"tag-pl","19":"tag-poland","20":"tag-polish","21":"tag-polska","22":"tag-polski","23":"tag-top-stories","24":"tag-topstories","25":"tag-wiadomosci"},"share_on_mastodon":{"url":"https:\/\/pubeurope.com\/@pl\/115787135104495000","error":""},"_links":{"self":[{"href":"https:\/\/www.europesays.com\/pl\/wp-json\/wp\/v2\/posts\/172461","targetHints":{"allow":["GET"]}}],"collection":[{"href":"https:\/\/www.europesays.com\/pl\/wp-json\/wp\/v2\/posts"}],"about":[{"href":"https:\/\/www.europesays.com\/pl\/wp-json\/wp\/v2\/types\/post"}],"author":[{"embeddable":true,"href":"https:\/\/www.europesays.com\/pl\/wp-json\/wp\/v2\/users\/2"}],"replies":[{"embeddable":true,"href":"https:\/\/www.europesays.com\/pl\/wp-json\/wp\/v2\/comments?post=172461"}],"version-history":[{"count":0,"href":"https:\/\/www.europesays.com\/pl\/wp-json\/wp\/v2\/posts\/172461\/revisions"}],"wp:featuredmedia":[{"embeddable":true,"href":"https:\/\/www.europesays.com\/pl\/wp-json\/wp\/v2\/media\/172462"}],"wp:attachment":[{"href":"https:\/\/www.europesays.com\/pl\/wp-json\/wp\/v2\/media?parent=172461"}],"wp:term":[{"taxonomy":"category","embeddable":true,"href":"https:\/\/www.europesays.com\/pl\/wp-json\/wp\/v2\/categories?post=172461"},{"taxonomy":"post_tag","embeddable":true,"href":"https:\/\/www.europesays.com\/pl\/wp-json\/wp\/v2\/tags?post=172461"}],"curies":[{"name":"wp","href":"https:\/\/api.w.org\/{rel}","templated":true}]}}