{"id":172493,"date":"2025-12-26T18:05:09","date_gmt":"2025-12-26T18:05:09","guid":{"rendered":"https:\/\/www.europesays.com\/pl\/172493\/"},"modified":"2025-12-26T18:05:09","modified_gmt":"2025-12-26T18:05:09","slug":"robert-lewandowski-mowi-jakie-sa-klara-i-laura-ujawnil-tajemnice","status":"publish","type":"post","link":"https:\/\/www.europesays.com\/pl\/172493\/","title":{"rendered":"Robert Lewandowski m\u00f3wi, jakie s\u0105 Klara i Laura. Ujawni\u0142 tajemnic\u0119"},"content":{"rendered":"<p>Robert i\u00a0Anna Lewandowscy bez w\u0105tpienia nale\u017c\u0105 do grona najpopularniejszych par w\u00a0polskim show-biznesie. Cho\u0107 na co dzie\u0144 mieszkaj\u0105 w\u00a0s\u0142onecznej Hiszpanii, regularnie odwiedzaj\u0105 rodzinne strony. Do ojczyzny zawitali tak\u017ce na \u015bwi\u0119ta, a\u00a0<a href=\"https:\/\/www.pudelek.pl\/anna-lewandowska-pochwalila-sie-choinka-w-warszawskim-apartamencie-na-bogato-foto-7235524941933056a\" rel=\"noopener noreferrer nofollow\" target=\"_blank\">ten fakt udokumentowali w\u00a0sieci. <\/a><\/p>\n<p>Robert Lewandowski jest go\u015bciem pi\u0105tkowego odcinka programu &#8222;Rymanowski Live&#8221;. Jeszcze przed premier\u0105 wywiadu w\u00a0mediach spo\u0142eczno\u015bciowych pojawi\u0142y si\u0119 pierwsze fragmenty rozmowy. Pi\u0142karz otworzy\u0142 si\u0119 na temat c\u00f3rek i\u00a0zosta\u0142 zapytany o\u00a0to, czy jego pociechy r\u00f3\u017cni\u0105 si\u0119 charakterologicznie.<\/p>\n<p>O Jezus, zupe\u0142nie inne s\u0105 &#8211;\u00a0odpar\u0142, po czym dopytywany o\u00a0to, czym Klara i\u00a0Laura si\u0119 od siebie r\u00f3\u017cni\u0105, przyzna\u0142:<\/p>\n<p>Wszystkim. (&#8230;) M\u0142odsza ma wi\u0119kszy luz, starsza jest bardziej emocjonalna. Wygl\u0105dem starsza jest podobna do mnie, ale emocjonalnie i\u00a0z\u00a0charakteru bardziej do Ani. M\u0142odsza jest bardziej z\u00a0charakteru podobna do mnie, ale z\u00a0wygl\u0105du zdecydowanie do Ani. Ale mam nadziej\u0119, \u017ce obie b\u0119d\u0105 podobne z\u00a0wygl\u0105du do Ani. Zar\u00f3wno Klara, jak i\u00a0Laura to s\u0105 super dziewczynki. Wida\u0107 jak one si\u0119 rozwijaj\u0105 i\u00a0to fantastyczne z\u00a0roli rodzica. <\/p>\n","protected":false},"excerpt":{"rendered":"Robert i\u00a0Anna Lewandowscy bez w\u0105tpienia nale\u017c\u0105 do grona najpopularniejszych par w\u00a0polskim show-biznesie. Cho\u0107 na co dzie\u0144 mieszkaj\u0105 w\u00a0s\u0142onecznej&hellip;\n","protected":false},"author":2,"featured_media":172494,"comment_status":"","ping_status":"","sticky":false,"template":"","format":"standard","meta":{"footnotes":""},"categories":[22],"tags":[122,42,38,40,39,41,123],"class_list":{"0":"post-172493","1":"post","2":"type-post","3":"status-publish","4":"format-standard","5":"has-post-thumbnail","7":"category-rozrywka","8":"tag-entertainment","9":"tag-pl","10":"tag-poland","11":"tag-polish","12":"tag-polska","13":"tag-polski","14":"tag-rozrywka"},"share_on_mastodon":{"url":"https:\/\/pubeurope.com\/@pl\/115787197888941829","error":""},"_links":{"self":[{"href":"https:\/\/www.europesays.com\/pl\/wp-json\/wp\/v2\/posts\/172493","targetHints":{"allow":["GET"]}}],"collection":[{"href":"https:\/\/www.europesays.com\/pl\/wp-json\/wp\/v2\/posts"}],"about":[{"href":"https:\/\/www.europesays.com\/pl\/wp-json\/wp\/v2\/types\/post"}],"author":[{"embeddable":true,"href":"https:\/\/www.europesays.com\/pl\/wp-json\/wp\/v2\/users\/2"}],"replies":[{"embeddable":true,"href":"https:\/\/www.europesays.com\/pl\/wp-json\/wp\/v2\/comments?post=172493"}],"version-history":[{"count":0,"href":"https:\/\/www.europesays.com\/pl\/wp-json\/wp\/v2\/posts\/172493\/revisions"}],"wp:featuredmedia":[{"embeddable":true,"href":"https:\/\/www.europesays.com\/pl\/wp-json\/wp\/v2\/media\/172494"}],"wp:attachment":[{"href":"https:\/\/www.europesays.com\/pl\/wp-json\/wp\/v2\/media?parent=172493"}],"wp:term":[{"taxonomy":"category","embeddable":true,"href":"https:\/\/www.europesays.com\/pl\/wp-json\/wp\/v2\/categories?post=172493"},{"taxonomy":"post_tag","embeddable":true,"href":"https:\/\/www.europesays.com\/pl\/wp-json\/wp\/v2\/tags?post=172493"}],"curies":[{"name":"wp","href":"https:\/\/api.w.org\/{rel}","templated":true}]}}