{"id":172503,"date":"2025-12-26T18:10:08","date_gmt":"2025-12-26T18:10:08","guid":{"rendered":"https:\/\/www.europesays.com\/pl\/172503\/"},"modified":"2025-12-26T18:10:08","modified_gmt":"2025-12-26T18:10:08","slug":"potezny-karambol-na-s8-trasa-do-warszawy-zablokowana-onet","status":"publish","type":"post","link":"https:\/\/www.europesays.com\/pl\/172503\/","title":{"rendered":"Pot\u0119\u017cny karambol na S8. Trasa do Warszawy zablokowana &#8211; Onet"},"content":{"rendered":"<ol>\n<li><a href=\"https:\/\/news.google.com\/rss\/articles\/CBMitgFBVV95cUxON0l0eVpKNFJJMTFndkhJQVNUUzQxYjE0RlI4RjFkQTd4djBmcjNpTVFrOEN3eGxmdWF1ZDRiNHB0dmN6VmVhT2M4Uk9LakprazhLOUwtbE5rbS1IUGl1Zjl0TExVa2VqdjA5UkgtX0ZhdkRKRnhyWEh0V2pNRHUwOVV5ZnlRZ0tkOWRscEhCTWlMUTBub2Z2TW9UUlVDaEhEU2J3Rm96a0E1dUgxSEc4dGhHcmNDZw?oc=5\" target=\"_blank\" rel=\"nofollow noopener\">Pot\u0119\u017cny karambol na S8. Trasa do Warszawy zablokowana<\/a>&nbsp;&nbsp;Onet<\/li>\n<li><a href=\"https:\/\/news.google.com\/rss\/articles\/CBMitwFBVV95cUxPRUpxVmd6Y2x3bmNlRHhvN0NuYlNPcGM2RnpQSXhXTVVxdFN4WlR3TDBNbUxEOGJPZkh4OWhiWmNIY1pJOS00OXJUeVhaMDZEZF9VMExzT2pnci00bUR0ZWhIYkVZU1NjSUNJRWF0YWx6bEpVVnZheU1ReW1DeFJHVlhEQVUySEhYWTRYTlA5Rk55ZTh0czQ3WEt2cVdzZHNCNWNfTjYta2QyMnJERjVmTEdJaE1VWGs?oc=5\" target=\"_blank\" rel=\"nofollow noopener\">Karambol na S8, zderzy\u0142o si\u0119 dziewi\u0119\u0107 aut. &#8222;Musieli wydobywa\u0107 ludzi z pojazd\u00f3w&#8221;<\/a>&nbsp;&nbsp;Wydarzenia w INTERIA.PL<\/li>\n<li><a href=\"https:\/\/news.google.com\/rss\/articles\/CBMiygFBVV95cUxPSUdnMWpiZW9RaUhROXR0VGFPMmpFQmlpYWNGMDVmZGtNRFJVSkNOZ0stYWU0Y3dram0zQ2x0R0YwSE5tR3ZaOTJsQUQ1N3JqYmZrUUVXYmhyZEFZVHRJSVpXdEU0NmRCVGtlcGd2Mm9ZMWRrLTdYeEI3ay1aT0lDa2ZremRQNXREWnpvcWJsYWdWTTBLRjVmcUlTU0QzODN6R2s2REVGVkFGUUJmaDNGZ1JIaUY1MjJ6dmN2QUl1dHhTZmJucE5haVF3?oc=5\" target=\"_blank\" rel=\"nofollow noopener\">Wypadek z udzia\u0142em 9 aut na S8. Droga do Warszawy ca\u0142kowicie zablokowana<\/a>&nbsp;&nbsp;Fakt<\/li>\n<li><a href=\"https:\/\/news.google.com\/rss\/articles\/CBMitgFBVV95cUxNampwUlFqUWNidWpyNkhtUlV1ako5UW1PejliUk1EbVYtb0ZpUTA0UXM4OEhzZ1FUNTNxLXJsNlRiUzFxVTc3X09OYXNLZWpDZlFTTmZiNUwySFItcnc4MWEtYUEyVFlYZC1pQXNyZnhKWi14WGF0LWFkRVdmR2pmRE92WWNUSnFxdHlsMEp4ZXd2MWtWbnUxcmtzTVM2b2d2dDlkaVY0bUY5ZGxLSS01NDlQZ0pOdw?oc=5\" target=\"_blank\" rel=\"nofollow noopener\">Karambol na S8. Droga w kierunku Warszawy zablokowana<\/a>&nbsp;&nbsp;Gazeta<\/li>\n<li><a href=\"https:\/\/news.google.com\/rss\/articles\/CBMimAFBVV95cUxNZkN0OHQxb3Y1Y0s1Wi01dV9FUkR3X2IzSGdNbWdVeTVZLUpLUWVpWFM3a2luRDBKczJwUF9vUU9aaUJHbTdmLVdvVHp0azJYY0M2N2VhZlVOOU9pUUIyQ1JUVF9nbjZDYk80ZVl1Tm9kSVI3NGt2M1d2eld4WVhEVUJVT3VkUHdRT2FRQ0VGYTNzLTZjbVBuRg?oc=5\" target=\"_blank\" rel=\"nofollow noopener\">Karambol dziewi\u0119ciu samochod\u00f3w, w\u015br\u00f3d poszkodowanych dzieci<\/a>&nbsp;&nbsp;TVN24<\/li>\n<\/ol>\n","protected":false},"excerpt":{"rendered":"Pot\u0119\u017cny karambol na S8. Trasa do Warszawy zablokowana&nbsp;&nbsp;Onet Karambol na S8, zderzy\u0142o si\u0119 dziewi\u0119\u0107 aut. &#8222;Musieli wydobywa\u0107 ludzi&hellip;\n","protected":false},"author":2,"featured_media":172504,"comment_status":"","ping_status":"","sticky":false,"template":"","format":"standard","meta":{"footnotes":""},"categories":[5],"tags":[32,33,36,37,27,32057,34,35,28,31,53,25,52,68,51,55,42,78,38,40,39,41,5652,47,29,30,65,50,26],"class_list":{"0":"post-172503","1":"post","2":"type-post","3":"status-publish","4":"format-standard","5":"has-post-thumbnail","7":"category-naglowki","8":"tag-breaking-news","9":"tag-breakingnews","10":"tag-featured-news","11":"tag-featurednews","12":"tag-headlines","13":"tag-karambola","14":"tag-latest-news","15":"tag-latestnews","16":"tag-naglowki","17":"tag-najwazniejsze-artykuly","18":"tag-new_header","19":"tag-news","20":"tag-onet3","21":"tag-onet3d","22":"tag-onet3d_2i","23":"tag-phx","24":"tag-pl","25":"tag-pogoda","26":"tag-poland","27":"tag-polish","28":"tag-polska","29":"tag-polski","30":"tag-samochody_samochod_osobowy_ciezarowy_auto_auta_prawo_jazdy_kodeks_drogowy","31":"tag-screening_general","32":"tag-top-stories","33":"tag-topstories","34":"tag-update_me","35":"tag-v2021","36":"tag-wiadomosci"},"share_on_mastodon":{"url":"https:\/\/pubeurope.com\/@pl\/115787217631769031","error":""},"_links":{"self":[{"href":"https:\/\/www.europesays.com\/pl\/wp-json\/wp\/v2\/posts\/172503","targetHints":{"allow":["GET"]}}],"collection":[{"href":"https:\/\/www.europesays.com\/pl\/wp-json\/wp\/v2\/posts"}],"about":[{"href":"https:\/\/www.europesays.com\/pl\/wp-json\/wp\/v2\/types\/post"}],"author":[{"embeddable":true,"href":"https:\/\/www.europesays.com\/pl\/wp-json\/wp\/v2\/users\/2"}],"replies":[{"embeddable":true,"href":"https:\/\/www.europesays.com\/pl\/wp-json\/wp\/v2\/comments?post=172503"}],"version-history":[{"count":0,"href":"https:\/\/www.europesays.com\/pl\/wp-json\/wp\/v2\/posts\/172503\/revisions"}],"wp:featuredmedia":[{"embeddable":true,"href":"https:\/\/www.europesays.com\/pl\/wp-json\/wp\/v2\/media\/172504"}],"wp:attachment":[{"href":"https:\/\/www.europesays.com\/pl\/wp-json\/wp\/v2\/media?parent=172503"}],"wp:term":[{"taxonomy":"category","embeddable":true,"href":"https:\/\/www.europesays.com\/pl\/wp-json\/wp\/v2\/categories?post=172503"},{"taxonomy":"post_tag","embeddable":true,"href":"https:\/\/www.europesays.com\/pl\/wp-json\/wp\/v2\/tags?post=172503"}],"curies":[{"name":"wp","href":"https:\/\/api.w.org\/{rel}","templated":true}]}}