{"id":172531,"date":"2025-12-26T18:26:09","date_gmt":"2025-12-26T18:26:09","guid":{"rendered":"https:\/\/www.europesays.com\/pl\/172531\/"},"modified":"2025-12-26T18:26:09","modified_gmt":"2025-12-26T18:26:09","slug":"nie-maja-watpliwosci-ws-transferow-realu-madryt","status":"publish","type":"post","link":"https:\/\/www.europesays.com\/pl\/172531\/","title":{"rendered":"Nie maj\u0105 w\u0105tpliwo\u015bci ws. transfer\u00f3w Realu Madryt"},"content":{"rendered":"\n<p class=\"contentpart contentpart--default contentpart--text\" data-position=\"0\">Real Madryt nie s\u0142ynie z zimowych transfer\u00f3w i wszystko wskazuje na to, \u017ce w zbli\u017caj\u0105cym si\u0119 okienku b\u0119dzie podobnie. Dobrze zorientowany w sytuacji &#8222;Kr\u00f3lewskich&#8221; dziennikarz\u00a0Mario Cortegana z &#8222;The Athletic&#8221; twierdzi, \u017ce taki wariant jest bardzo ma\u0142o prawdopodobny.<\/p>\n<p class=\"contentpart contentpart--default contentpart--text\" data-position=\"1\">Klub uwa\u017ca, \u017ce mimo paru kontuzji i potraconych punkt\u00f3w w ostatnich tygodniach kadra jest wystarczaj\u0105co silna, by m\u00f3c rywalizowa\u0107 na kilku frontach. Po drugie, w Realu s\u0105 zdania, \u017ce zim\u0105 na rynku transferowym nie ma dobrych opcji. A je\u015bli ju\u017c takowa si\u0119 pojawi, to cena jest mocno wyg\u00f3rowana.<\/p>\n<p> <img role=\"presentation\" src=\"https:\/\/std.wpcdn.pl\/images\/adv\/placeholder_wp.svg\" loading=\"lazy\" alt=\"\" decoding=\"async\"\/>  <\/p>\n<p class=\"contentpart contentpart--default contentpart--text\" data-position=\"2\">Zamiast tego, Real chce ponownie &#8222;zaatakowa\u0107&#8221; letnie okienko. Plany? Przede wszystkim znalezienie \u015brodkowego obro\u0144cy. Klub wykluczy\u0142 opcj\u0119 z Ibrahim\u0105 Konate z Liverpoolu, ponadto z kr\u0119gu zainteresowa\u0144 wypad\u0142 Marc Guehi z Crystal Palace. Zesp\u00f3\u0142 z Madrytu spogl\u0105da\u0142 te\u017c m.in. w kierunku Dayota Upamecano z Bayernu Monachium, natomiast okazuje si\u0119, \u017ce oczekiwania finansowe zawodnika s\u0105 zbyt wysokie.<\/p>\n<p class=\"contentpart contentpart--default contentpart--text\" data-position=\"3\">Opr\u00f3cz stopera, klub szuka te\u017c \u015brodkowego pomocnika. Wspomniane \u017ar\u00f3d\u0142o wymienia tu dwa nazwiska: 21-letniego Adama Whartona (Crystal Palace) oraz 19-letniego Keesa Smita (AZ Alkmaar). Opcj\u0105 pozostaje te\u017c Nico Paz (Como), kt\u00f3rego Real mo\u017ce odkupi\u0107 za 9 mln euro.<\/p>\n<p class=\"contentpart contentpart--default contentpart--text\" data-position=\"4\">Zim\u0105 ma te\u017c nie by\u0107 kolejnych odej\u015b\u0107. Do Olympique Lyon zosta\u0142 wypo\u017cyczony Endrick, ale na tym koniec.<\/p>\n<p class=\"contentpart contentpart--default contentpart--text\" data-position=\"5\">Za p\u00f3\u0142 roku ko\u0144czy si\u0119 za\u015b kontrakt Davida Alaby i nie zostanie przed\u0142u\u017cony. W podobnej sytuacji s\u0105 Antonio Ruediger i Dani Carvajal, natomiast decyzja w ich sprawie zapadnie po analizie wyst\u0119p\u00f3w w rundzie wiosennej.<\/p>\n<p> <img role=\"presentation\" src=\"https:\/\/std.wpcdn.pl\/images\/adv\/placeholder_wp.svg\" loading=\"lazy\" alt=\"\" decoding=\"async\"\/>  <\/p>\n<p class=\"contentpart contentpart--default contentpart--text\" data-position=\"6\">ZOBACZ WIDEO: A\u017c si\u0119 pop\u0142aka\u0142. Tak Boruc wzruszy\u0142 Fabia\u0144skiego<\/p>\n","protected":false},"excerpt":{"rendered":"Real Madryt nie s\u0142ynie z zimowych transfer\u00f3w i wszystko wskazuje na to, \u017ce w zbli\u017caj\u0105cym si\u0119 okienku b\u0119dzie&hellip;\n","protected":false},"author":2,"featured_media":172532,"comment_status":"","ping_status":"","sticky":false,"template":"","format":"standard","meta":{"footnotes":""},"categories":[24],"tags":[33894,33895,573,33896,33892,267,33893,538,694,33262,25508,269,540,278,42,38,40,39,41,692,17424,127,126],"class_list":{"0":"post-172531","1":"post","2":"type-post","3":"status-publish","4":"format-standard","5":"has-post-thumbnail","7":"category-sport","8":"tag-adam-wharton","9":"tag-antonio-ruediger","10":"tag-dani-carvajal","11":"tag-david-alaba","12":"tag-dayot-upamecano","13":"tag-hiszpania","14":"tag-ibrahima-konate","15":"tag-la-liga","16":"tag-madryt","17":"tag-marc-guehi","18":"tag-nico-paz","19":"tag-pilka-nozna","20":"tag-pilka-nozna-w-hiszpanii","21":"tag-pilka-w-europie","22":"tag-pl","23":"tag-poland","24":"tag-polish","25":"tag-polska","26":"tag-polski","27":"tag-real-madryt","28":"tag-santiago-bernabeu-w-madrycie","29":"tag-sport","30":"tag-sports"},"share_on_mastodon":{"url":"https:\/\/pubeurope.com\/@pl\/115787280696879194","error":""},"_links":{"self":[{"href":"https:\/\/www.europesays.com\/pl\/wp-json\/wp\/v2\/posts\/172531","targetHints":{"allow":["GET"]}}],"collection":[{"href":"https:\/\/www.europesays.com\/pl\/wp-json\/wp\/v2\/posts"}],"about":[{"href":"https:\/\/www.europesays.com\/pl\/wp-json\/wp\/v2\/types\/post"}],"author":[{"embeddable":true,"href":"https:\/\/www.europesays.com\/pl\/wp-json\/wp\/v2\/users\/2"}],"replies":[{"embeddable":true,"href":"https:\/\/www.europesays.com\/pl\/wp-json\/wp\/v2\/comments?post=172531"}],"version-history":[{"count":0,"href":"https:\/\/www.europesays.com\/pl\/wp-json\/wp\/v2\/posts\/172531\/revisions"}],"wp:featuredmedia":[{"embeddable":true,"href":"https:\/\/www.europesays.com\/pl\/wp-json\/wp\/v2\/media\/172532"}],"wp:attachment":[{"href":"https:\/\/www.europesays.com\/pl\/wp-json\/wp\/v2\/media?parent=172531"}],"wp:term":[{"taxonomy":"category","embeddable":true,"href":"https:\/\/www.europesays.com\/pl\/wp-json\/wp\/v2\/categories?post=172531"},{"taxonomy":"post_tag","embeddable":true,"href":"https:\/\/www.europesays.com\/pl\/wp-json\/wp\/v2\/tags?post=172531"}],"curies":[{"name":"wp","href":"https:\/\/api.w.org\/{rel}","templated":true}]}}