{"id":172542,"date":"2025-12-26T18:32:13","date_gmt":"2025-12-26T18:32:13","guid":{"rendered":"https:\/\/www.europesays.com\/pl\/172542\/"},"modified":"2025-12-26T18:32:13","modified_gmt":"2025-12-26T18:32:13","slug":"atak-nozownika-w-japonii-co-najmniej-15-osob-zostalo-rannych-onet","status":"publish","type":"post","link":"https:\/\/www.europesays.com\/pl\/172542\/","title":{"rendered":"Atak no\u017cownika w Japonii. Co najmniej 15 os\u00f3b zosta\u0142o rannych &#8211; Onet"},"content":{"rendered":"<ol>\n<li><a href=\"https:\/\/news.google.com\/rss\/articles\/CBMiwAFBVV95cUxNWURFcnNMOUZ3NkhybnplT015R2NSaDZuVklIdEdfa215LTJFdk9FeVFKSjVIbW1PTDRvWUFwUVdEX3lBZXhqMEVJYm1xUGlOcW9HVFkyVHBIU2xOWXVteWdmLWc0b1Q3WWhtam1kNjFyUzJlaVNYc19Ec25UWVZTd01mLTRPYzF3Z3gzWElvcVZ3Q3VreTgyY3Bpa2lQTWRMT3k3MXp3azFPSmdxaG1pb2lkRGpreE9YTUZZeTRnemg?oc=5\" target=\"_blank\" rel=\"nofollow noopener\">Atak no\u017cownika w Japonii. Co najmniej 15 os\u00f3b zosta\u0142o rannych<\/a>&nbsp;&nbsp;Onet<\/li>\n<li><a href=\"https:\/\/news.google.com\/rss\/articles\/CBMitAFBVV95cUxPUDl5RGhPQzBtUkRKQXVGWmpnTlc1VW5lZ3F2RWFBRnAtcDd5dERsbDlQSjlQM3A2b0VrSmROU183T04ybHRQUG1PMmF4aTJsc0JIRWJ3cjFUZXF1cWN5NnhUbEZMNVM0UGRxakM0VU0tcUJ1bEZyLTN4eXd0Vkk4QkxIS2ZBRFgyNG1BdVdLUERRZHRWcmdMZkRjTm1EOUFLa0tydXNoWmVUcmJndFZlMEwyWks?oc=5\" target=\"_blank\" rel=\"nofollow noopener\">Atak w fabryce opon w Japonii. 14 os\u00f3b rannych, napastnik u\u017cy\u0142 no\u017ca i nieznanej cieczy<\/a>&nbsp;&nbsp;Wydarzenia w INTERIA.PL<\/li>\n<li><a href=\"https:\/\/news.google.com\/rss\/articles\/CBMipAFBVV95cUxNVkRBcEFoRWplc0tBcERUbENrSG8tcEtWVWxremZBYkk5QktRd0RwYU1rOHhORWwyV0k4WFEtMEx5Z0ZtTHdEZG0wN2VjR1ozT01XMVdkOC1Sd2UyUFpNUzM0VWhqMDRqU3lscV9nby0xajNhc01LTWtvMElMajZfazVHS2JDWnpLMUM0UEwyMXpTb21UazNoVHlRSjFIdmNWZFotXw?oc=5\" target=\"_blank\" rel=\"nofollow noopener\">Co najmniej 15 os\u00f3b rannych w ataku no\u017cownika w fabryce opon w Japonii<\/a>&nbsp;&nbsp;Wyborcza.pl<\/li>\n<li><a href=\"https:\/\/news.google.com\/rss\/articles\/CBMiowFBVV95cUxOOFk5WEE5dzhRMEJjRXh5dWt1VUw3Y2lzUzBHZW92RlhzaWFIWFNBQk44Vy1ESUVwSlJyS1NMblh6Y0V1MWRucUdhRGpIS1c3NFRCVzZYTEpZMUIxU29GYUJXbWhEWUFLUDZ5YkdyVW45bmJSMEVCMUNGWDhDS3lNem9FdmZLWGVaNXdSUXFyR01LTTNWSml0Ymo5Y2ZnTHA3eDFZ?oc=5\" target=\"_blank\" rel=\"nofollow noopener\">Atak no\u017cownika w japo\u0144skiej fabryce. 15 os\u00f3b rannych<\/a>&nbsp;&nbsp;RMF24<\/li>\n<li><a href=\"https:\/\/news.google.com\/rss\/articles\/CBMimwFBVV95cUxOZEVaRHdKMWRjT1BmLTRtcHRiWF9kd0hrMEstUk1qbHE2aFc5Qjc5Nnl4NkNxbFphaGN4ak5LbVo5aGlUMnd0VFNfVzZ1ajVWSkY3NFdDWnUtaG5ld1hoYnlzT2RmX1YwbGYtWVdFYldwZjBDeG1iZ01hOGhOQVgwTE5JYlhqVm1mM0F1N1BTTUlWUXN5TGFqcVJBbw?oc=5\" target=\"_blank\" rel=\"nofollow noopener\">Japonia. Atak no\u017cownika w fabryce opon. Kilkana\u015bcie os\u00f3b rannych<\/a>&nbsp;&nbsp;TVN24<\/li>\n<\/ol>\n","protected":false},"excerpt":{"rendered":"Atak no\u017cownika w Japonii. Co najmniej 15 os\u00f3b zosta\u0142o rannych&nbsp;&nbsp;Onet Atak w fabryce opon w Japonii. 14 os\u00f3b&hellip;\n","protected":false},"author":2,"featured_media":172543,"comment_status":"","ping_status":"","sticky":false,"template":"","format":"standard","meta":{"footnotes":""},"categories":[5],"tags":[7985,32,33,36,37,27,67,8285,34,35,33898,28,31,3773,53,25,8342,52,68,51,55,42,38,40,39,41,4085,47,29,30,65,50,26,14428],"class_list":{"0":"post-172542","1":"post","2":"type-post","3":"status-publish","4":"format-standard","5":"has-post-thumbnail","7":"category-naglowki","8":"tag-atak_nozownika","9":"tag-breaking-news","10":"tag-breakingnews","11":"tag-featured-news","12":"tag-featurednews","13":"tag-headlines","14":"tag-intextvideo_splayer","15":"tag-japonia_kraj","16":"tag-latest-news","17":"tag-latestnews","18":"tag-mishima","19":"tag-naglowki","20":"tag-najwazniejsze-artykuly","21":"tag-napastnik","22":"tag-new_header","23":"tag-news","24":"tag-nozownik","25":"tag-onet3","26":"tag-onet3d","27":"tag-onet3d_2i","28":"tag-phx","29":"tag-pl","30":"tag-poland","31":"tag-polish","32":"tag-polska","33":"tag-polski","34":"tag-ranni","35":"tag-screening_general","36":"tag-top-stories","37":"tag-topstories","38":"tag-update_me","39":"tag-v2021","40":"tag-wiadomosci","41":"tag-zatrzymania"},"share_on_mastodon":{"url":"https:\/\/pubeurope.com\/@pl\/115787303814750139","error":""},"_links":{"self":[{"href":"https:\/\/www.europesays.com\/pl\/wp-json\/wp\/v2\/posts\/172542","targetHints":{"allow":["GET"]}}],"collection":[{"href":"https:\/\/www.europesays.com\/pl\/wp-json\/wp\/v2\/posts"}],"about":[{"href":"https:\/\/www.europesays.com\/pl\/wp-json\/wp\/v2\/types\/post"}],"author":[{"embeddable":true,"href":"https:\/\/www.europesays.com\/pl\/wp-json\/wp\/v2\/users\/2"}],"replies":[{"embeddable":true,"href":"https:\/\/www.europesays.com\/pl\/wp-json\/wp\/v2\/comments?post=172542"}],"version-history":[{"count":0,"href":"https:\/\/www.europesays.com\/pl\/wp-json\/wp\/v2\/posts\/172542\/revisions"}],"wp:featuredmedia":[{"embeddable":true,"href":"https:\/\/www.europesays.com\/pl\/wp-json\/wp\/v2\/media\/172543"}],"wp:attachment":[{"href":"https:\/\/www.europesays.com\/pl\/wp-json\/wp\/v2\/media?parent=172542"}],"wp:term":[{"taxonomy":"category","embeddable":true,"href":"https:\/\/www.europesays.com\/pl\/wp-json\/wp\/v2\/categories?post=172542"},{"taxonomy":"post_tag","embeddable":true,"href":"https:\/\/www.europesays.com\/pl\/wp-json\/wp\/v2\/tags?post=172542"}],"curies":[{"name":"wp","href":"https:\/\/api.w.org\/{rel}","templated":true}]}}