{"id":172555,"date":"2025-12-26T18:39:11","date_gmt":"2025-12-26T18:39:11","guid":{"rendered":"https:\/\/www.europesays.com\/pl\/172555\/"},"modified":"2025-12-26T18:39:11","modified_gmt":"2025-12-26T18:39:11","slug":"incydent-z-balonami-nad-polska-ekspert-mowi-wprost-data-nie-jest-przypadkowa","status":"publish","type":"post","link":"https:\/\/www.europesays.com\/pl\/172555\/","title":{"rendered":"Incydent z balonami nad Polsk\u0105. Ekspert m\u00f3wi wprost: data nie jest przypadkowa"},"content":{"rendered":"<ul class=\"UnorderedList_container__nmfSl\">\n<li class=\"UnorderedList_listElement__Py7xi\" data-id=\"ai-summary-link\">Du\u017co czytania, a ma\u0142o czasu? Sprawd\u017a\u00a0skr\u00f3t\u00a0artyku\u0142u<\/li>\n<\/ul>\n<p class=\"Paragraph_desktopParagraph__U31Gm\">Jak poinformowa\u0142y s\u0142u\u017cby, w Wigili\u0119 o godz. 21 z terytorium Bia\u0142orusi nad Polsk\u0119 wlecia\u0142o kilkadziesi\u0105t balon\u00f3w przemytniczych.<\/p>\n<p class=\"Paragraph_desktopParagraph__U31Gm\">Wojsko poda\u0142o ponadto, \u017ce w czwartek rano polskie my\u015bliwce przechwyci\u0142y i eskortowa\u0142y rosyjski samolot rozpoznawczy, kt\u00f3ry wykonywa\u0142 lot nad Ba\u0142tykiem, w pobli\u017cu granic przestrzeni powietrznej RP.<\/p>\n<p class=\"VideoPlayerText_videoPlayerText__iDwyz\">Dalszy ci\u0105g materia\u0142u pod wideo<\/p>\n<ul class=\"OchatFollowUps_wrapper__1ry7X\">\n<li class=\"OchatFollowUps_item__Dhyly OchatFollowUps_itemDesktop__R6aBv\">Kiedy mia\u0142 miejsce incydent z balonami nad Polsk\u0105?<\/li>\n<li class=\"OchatFollowUps_item__Dhyly OchatFollowUps_itemDesktop__R6aBv\">Jakie by\u0142y wcze\u015bniejsze incydenty z dronami?<\/li>\n<li class=\"OchatFollowUps_item__Dhyly OchatFollowUps_itemDesktop__R6aBv\">Jak Polska zareagowa\u0142a na incydent z balonami?<\/li>\n<li class=\"OchatFollowUps_item__Dhyly OchatFollowUps_itemDesktop__R6aBv\">Dlaczego wyb\u00f3r daty incydentu jest nieprzypadkowy?<\/li>\n<\/ul>\n<p>&#8222;Wyb\u00f3r \u015bwi\u0105t jest absolutnie nieprzypadkowy&#8221; <\/p>\n<p class=\"Paragraph_desktopParagraph__U31Gm\">Ca\u0142\u0105 sytuacj\u0119 w rozmowie z Onetem ocenia <a href=\"https:\/\/wiadomosci.onet.pl\/trojmiasto\/polska-armia-nieprzygotowana-do-walki-dronami-to-jest-grzech-zaniechania\/ylrvecq\" id=\"443197f0-aadb-493b-afc1-43112aad320c\" rel=\"nofollow noopener\" target=\"_blank\">kpt rez. Maciej Lisowski<\/a>, ekspert do spraw dron\u00f3w i system\u00f3w antydronowych. Przypomina, \u017ce we wrze\u015bniu mieli\u015bmy do czynienia z du\u017co powa\u017cniejszym incydentem, gdzie w <a href=\"https:\/\/www.onet.pl\/informacje\/onetwiadomosci\/rosyjskie-drony-nad-polska-wszystko-co-wiemy-do-tej-pory\/5f5hyr2,79cfc278\" id=\"1a5605a9-5fa6-44eb-80e7-d603e038fd4d\" rel=\"nofollow noopener\" target=\"_blank\">trakcie ataku Federacji Rosyjskiej na Ukrain\u0119 polska przestrze\u0144 powietrzna zosta\u0142a wielokrotnie naruszona przez drony<\/a>.<\/p>\n<p class=\"Paragraph_desktopParagraph__U31Gm\">Ekspert m\u00f3wi, \u017ce od tego czasu &#8222;Polska podj\u0119\u0142a ju\u017c decyzje dotycz\u0105ce tego, \u017ce deleguje uprawnienia tak, by szybciej reagowa\u0107 na takie sytuacje&#8221;. <\/p>\n<p class=\"Paragraph_desktopParagraph__U31Gm\">\u2014 W zwi\u0105zku z tym z 24 na 25 grudnia poderwano nasze lotnictwo my\u015bliwskie. Na radarach obserwowano rozw\u00f3j sytuacji \u2014 wskazuje.<\/p>\n<p class=\"Paragraph_desktopParagraph__U31Gm\">Analityk przypomina, \u017ce wcze\u015bniej z terytorium Bia\u0142orusi puszczano w du\u017cych ilo\u015bciach balony meteorologiczne\/przemytnicze w kierunku Litwy. \u2014 Litwa podj\u0119\u0142a do\u015b\u0107 radykalne kroki i zacz\u0119\u0142a je zestrzeliwa\u0107. Teraz tego samego Bia\u0142orusini spr\u00f3bowali z Polsk\u0105 \u2014 podkre\u015bla.<\/p>\n<p class=\"Paragraph_desktopParagraph__U31Gm\">\u2014 Wyb\u00f3r \u015bwi\u0105t w katolickim kalendarzu jest absolutnie nieprzypadkowy. Spodziewali\u015bmy si\u0119 atak\u00f3w dron\u00f3w rosyjskich na Ukrain\u0119 w czasie \u015bwi\u0105t i jeden taki atak ju\u017c by\u0142. Ponadto by\u0142y te\u017c standardowe mniejsze ataki, ale ci\u0105gle Rosjanie zbieraj\u0105 jeszcze si\u0142y. W tej sytuacji nie dziwi, \u017ce r\u00f3wnie\u017c Bia\u0142oru\u015b postanowi\u0142a si\u0119 wykaza\u0107 wzgl\u0119dem swoich mocodawc\u00f3w z Kremla. I tym razem pu\u015bcili te balony nad Polsk\u0119 \u2014 komentuje.<\/p>\n<p>&#8222;Nie reagowali\u015bmy przesadnie&#8221; <\/p>\n<p class=\"Paragraph_desktopParagraph__U31Gm\">Kpt. Lisowski jest zdania, \u017ce teraz Polska zareagowa\u0142a znacznie skuteczniej ni\u017c podczas wrze\u015bniowego incydentu z rosyjskimi dronami. \u2014 Mieli\u015bmy od razu informacj\u0119 o tych obiektach. Cho\u0107 nie s\u0105 to obiekty tak \u0142atwe do znalezienia w powietrzu, jak maj\u0105ce metalowe elementy drony. Tutaj jednak te balony uda\u0142o si\u0119 wykry\u0107 odpowiednio wcze\u015bniej. Nie reagowali\u015bmy te\u017c przesadnie, nie ponosili\u015bmy zb\u0119dnych koszt\u00f3w. Opr\u00f3cz oczywi\u015bcie poderwania naszych par dy\u017curnych \u2014 akcentuje.<\/p>\n<p class=\"Paragraph_desktopParagraph__U31Gm\">Polski wojskowy m\u00f3wi, do czego m\u00f3g\u0142 s\u0142u\u017cy\u0107 Rosji taki incydent. \u2014 Wypuszcza si\u0119 balony, nawet bez \u0142adunku, ale na przyk\u0142ad z jakiego\u015b rodzaju emiterami, kt\u00f3re pokazuj\u0105, jak g\u0142\u0119boko wlec\u0105 one w nasz\u0105 przestrze\u0144. Puszcza si\u0119 je z wiatrem i one same w sobie nie tworz\u0105 realnego zagro\u017cenia. Ale w kraju rodzi si\u0119 nerwowa sytuacja, obywatele si\u0119 niepokoj\u0105. Szczeg\u00f3lnie ci mieszkaj\u0105cy przy granicy z Bia\u0142orusi\u0105.<\/p>\n<p class=\"Paragraph_desktopParagraph__U31Gm\">\u2014 Chodzi tu przede wszystkim o efekt, \u017ce Rosjanie robi\u0105, co chc\u0105, nawet w nasze \u015bwi\u0119ta. I \u017ce musimy ca\u0142y czas trzyma\u0107 nasze si\u0142y i \u015brodki do ochrony granic i przestrzeni powietrznej w gotowo\u015bci \u2014 dodaje.<\/p>\n<p class=\"Paragraph_desktopParagraph__U31Gm\">Kpt Lisowski podkre\u015bla, \u017ce w ostatnich miesi\u0105cach w Polsce zasz\u0142y zmiany na lepsze, je\u015bli chodzi o zwi\u0119kszenie ochrony powietrznej.<\/p>\n<p class=\"Paragraph_desktopParagraph__U31Gm\">\u2014 W kilku miejscach w Polsce by\u0142y ju\u017c testy pasywnych system\u00f3w wykrywania dron\u00f3w oraz otwarto dwie pierwsze lokalizacje, na kt\u00f3rych stoj\u0105 wie\u017ce z systemami wykrywania. S\u0105 dodatkowe \u015brodki zar\u00f3wno radiolokacyjne, jak i wielospektralne g\u0142owice s\u0142u\u017c\u0105ce do obserwacji. B\u0119dzie ich znacznie wi\u0119cej wzd\u0142u\u017c ca\u0142ej granicy z Bia\u0142orusi\u0105 \u2014 zauwa\u017ca.<\/p>\n<p class=\"Paragraph_desktopParagraph__U31Gm\">Polski wojskowy m\u00f3wi, \u017ce z czasem &#8222;b\u0119dziemy w stanie w coraz wi\u0119kszym stopniu obserwowa\u0107 aktywno\u015b\u0107 bia\u0142orusko-rosyjsk\u0105 ju\u017c w pobli\u017cu granicy, jeszcze na ich terytorium. \u2014 I b\u0119dziemy mogli na ni\u0105 szybciej reagowa\u0107. Zbudowanie takiego systemu to jednak proces i to jeszcze potrwa \u2014 puentuje.<\/p>\n","protected":false},"excerpt":{"rendered":"Du\u017co czytania, a ma\u0142o czasu? Sprawd\u017a\u00a0skr\u00f3t\u00a0artyku\u0142u Jak poinformowa\u0142y s\u0142u\u017cby, w Wigili\u0119 o godz. 21 z terytorium Bia\u0142orusi nad&hellip;\n","protected":false},"author":2,"featured_media":172556,"comment_status":"","ping_status":"","sticky":false,"template":"","format":"standard","meta":{"footnotes":""},"categories":[5],"tags":[864,32,33,165,36,37,66,27,67,34,35,28,31,53,25,52,68,51,55,42,38,40,39,2847,41,62,47,29,30,50,26],"class_list":{"0":"post-172555","1":"post","2":"type-post","3":"status-publish","4":"format-standard","5":"has-post-thumbnail","7":"category-naglowki","8":"tag-bialorus_bialorusin_bialorusinka_bialorusini","9":"tag-breaking-news","10":"tag-breakingnews","11":"tag-drony_dron","12":"tag-featured-news","13":"tag-featurednews","14":"tag-give_me_perspective","15":"tag-headlines","16":"tag-intextvideo_splayer","17":"tag-latest-news","18":"tag-latestnews","19":"tag-naglowki","20":"tag-najwazniejsze-artykuly","21":"tag-new_header","22":"tag-news","23":"tag-onet3","24":"tag-onet3d","25":"tag-onet3d_2i","26":"tag-phx","27":"tag-pl","28":"tag-poland","29":"tag-polish","30":"tag-polska","31":"tag-polska_polak_polka_polacy_polki","32":"tag-polski","33":"tag-rosja_kraj_rosjanin_rosjanie_rosjanka_rosjanki","34":"tag-screening_general","35":"tag-top-stories","36":"tag-topstories","37":"tag-v2021","38":"tag-wiadomosci"},"share_on_mastodon":{"url":"","error":"Validation failed: Text character limit of 500 exceeded"},"_links":{"self":[{"href":"https:\/\/www.europesays.com\/pl\/wp-json\/wp\/v2\/posts\/172555","targetHints":{"allow":["GET"]}}],"collection":[{"href":"https:\/\/www.europesays.com\/pl\/wp-json\/wp\/v2\/posts"}],"about":[{"href":"https:\/\/www.europesays.com\/pl\/wp-json\/wp\/v2\/types\/post"}],"author":[{"embeddable":true,"href":"https:\/\/www.europesays.com\/pl\/wp-json\/wp\/v2\/users\/2"}],"replies":[{"embeddable":true,"href":"https:\/\/www.europesays.com\/pl\/wp-json\/wp\/v2\/comments?post=172555"}],"version-history":[{"count":0,"href":"https:\/\/www.europesays.com\/pl\/wp-json\/wp\/v2\/posts\/172555\/revisions"}],"wp:featuredmedia":[{"embeddable":true,"href":"https:\/\/www.europesays.com\/pl\/wp-json\/wp\/v2\/media\/172556"}],"wp:attachment":[{"href":"https:\/\/www.europesays.com\/pl\/wp-json\/wp\/v2\/media?parent=172555"}],"wp:term":[{"taxonomy":"category","embeddable":true,"href":"https:\/\/www.europesays.com\/pl\/wp-json\/wp\/v2\/categories?post=172555"},{"taxonomy":"post_tag","embeddable":true,"href":"https:\/\/www.europesays.com\/pl\/wp-json\/wp\/v2\/tags?post=172555"}],"curies":[{"name":"wp","href":"https:\/\/api.w.org\/{rel}","templated":true}]}}