{"id":172593,"date":"2025-12-26T18:58:10","date_gmt":"2025-12-26T18:58:10","guid":{"rendered":"https:\/\/www.europesays.com\/pl\/172593\/"},"modified":"2025-12-26T18:58:10","modified_gmt":"2025-12-26T18:58:10","slug":"znamy-termin-spotkania-zelenskiego-z-trumpem-oficjalne-informacje","status":"publish","type":"post","link":"https:\/\/www.europesays.com\/pl\/172593\/","title":{"rendered":"Znamy termin spotkania Ze\u0142enskiego z Trumpem. Oficjalne informacje"},"content":{"rendered":"\n<p class=\"article_p\" data-section=\"detail-body\">Zapowied\u017a spotkania wskazuje na post\u0119p w negocjacjach na temat planu pokojowego Trumpa dla Ukrainy \u2014 oceni\u0142 Ravid. Spotkanie ma dotyczy\u0107 projektu porozumienia pokojowego, gwarancji bezpiecze\u0144stwa i mo\u017cliwo\u015bci wywarcia presji na Moskw\u0119.<\/p>\n<p class=\"article_p\" data-section=\"detail-body\">Termin ustalono na najbli\u017csz\u0105 niedziel\u0119, co potwierdzi\u0142 Wo\u0142odymyr Ze\u0142anski. \u2014 My\u015bl\u0119, \u017ce spotkanie z prezydentem Trumpem odb\u0119dzie si\u0119 w niedziel\u0119 na Florydzie \u2014 powiedzia\u0142 Ze\u0142enski, cytowany przez Ukrinform.<\/p>\n<p class=\"article_p\" data-section=\"detail-body\">Przedmiotem rozm\u00f3w ma by\u0107 projekt dokumentu o zako\u0144czeniu wojny, a tak\u017ce gwarancje bezpiecze\u0144stwa oraz m.in. umowa gospodarcza.<\/p>\n<p>            Czytaj tak\u017ce w BUSINESS INSIDER<\/p>\n<p class=\"article_p\" data-section=\"detail-body\">Jak podkre\u015bli\u0142 ukrai\u0144ski prezydent, poruszy on z Trumpem kwestie, w kt\u00f3rych nie osi\u0105gni\u0119to dot\u0105d kompromisu.<\/p>\n<p>        Plan pokojowy Rosja-Ukraina<\/p>\n<p class=\"article_p\" data-section=\"detail-body\">We wpisie na platformie X ukrai\u0144ski przyw\u00f3dca zauwa\u017cy\u0142, \u017ce cho\u0107 nadal tocz\u0105 si\u0119 prace nad ustaleniami we wra\u017cliwych kwestiach, to &#8222;niekt\u00f3re dokumenty s\u0105 prawie gotowe, a inne s\u0105 w pe\u0142ni przygotowane&#8221;. &#8222;Ale razem z ameryka\u0144skim zespo\u0142em wiemy, jak to wszystko zorganizowa\u0107. Nadchodz\u0105ce tygodnie r\u00f3wnie\u017c mog\u0105 by\u0107 intensywne. Dzi\u0119kujemy, Ameryko!&#8221; \u2014 doda\u0142.<\/p>\n<p class=\"article_p\" data-section=\"detail-body\">Czytaj te\u017c: <a href=\"https:\/\/businessinsider.com.pl\/wiadomosci\/usa-i-ukraina-mowia-o-prawdziwym-postepie-w-rozmowach-pokojowych-ale-sa-tez\/7cyb6m2\" id=\"155fc534-cb9c-4764-b72c-3d89fbd8a532\" rel=\"nofollow noopener\" target=\"_blank\">Rosja mo\u017ce zgodzi\u0107 si\u0119 na UE dla Ukrainy. Rozmowy o pokoju w Berlinie<\/a><\/p>\n<p class=\"article_p\" data-section=\"detail-body\">W \u015brod\u0119 prezydent Ukrainy przedstawi\u0142 now\u0105, 20-punktow\u0105 propozycj\u0119 planu pokojowego opracowan\u0105 przez USA, kt\u00f3ra jest wynikiem konsultacji ze stronami konfliktu. Przewiduje on m.in. ponowne potwierdzenie suwerennego statusu Ukrainy, zamro\u017cenie konfliktu na obecnych liniach kontaktowych, solidny pakiet rozwojowy dla Ukrainy, dzia\u0142ania na rzecz odbudowy kraju, przyspieszenie procesu zawarcia porozumienia o wolnym handlu Ukrainy z USA oraz wybory w kraju w jak najkr\u00f3tszym mo\u017cliwym terminie po zako\u0144czeniu wojny.<\/p>\n<p class=\"article_p\" data-section=\"detail-body\">Zarazem, jak zwr\u00f3ci\u0142a uwag\u0119 agencja AFP, \u017caden z punkt\u00f3w nie proponuje rozwi\u0105zania problemu okupowanych przez Rosj\u0119 terytori\u00f3w Ukrainy.<\/p>\n<p class=\"article_p\" data-section=\"detail-body\">Ze\u0142enski o\u015bwiadczy\u0142, \u017ce porozumienie w sprawie zako\u0144czenia wojny w Ukrainie b\u0119dzie umow\u0105 mi\u0119dzy USA, Ukrain\u0105, Europ\u0105 i Rosj\u0105. Jak doda\u0142, przyst\u0105pienie Ukrainy do NATO pozostaje decyzj\u0105 pa\u0144stw cz\u0142onkowskich Sojuszu, ale Kij\u00f3w nie zrezygnuje z tej perspektywy.<\/p>\n<p>        Putin otwarty na wymian\u0119 terytori\u00f3w<\/p>\n<p class=\"article_p\" data-section=\"detail-body\">Rosyjska gazeta &#8222;Kommiersant&#8221; poda\u0142a wcze\u015bniej w pi\u0105tek, \u017ce na spotkaniu z czo\u0142owymi rosyjskimi biznesmenami 24 grudnia Putin powiedzia\u0142, \u017ce mo\u017ce by\u0107 otwarty na wymian\u0119 cz\u0119\u015bci terytori\u00f3w kontrolowanych przez wojska rosyjskie w Ukrainie, ale chce, by Rosja przej\u0119\u0142a ca\u0142y Donbas.<\/p>\n<p class=\"article_p\" data-section=\"detail-body\">Zapytany o ten artyku\u0142, Pieskow powiedzia\u0142, \u017ce temat rozm\u00f3w pokojowych om\u00f3wiono na temtym spotkaniu &#8222;og\u00f3lnie&#8221;. Nie poda\u0142 \u017cadnych szczeg\u00f3\u0142\u00f3w na temat tego, co by\u0142o przedmiotem rozm\u00f3w.<\/p>\n","protected":false},"excerpt":{"rendered":"Zapowied\u017a spotkania wskazuje na post\u0119p w negocjacjach na temat planu pokojowego Trumpa dla Ukrainy \u2014 oceni\u0142 Ravid. Spotkanie&hellip;\n","protected":false},"author":2,"featured_media":172594,"comment_status":"","ping_status":"","sticky":false,"template":"","format":"standard","meta":{"footnotes":""},"categories":[14],"tags":[32,33,27,34,35,28,31,25,40,41,80,29,30,26,82,83,84],"class_list":{"0":"post-172593","1":"post","2":"type-post","3":"status-publish","4":"format-standard","5":"has-post-thumbnail","7":"category-swiat","8":"tag-breaking-news","9":"tag-breakingnews","10":"tag-headlines","11":"tag-latest-news","12":"tag-latestnews","13":"tag-naglowki","14":"tag-najwazniejsze-artykuly","15":"tag-news","16":"tag-polish","17":"tag-polski","18":"tag-swiat","19":"tag-top-stories","20":"tag-topstories","21":"tag-wiadomosci","22":"tag-world","23":"tag-world-news","24":"tag-worldnews"},"share_on_mastodon":{"url":"https:\/\/pubeurope.com\/@pl\/115787406155450789","error":""},"_links":{"self":[{"href":"https:\/\/www.europesays.com\/pl\/wp-json\/wp\/v2\/posts\/172593","targetHints":{"allow":["GET"]}}],"collection":[{"href":"https:\/\/www.europesays.com\/pl\/wp-json\/wp\/v2\/posts"}],"about":[{"href":"https:\/\/www.europesays.com\/pl\/wp-json\/wp\/v2\/types\/post"}],"author":[{"embeddable":true,"href":"https:\/\/www.europesays.com\/pl\/wp-json\/wp\/v2\/users\/2"}],"replies":[{"embeddable":true,"href":"https:\/\/www.europesays.com\/pl\/wp-json\/wp\/v2\/comments?post=172593"}],"version-history":[{"count":0,"href":"https:\/\/www.europesays.com\/pl\/wp-json\/wp\/v2\/posts\/172593\/revisions"}],"wp:featuredmedia":[{"embeddable":true,"href":"https:\/\/www.europesays.com\/pl\/wp-json\/wp\/v2\/media\/172594"}],"wp:attachment":[{"href":"https:\/\/www.europesays.com\/pl\/wp-json\/wp\/v2\/media?parent=172593"}],"wp:term":[{"taxonomy":"category","embeddable":true,"href":"https:\/\/www.europesays.com\/pl\/wp-json\/wp\/v2\/categories?post=172593"},{"taxonomy":"post_tag","embeddable":true,"href":"https:\/\/www.europesays.com\/pl\/wp-json\/wp\/v2\/tags?post=172593"}],"curies":[{"name":"wp","href":"https:\/\/api.w.org\/{rel}","templated":true}]}}