{"id":172621,"date":"2025-12-26T19:15:09","date_gmt":"2025-12-26T19:15:09","guid":{"rendered":"https:\/\/www.europesays.com\/pl\/172621\/"},"modified":"2025-12-26T19:15:09","modified_gmt":"2025-12-26T19:15:09","slug":"skandal-z-udzialem-wicemistrzow-polski-jest-oswiadczenie-klubu","status":"publish","type":"post","link":"https:\/\/www.europesays.com\/pl\/172621\/","title":{"rendered":"Skandal z udzia\u0142em wicemistrz\u00f3w Polski. Jest o\u015bwiadczenie klubu"},"content":{"rendered":"\n<p class=\"contentpart contentpart--default contentpart--text\" data-position=\"0\">Siatkarze <a href=\"https:\/\/sportowefakty.wp.pl\/siatkowka\/aluron-warta-zawiercie\" rel=\"nofollow noopener\" target=\"_blank\">Aluronu CMC Warty Zawiercie<\/a>\u00a0debiutancki wyst\u0119p w Klubowych Mistrzostwach \u015awiata zako\u0144czyli zdobyciem br\u0105zowego medalu. Przy okazji pobytu w Ameryce Po\u0142udniowej, zawodnicy ekipy <a href=\"https:\/\/sportowefakty.wp.pl\/siatkowka\/michal-winiarski\" rel=\"nofollow noopener\" target=\"_blank\">Micha\u0142a Winiarskiego<\/a>\u00a0nagrali teledysk pt. &#8222;It&#8217;s Beginning to Look a Lot like Christmas&#8221;.<\/p>\n<p class=\"contentpart contentpart--default contentpart--text\" data-position=\"1\">Wideo, kt\u00f3re zosta\u0142o opublikowane w serwisach spo\u0142eczno\u015bciowych ekipy wicemistrza Polski, z za\u0142o\u017cenia mia\u0142o mie\u0107 wyd\u017awi\u0119k humorystyczny. Efekt okaza\u0142 si\u0119 zgo\u0142a odwrotny, w Brazylii <a href=\"https:\/\/sportowefakty.wp.pl\/siatkowka\/1226550\/burza-w-brazylii-reprezentant-polski-musial-przeprosic?pvclid=01KDDY4153T2EM45AKAF45XN4J\" rel=\"nofollow noopener\" target=\"_blank\">wywo\u0142a\u0142 bowiem spore oburzenie<\/a>. Artyku\u0142 na temat pojawi\u0142 si\u0119 m.in. na stronach serwisu globo.com oraz na instagramowym profilu &#8222;oficialelitedovolei&#8221;.\u00a0Zdaniem tamtejszych dziennikarzy, celem tw\u00f3rc\u00f3w by\u0142o o\u015bmieszenie kraju i pokazanie go w niekorzystnym \u015bwietle.<\/p>\n<p> <img role=\"presentation\" src=\"https:\/\/std.wpcdn.pl\/images\/adv\/placeholder_wp.svg\" loading=\"lazy\" alt=\"\" decoding=\"async\"\/>  <\/p>\n<p class=\"contentpart contentpart--default contentpart--text\" data-position=\"2\">ZOBACZ WIDEO: Fabia\u0144ski pop\u0142aka\u0142 si\u0119 ze \u015bmiechu. Po tych s\u0142owach Boruca<\/p>\n<p class=\"contentpart contentpart--default contentpart--text\" data-position=\"4\">&#8222;Polski siatkarz Mateusz Bieniek, \u015brodkowy Warty Zawiercie, opublikowa\u0142 film, na kt\u00f3rym on i jego koledzy z dru\u017cyny powielaj\u0105 negatywne stereotypy dotycz\u0105ce tego, co uwa\u017caj\u0105 za &#8222;kultur\u0119 brazylijsk\u0105&#8221;. Na nagraniu Mateusz i jego koledzy z dru\u017cyny pojawiaj\u0105 si\u0119 z zas\u0142oni\u0119tymi twarzami, skrzy\u017cowanymi ramionami i gestami przypominaj\u0105cymi bro\u0144, symuluj\u0105c agresj\u0119&#8221; &#8211; napisali dziennikarze serwisu &#8222;Globo&#8221;.<\/p>\n<p class=\"contentpart contentpart--default contentpart--text\" data-position=\"5\">W odpowiedzi na zarzuty, g\u0142os zabra\u0142 \u015brodkowy reprezentacji Polski.\u00a0<a href=\"https:\/\/sportowefakty.wp.pl\/siatkowka\/mateusz-bieniek\" rel=\"nofollow noopener\" target=\"_blank\">Mateusz Bieniek<\/a>\u00a0przeprosi\u0142 Brazylijczyk\u00f3w za negatywny odbi\u00f3r, jaki w Polsce wywo\u0142a\u0142o owe nagranie. Zapewni\u0142, \u017ce zamiarem zawodnik\u00f3w nie by\u0142o stworzenie niekorzystnego wizerunku, kraju ani miasta, a ca\u0142o\u015b\u0107 mia\u0142a mie\u0107 wyd\u017awi\u0119k humorystyczny.<\/p>\n<p class=\"contentpart contentpart--default contentpart--text\" data-position=\"6\">Oficjalne stanowisko zosta\u0142o opublikowane w j\u0119zyku polskim i angielskim r\u00f3wnie\u017c na stronie klubu z Zawiercia. Z profili Aluronu CMC Warty w mediach spo\u0142eczno\u015bciowych zosta\u0142o r\u00f3wnie\u017c usuni\u0119te nagranie, kt\u00f3re wywo\u0142a\u0142o kontrowersje i fal\u0119 negatywnych komentarzy ze strony polskich kibic\u00f3w pod adresem Brazylijczyk\u00f3w.\u00a0<\/p>\n<p> <img role=\"presentation\" src=\"https:\/\/std.wpcdn.pl\/images\/adv\/placeholder_wp.svg\" loading=\"lazy\" alt=\"\" decoding=\"async\"\/>  <\/p>\n<p class=\"contentpart contentpart--default contentpart--text\" data-position=\"7\">Stanowisko klubu dotycz\u0105ce wideo &#8222;It&#8217;s Beginning to Look a Lot like Christmas&#8221;.<\/p>\n<p class=\"contentpart contentpart--default contentpart--text\" data-position=\"8\">&#8222;Stanowczo zaprzeczamy sugestiom, jakoby zawodnicy naszego klubu imitowali brazylijski gang lub na\u015bmiewali si\u0119 z mieszka\u0144c\u00f3w Brazylii. Nagranie, kt\u00f3re sta\u0142o si\u0119 przedmiotem kontrowersji, by\u0142o nawi\u0105zaniem do popularnego trendu w mediach spo\u0142eczno\u015bciowych, w szczeg\u00f3lno\u015bci na platformie TikTok. Trend ten polega na zestawianiu \u015bwi\u0105tecznej, radosnej muzyki z nieoczywistym, kontrastowym t\u0142em, cz\u0119sto w konwencji przerysowanej i satyrycznej, inspirowanej stylistyk\u0105 teledysk\u00f3w, w kt\u00f3rych wyst\u0119puj\u0105 postacie stylizowane na &#8222;gangster\u00f3w&#8221;. Taka forma jest powszechnie stosowana przez u\u017cytkownik\u00f3w m.in. ze Stan\u00f3w Zjednoczonych, bez odniesie\u0144 do konkretnych grup spo\u0142ecznych czy narodowo\u015bci. Tak te\u017c by\u0142o w tym przypadku&#8221; &#8211; czytamy w o\u015bwiadczeniu.<\/p>\n<p class=\"contentpart contentpart--default contentpart--text\" data-position=\"9\">&#8222;Dla zawodnik\u00f3w by\u0142 to dodatkowo szczeg\u00f3lny moment. Po raz pierwszy w \u017cyciu sp\u0119dzali okres przed\u015bwi\u0105teczny w zupe\u0142nie innym klimacie ni\u017c zimowa Polska. Chc\u0105c w lekki spos\u00f3b pokaza\u0107 kontrast mi\u0119dzy \u015bwi\u0105teczn\u0105 atmosfer\u0105 a egzotycznym otoczeniem, zdecydowali si\u0119 na nagranie w konwencji satyrycznej&#8221; &#8211; napisano w dalszej cz\u0119\u015bci komunikatu<\/p>\n<p> <img role=\"presentation\" src=\"https:\/\/std.wpcdn.pl\/images\/adv\/placeholder_wp.svg\" loading=\"lazy\" alt=\"\" decoding=\"async\"\/>  <\/p>\n<p class=\"contentpart contentpart--default contentpart--text\" data-position=\"10\">&#8222;Podkre\u015blamy, \u017ce w \u017cadnym momencie intencj\u0105 zawodnik\u00f3w nie by\u0142o obra\u017canie gospodarzy turnieju Klubowych Mistrzostw \u015awiata ani jakiejkolwiek grupy spo\u0142ecznej. Zawodnicy nie zdawali sobie jednak sprawy z istotnych r\u00f3\u017cnic kulturowych, kt\u00f3re sprawi\u0142y, \u017ce nagranie zosta\u0142o odebrane przez cz\u0119\u015b\u0107 brazylijskich odbiorc\u00f3w w spos\u00f3b odmienny od zamierzonego.<br \/>Ubolewamy nad zaistnia\u0142ym nieporozumieniem i podkre\u015blamy, \u017ce wynika\u0142o ono wy\u0142\u0105cznie z odmiennego kontekstu kulturowego, a nie ze z\u0142ej woli czy braku szacunku do mieszka\u0144c\u00f3w Brazylii. Tym bardziej \u017ce w \u017cadnym momencie naszego pobytu w tym kraju nie czuli\u015bmy zagro\u017cenia&#8221; &#8211; zapewniaj\u0105 przedstawiciele Aluronu CMC Warty Zawiercie.<\/p>\n<p class=\"contentpart contentpart--default contentpart--text\" data-position=\"11\">&#8222;Brazylijczycy przyj\u0119li nas w swoim kraju bardzo go\u015bcinnie. Zar\u00f3wno klub, jak i zawodnicy wielokrotnie prezentowali na swoich kana\u0142ach r\u00f3\u017cnorodno\u015b\u0107 i atrakcyjno\u015b\u0107 miasta Bel\u00e9m, \u017cyczliwo\u015b\u0107 kibic\u00f3w oraz wyj\u0105tkow\u0105 atmosfer\u0119 w arenie. Wspominali\u015bmy tak\u017ce o konferencji klimatycznej COP30 i dzia\u0142aniach podj\u0119tych na niej zwi\u0105zanych z ekosystemem Amazonii. Starali\u015bmy si\u0119 po\u015bwi\u0119ca\u0107 kibicom w hali jak najwi\u0119cej uwagi, zawodnicy pozowali do zdj\u0119\u0107, a niekt\u00f3rzy z nich po turnieju przekazywali im swoje koszulki&#8221; &#8211; czytamy w dalszej cz\u0119\u015bci pisma.<\/p>\n<p> <img role=\"presentation\" src=\"https:\/\/std.wpcdn.pl\/images\/adv\/placeholder_wp.svg\" loading=\"lazy\" alt=\"\" decoding=\"async\"\/>  <\/p>\n<p class=\"contentpart contentpart--default contentpart--text\" data-position=\"12\">&#8222;Wszystkie te dzia\u0142ania nie by\u0142y cz\u0119\u015bci\u0105 umowy z FIVB, a nasz\u0105 w\u0142asn\u0105 inicjatyw\u0105 wynikaj\u0105c\u0105 z poczucia przynale\u017cno\u015bci i szacunku do lokalnej spo\u0142eczno\u015bci oraz miejsca, w kt\u00f3rym w danym momencie przebywamy. Z tego powodu czujemy si\u0119 rozczarowani prezentowan\u0105 przez niekt\u00f3re osoby jednostronn\u0105 narracj\u0105 oraz negatywn\u0105 opini\u0105 dotycz\u0105c\u0105 ca\u0142ego naszego pobytu w Brazylii. Jednocze\u015bnie wszystkich ura\u017conych mieszka\u0144c\u00f3w Brazylii przepraszamy&#8221; &#8211; podkre\u015blono na zako\u0144czenie.<\/p>\n","protected":false},"excerpt":{"rendered":"Siatkarze Aluronu CMC Warty Zawiercie\u00a0debiutancki wyst\u0119p w Klubowych Mistrzostwach \u015awiata zako\u0144czyli zdobyciem br\u0105zowego medalu. Przy okazji pobytu w&hellip;\n","protected":false},"author":2,"featured_media":172622,"comment_status":"","ping_status":"","sticky":false,"template":"","format":"standard","meta":{"footnotes":""},"categories":[24],"tags":[19502,27145,26464,709,42,38,40,39,41,4608,131,127,126],"class_list":{"0":"post-172621","1":"post","2":"type-post","3":"status-publish","4":"format-standard","5":"has-post-thumbnail","7":"category-sport","8":"tag-aluron-cmc-warta-zawiercie","9":"tag-klubowe-mistrzostwa-swiata-siatkarzy","10":"tag-mateusz-bieniek","11":"tag-michal-winiarski","12":"tag-pl","13":"tag-poland","14":"tag-polish","15":"tag-polska","16":"tag-polski","17":"tag-rozgrywki-miedzynarodowe","18":"tag-siatkowka","19":"tag-sport","20":"tag-sports"},"share_on_mastodon":{"url":"https:\/\/pubeurope.com\/@pl\/115787473668561191","error":""},"_links":{"self":[{"href":"https:\/\/www.europesays.com\/pl\/wp-json\/wp\/v2\/posts\/172621","targetHints":{"allow":["GET"]}}],"collection":[{"href":"https:\/\/www.europesays.com\/pl\/wp-json\/wp\/v2\/posts"}],"about":[{"href":"https:\/\/www.europesays.com\/pl\/wp-json\/wp\/v2\/types\/post"}],"author":[{"embeddable":true,"href":"https:\/\/www.europesays.com\/pl\/wp-json\/wp\/v2\/users\/2"}],"replies":[{"embeddable":true,"href":"https:\/\/www.europesays.com\/pl\/wp-json\/wp\/v2\/comments?post=172621"}],"version-history":[{"count":0,"href":"https:\/\/www.europesays.com\/pl\/wp-json\/wp\/v2\/posts\/172621\/revisions"}],"wp:featuredmedia":[{"embeddable":true,"href":"https:\/\/www.europesays.com\/pl\/wp-json\/wp\/v2\/media\/172622"}],"wp:attachment":[{"href":"https:\/\/www.europesays.com\/pl\/wp-json\/wp\/v2\/media?parent=172621"}],"wp:term":[{"taxonomy":"category","embeddable":true,"href":"https:\/\/www.europesays.com\/pl\/wp-json\/wp\/v2\/categories?post=172621"},{"taxonomy":"post_tag","embeddable":true,"href":"https:\/\/www.europesays.com\/pl\/wp-json\/wp\/v2\/tags?post=172621"}],"curies":[{"name":"wp","href":"https:\/\/api.w.org\/{rel}","templated":true}]}}