{"id":172637,"date":"2025-12-26T19:26:07","date_gmt":"2025-12-26T19:26:07","guid":{"rendered":"https:\/\/www.europesays.com\/pl\/172637\/"},"modified":"2025-12-26T19:26:07","modified_gmt":"2025-12-26T19:26:07","slug":"amerykanie-pertraktuja-z-rosja-a-przy-stole-negocjacyjnym-brakuje-postaci-tego-formatu","status":"publish","type":"post","link":"https:\/\/www.europesays.com\/pl\/172637\/","title":{"rendered":"Amerykanie pertraktuj\u0105 z Rosj\u0105, a przy stole negocjacyjnym brakuje postaci tego formatu"},"content":{"rendered":"<p>Pod koniec II wojny \u015bwiatowej znaczna cz\u0119\u015b\u0107 \u015bwiata pogr\u0105\u017cona by\u0142a w spo\u0142ecznej i materialnej ruinie. By\u0142 to ju\u017c drugi taki przypadek w ci\u0105gu niespe\u0142na 50 lat. Wielu ludziom wydawa\u0142o si\u0119 wtedy oczywiste, \u017ce aby przerwa\u0107 to b\u0142\u0119dne ko\u0142o, potrzebna jest odwa\u017cna wizja.<\/p>\n<p>To w\u0142a\u015bnie po takiej epoce Dean Acheson postanowi\u0142 opisa\u0107 swoj\u0105 karier\u0119 podsekretarza, a potem 51. sekretarza stanu USA (1949\u201353) w nagrodzonej Pulitzerem ksi\u0105\u017cce &#8222;Present at the Creation&#8221; (pol. &#8222;Obecny przy stworzeniu&#8221;), wydanej w 1969 r.<\/p>\n<p>W czasie swojej kadencji by\u0142 on \u015bwiadkiem, a cz\u0119sto tak\u017ce aktywnym uczestnikiem powstawania wielu prze\u0142omowych inicjatyw, kt\u00f3re stworzy\u0142y wzgl\u0119dn\u0105 stabilizacj\u0119 dla spo\u0142ecze\u0144stwa, nauki i kultury, jak\u0105 wiele kraj\u00f3w cieszy si\u0119 ju\u017c niemal od stulecia.<\/p>\n<p class=\"ods-c-paragraph \">Zanim lekkomy\u015blnie uznamy t\u0119 mi\u0119dzynarodow\u0105 wizj\u0119 za zamkni\u0119ty rozdzia\u0142 historii lub zaczniemy podkopywa\u0107 jej fundamenty, powinni\u015bmy si\u0119 dobrze zastanowi\u0107 i zada\u0107 sobie pytanie, czy alternatywa przynios\u0142aby nam lepszy \u015bwiat.<\/p>\n<p>Dalszy ci\u0105g artyku\u0142u pod materia\u0142em wideo<\/p>\n<p class=\"ods-c-paragraph \">W ci\u0105gu zaledwie kilku lat po II wojnie \u015bwiatowej powsta\u0142a Organizacja Narod\u00f3w Zjednoczonych, NATO wyros\u0142o z niewielkiego grona sojusznik\u00f3w w zorganizowany sojusz, a <a href=\"https:\/\/wiadomosci.onet.pl\/swiat\/mija-70-lat-od-utworzenia-systemu-z-bretton-woods\/5xsem\" id=\"d691a74d-1c07-4884-b5e4-335f1855c648\" rel=\"nofollow noopener\" target=\"_blank\">w Bretton Woods<\/a> utworzono Mi\u0119dzynarodowy Fundusz Walutowy, Bank \u015awiatowy i szereg innych mechanizm\u00f3w maj\u0105cych umacnia\u0107 mi\u0119dzynarodowy \u0142ad gospodarczy.<\/p>\n<p class=\"ods-c-paragraph \">Pr\u00f3ba po\u0142\u0105czenia Francji i Niemiec pod wsp\u00f3lnym zarz\u0105dem nad produkcj\u0105 stali i w\u0119gla \u2014 co mia\u0142o zapobiec kolejnym wojnom mi\u0119dzy tymi krajami \u2014 ostatecznie przerodzi\u0142a si\u0119 we Wsp\u00f3lnot\u0119 Gospodarcz\u0105 Europy, a p\u00f3\u017aniej w Uni\u0119 Europejsk\u0105. W tych kilku latach s\u0142owo &#8222;transformacja&#8221;, dzi\u015b nadu\u017cywane, rzeczywi\u015bcie pasowa\u0142o jak ula\u0142.<\/p>\n<p class=\"ods-c-paragraph \">Wsp\u00f3\u0142cze\u015bnie pojawia si\u0119 tendencja do okre\u015blania tych instytucji jako &#8222;globalistyczne&#8221; i przypisywania im roli w r\u00f3\u017cnorodnych teorii spiskowych. Warto jednak przeczyta\u0107 relacj\u0119 Achesona, by zrozumie\u0107, \u017ce u ich \u017ar\u00f3d\u0142a le\u017ca\u0142a w\u0142a\u015bnie ch\u0119\u0107 zapobie\u017cenia narodzin totalitarnych o\u015brodk\u00f3w w\u0142adzy.<\/p>\n<p class=\"ods-c-paragraph \">By\u0142y to organizacje, kt\u00f3re mia\u0142y wspiera\u0107 wolno\u015b\u0107 jednostki, wolny rynek, mi\u0119dzynarodowy handel, demokratyczne procedury i system oparty na prawie mi\u0119dzynarodowym \u2014 budowa\u0107 wsp\u00f3lnot\u0119 narod\u00f3w woln\u0105 od katastrofalnych konflikt\u00f3w i autokratycznych rz\u0105d\u00f3w.<\/p>\n<p>   USA przyj\u0119\u0142y na siebie to historyczne wyzwanie<\/p>\n<p class=\"ods-c-paragraph \">Pokolenie Achesona mia\u0142o ogromne poczucie odpowiedzialno\u015bci. Krucho\u015b\u0107 wolno\u015bci i \u0142atwo\u015b\u0107, z jak\u0105 mo\u017cna j\u0105 zniszczy\u0107 i podporz\u0105dkowa\u0107, prowadz\u0105c tym samym do niewyobra\u017calnych cierpie\u0144 i \u015bmierci, by\u0142y wci\u0105\u017c \u017cywe w pami\u0119ci.<\/p>\n<p class=\"ods-c-paragraph \">Przyw\u00f3dcy powojennego \u015bwiata traktowali budow\u0119 lepszego \u0142adu nie jako sw\u00f3j przywilej, lecz jako obowi\u0105zek. W ksi\u0105\u017cce Achesona wyczuwalna jest przede wszystkim \u015bwiadomo\u015b\u0107 ogromnych po\u015bwi\u0119ce\u0144, jakie ju\u017c zosta\u0142y poniesione, i konieczno\u015bci wykazania si\u0119 odwag\u0105 i determinacj\u0105 w budowie nowych sojuszy mi\u0119dzynarodowych. Stany Zjednoczone przyj\u0119\u0142y na siebie to wyzwanie i dostrzeg\u0142y historyczn\u0105 wag\u0119 zadania, kt\u00f3re przed nimi sta\u0142o.<\/p>\n<p><img decoding=\"async\" src=\"https:\/\/www.europesays.com\/pl\/wp-content\/uploads\/2025\/12\/RHAk9lBaHR0cHM6Ly9vY2RuLmV1L3B1bHNjbXMvTURBXy9hMjM0NWFmYWRiNWEyZDA3YzUzY2E1MjUxZTYxMWYyOC5qcGeRlQLNB.jpeg\" height=\"740\" width=\"940\" alt=\"Ernest Bevin, brytyjski sekretarz spraw zagranicznych, Dwight Eisenhower, prezydent USA, i Dean Acheson, ameryka\u0144ski sekretarz stanu (przy biurku), w trakcie podpisywania Traktatu P\u00f3\u0142nocnoatlantyckiego. Waszyngton, 4 kwietnia 1949 r.\" loading=\"lazy\" class=\"ods-c-image__img ods-c-image__img--viewport-width\"\/><\/p>\n<p>Ernest Bevin, brytyjski sekretarz spraw zagranicznych, Dwight Eisenhower, prezydent USA, i Dean Acheson, ameryka\u0144ski sekretarz stanu (przy biurku), w trakcie podpisywania Traktatu P\u00f3\u0142nocnoatlantyckiego. Waszyngton, 4 kwietnia 1949 r.PAP\/DPA \/ PAP<\/p>\n<p class=\"ods-c-paragraph \">W \u015bwiecie pogr\u0105\u017conym w chaosie zrozumia\u0142e i wybaczalne by\u0142oby, gdyby dominowa\u0142o poczucie zagubienia i apatii, ale zamiast tego pojawi\u0142a si\u0119 niepowtarzalna szansa, by obra\u0107 nowy kierunek \u2014 i Acheson, wraz ze \u015bwiatem demokratycznym, wykorzystali j\u0105 z pe\u0142nym zaanga\u017cowaniem.<\/p>\n<p class=\"ods-c-paragraph \">W jego pisarstwie nie ma \u015bladu imperializmu ani \u017cadnych przebieg\u0142ych zachodnich plan\u00f3w podporz\u0105dkowania sobie \u015bwiata. Gospodarczy upadek Europy i rozpad europejskich imperi\u00f3w w Azji stworzy\u0142y okazj\u0119, by zach\u0119ci\u0107 nowe narody do wyboru klasycznej liberalnej wizji cz\u0142owieka, w kt\u00f3rej jednostka zyskuje przewag\u0119 nad pa\u0144stwem, a nowe, owocne gospodarki mog\u0105 si\u0119 rozwija\u0107.<\/p>\n<p class=\"ods-c-paragraph \">Ostatni\u0105 rzecz\u0105, o jakiej my\u015blano w \u015bwiecie przesi\u0105kni\u0119tym krwi\u0105 i zw\u0142okami milion\u00f3w ludzi, by\u0142o tworzenie nowych politycznych i gospodarczych olbrzym\u00f3w maj\u0105cych rz\u0105dzi\u0107 \u015bwiatem. Ludzie mieli ju\u017c tego do\u015b\u0107. Jest jaka\u015b wyj\u0105tkowo\u015b\u0107, mo\u017cna nawet powiedzie\u0107 czysto\u015b\u0107 w dzia\u0142aniach Achesona i og\u00f3lnie Ameryki w pr\u00f3bie naprawienia autokratycznego \u015bwiata raz na zawsze.<\/p>\n<p class=\"ods-c-paragraph \">Nie jestem tak naiwny, by twierdzi\u0107, \u017ce Amerykanie nie widzieli w\u0142asnych korzy\u015bci w przyj\u0119ciu tej roli przyw\u00f3dczej, ale mimo to jego ambicje by\u0142y fundamentalnie dobre i wynika\u0142y z poczucia wielkiej i szlachetnej sprawy.<\/p>\n<p>Pokolenie, kt\u00f3re stan\u0119\u0142o na wysoko\u015bci zadania<\/p>\n<p class=\"ods-c-paragraph \">Pomijaj\u0105c globalny kontekst, kt\u00f3ry ukszta\u0142towa\u0142 tych ludzi, ksi\u0105\u017cka Achesona nie pozostawia w\u0105tpliwo\u015bci co do ich klasy jako jednostek. Jego pisarstwo ma g\u0142\u0119bi\u0119. To nie jest jedna z tych wsp\u00f3\u0142czesnych autobiografii polityk\u00f3w, kt\u00f3rzy wydaj\u0105 ksi\u0105\u017cki tylko dlatego, \u017ce czuj\u0105 tak\u0105 potrzeb\u0119. On rzeczywi\u015bcie mia\u0142 o czym pisa\u0107. Najlepszym tego dowodem jest to, \u017ce nawet dzi\u015b mo\u017cna si\u0119 z jego dzie\u0142a ogromnie wiele nauczy\u0107 o \u015bwiecie \u2014 jest w nim m\u0105dro\u015b\u0107.<\/p>\n<p class=\"ods-c-paragraph \">Najbardziej trwa\u0142e wra\u017cenie, jakie pozostawia po sobie Acheson, to szacunek dla instytucji wolnych pa\u0144stw, kt\u00f3rych budowa zaj\u0119\u0142a wieki. Po II wojnie \u015bwiatowej leg\u0142y w gruzach, ale pragnienie ich odbudowy i wiara w nie pozosta\u0142y. G\u0142\u0119bokie poczucie obowi\u0105zku wykonania tego zadania i przekonanie, \u017ce inne narody tak\u017ce trzeba zaanga\u017cowa\u0107 w budow\u0119 globalnej wsp\u00f3lnoty, kt\u00f3ra przezwyci\u0119\u017cy b\u0142\u0119dy przesz\u0142o\u015bci, cechuje spokojna pewno\u015b\u0107 siebie i \u017celazna, cho\u0107 nie przesadna retoryka.<\/p>\n<p>   <img decoding=\"async\" src=\"https:\/\/www.europesays.com\/pl\/wp-content\/uploads\/2025\/12\/UJjk9lBaHR0cHM6Ly9vY2RuLmV1L3B1bHNjbXMvTURBXy9kZmFlYTVkYmQ1YTBiZWNhM2Q0NmIwOGI0YWJhNTc4OC5qcGeRlQLNB.jpeg\" height=\"736\" width=\"940\" alt=\"Pierwsza sesja Zgromadzenia Og\u00f3lnego ONZ w Nowym Jorku, 23 pa\u017adziernika 1946 r.\" loading=\"lazy\" class=\"ods-c-image__img ods-c-image__img--viewport-width\"\/><\/p>\n<p>Pierwsza sesja Zgromadzenia Og\u00f3lnego ONZ w Nowym Jorku, 23 pa\u017adziernika 1946 r.AFP<\/p>\n<p class=\"ods-c-paragraph \">Stawka by\u0142a ogromna \u2014 to by\u0142 projekt o wielkim znaczeniu. Ci\u0119\u017car tej odpowiedzialno\u015bci by\u0142 wyczuwalny na barkach Achesona i jego r\u00f3wie\u015bnik\u00f3w, ale towarzyszy\u0142 mu te\u017c nieco ironiczny, szczery humor w obliczu mrocznych do\u015bwiadcze\u0144. To nie byli ludzie pozbawieni poczucia humoru, ale zachowywali klas\u0119 i mieli \u015bwiadomo\u015b\u0107 swojej roli w historii.<\/p>\n<p class=\"ods-c-paragraph \">Zbyt \u0142atwo by\u0142oby zamkn\u0105\u0107 Achesona i jemu wsp\u00f3\u0142czesnych w innej epoce, przypisuj\u0105c ich postawom przynale\u017cno\u015b\u0107 do czas\u00f3w dawno minionych. Jednak ten spos\u00f3b my\u015blenia jest ponadczasowy. Acheson wiedzia\u0142, \u017ce Ameryka powinna aspirowa\u0107 do roli rozs\u0105dnego narodu, kt\u00f3ry szanuje swoje miejsce na \u015bwiecie, dzia\u0142a z rozwag\u0105 i celem, a przez to mo\u017ce zyska\u0107 szacunek innych.<\/p>\n<p class=\"ods-c-paragraph \">Dzi\u015b nie \u017cyjemy w \u015bwiecie tak zniszczonym, jak po II wojnie \u015bwiatowej, ale zbli\u017camy si\u0119 do tej mo\u017cliwo\u015bci, a w <a href=\"https:\/\/wiadomosci.onet.pl\/swiat\/atak-dronow-na-rosyjskie-miasto-doszlo-do-co-najmniej-20-wybuchow\/d6060jg\" id=\"9430f838-6367-445f-ae76-6d260f2f6256\" rel=\"nofollow noopener\" target=\"_blank\">Ukrainie to codzienno\u015b\u0107<\/a>. \u015awiat potrzebuje ludzi o powadze, m\u0105dro\u015bci i przenikliwo\u015bci Achesona.<\/p>\n<p class=\"ods-c-paragraph \">2026 r., pocz\u0105tek drugiego \u0107wier\u0107wiecza XXI w., to dobra okazja, by zobowi\u0105za\u0107 si\u0119 do realizacji tamtych inspiruj\u0105cych i szlachetnych cel\u00f3w. To nasza odpowiedzialno\u015b\u0107, by piel\u0119gnowa\u0107, broni\u0107 i rozwija\u0107 optymizm oraz instytucje przekazane nam przez tych, kt\u00f3rzy byli obecni przy ich powstaniu.<\/p>\n","protected":false},"excerpt":{"rendered":"Pod koniec II wojny \u015bwiatowej znaczna cz\u0119\u015b\u0107 \u015bwiata pogr\u0105\u017cona by\u0142a w spo\u0142ecznej i materialnej ruinie. By\u0142 to ju\u017c&hellip;\n","protected":false},"author":2,"featured_media":172638,"comment_status":"","ping_status":"","sticky":false,"template":"","format":"standard","meta":{"footnotes":""},"categories":[14],"tags":[56,32,33,1898,27,6979,34,35,28,31,48,160,25,46,1191,40,41,47,80,29,30,71,26,82,83,84],"class_list":{"0":"post-172637","1":"post","2":"type-post","3":"status-publish","4":"format-standard","5":"has-post-thumbnail","7":"category-swiat","8":"tag-article_premium","9":"tag-breaking-news","10":"tag-breakingnews","11":"tag-dyplomacja","12":"tag-headlines","13":"tag-ii_wojna_swiatowa","14":"tag-latest-news","15":"tag-latestnews","16":"tag-naglowki","17":"tag-najwazniejsze-artykuly","18":"tag-nat_styl","19":"tag-nato","20":"tag-news","21":"tag-omp","22":"tag-onz","23":"tag-polish","24":"tag-polski","25":"tag-screening_general","26":"tag-swiat","27":"tag-top-stories","28":"tag-topstories","29":"tag-usa","30":"tag-wiadomosci","31":"tag-world","32":"tag-world-news","33":"tag-worldnews"},"share_on_mastodon":{"url":"https:\/\/pubeurope.com\/@pl\/115787516446612440","error":""},"_links":{"self":[{"href":"https:\/\/www.europesays.com\/pl\/wp-json\/wp\/v2\/posts\/172637","targetHints":{"allow":["GET"]}}],"collection":[{"href":"https:\/\/www.europesays.com\/pl\/wp-json\/wp\/v2\/posts"}],"about":[{"href":"https:\/\/www.europesays.com\/pl\/wp-json\/wp\/v2\/types\/post"}],"author":[{"embeddable":true,"href":"https:\/\/www.europesays.com\/pl\/wp-json\/wp\/v2\/users\/2"}],"replies":[{"embeddable":true,"href":"https:\/\/www.europesays.com\/pl\/wp-json\/wp\/v2\/comments?post=172637"}],"version-history":[{"count":0,"href":"https:\/\/www.europesays.com\/pl\/wp-json\/wp\/v2\/posts\/172637\/revisions"}],"wp:featuredmedia":[{"embeddable":true,"href":"https:\/\/www.europesays.com\/pl\/wp-json\/wp\/v2\/media\/172638"}],"wp:attachment":[{"href":"https:\/\/www.europesays.com\/pl\/wp-json\/wp\/v2\/media?parent=172637"}],"wp:term":[{"taxonomy":"category","embeddable":true,"href":"https:\/\/www.europesays.com\/pl\/wp-json\/wp\/v2\/categories?post=172637"},{"taxonomy":"post_tag","embeddable":true,"href":"https:\/\/www.europesays.com\/pl\/wp-json\/wp\/v2\/tags?post=172637"}],"curies":[{"name":"wp","href":"https:\/\/api.w.org\/{rel}","templated":true}]}}