{"id":172651,"date":"2025-12-26T19:35:06","date_gmt":"2025-12-26T19:35:06","guid":{"rendered":"https:\/\/www.europesays.com\/pl\/172651\/"},"modified":"2025-12-26T19:35:06","modified_gmt":"2025-12-26T19:35:06","slug":"robert-lewandowski-zdradzil-kiedy-zakonczy-kariere-wszystko-jasne-przeglad-sportowy-onet","status":"publish","type":"post","link":"https:\/\/www.europesays.com\/pl\/172651\/","title":{"rendered":"Robert Lewandowski zdradzi\u0142, kiedy zako\u0144czy karier\u0119! Wszystko jasne &#8211; Przegl\u0105d Sportowy Onet"},"content":{"rendered":"<ol>\n<li><a href=\"https:\/\/news.google.com\/rss\/articles\/CBMi1gFBVV95cUxPZTg3dHVGaTVSSmRkeEFqd1JTeFJFQWRhck02NzB0c0Q2OEpPZzAwMTJjSWt1eS01bkpGN2FHby1mTVJyS2o0VXRJWHB1MnlZVVdJN2R5UDVsaDNZUnJENlg5Uzc3djV1VnJTd1gwMFJMcV83cHdOZTlfcHJtcTkyODdsXzhvcnotQTdJTnZtRGsxVmlpU0pncl9CdXZjLXVfdk5Kb01Rb2V6YkxnZEh0MV9yUzJsaVhWNWdoQkdJY0VSZDlxaWlxS00zenJWSWRPNVFPWXRn?oc=5\" target=\"_blank\" rel=\"nofollow noopener\">Robert Lewandowski zdradzi\u0142, kiedy zako\u0144czy karier\u0119! Wszystko jasne<\/a>&nbsp;&nbsp;Przegl\u0105d Sportowy Onet<\/li>\n<li><a href=\"https:\/\/news.google.com\/rss\/articles\/CBMijgFBVV95cUxQTHJJUkNValVBMHVnb0lfTU05N2NIbjRJeVdwb2JKc3pWS3RDd2EzeUQ2U3RqUkw3QTRhWnhXUEZxMjg4bk1seXBXSlZnY3l1THhPZjVDYl9WQmNRLTBEdzhncVhMMURKM09OM005YldiWm5VY1ZDTVJBLWxNYWFiSWUzQmp0RUhuSlRtaURB?oc=5\" target=\"_blank\" rel=\"nofollow noopener\">&#8222;To moje ostatnie lata w pi\u0142ce&#8221;. Lewandowski szczerze przed bara\u017cami<\/a>&nbsp;&nbsp;weszlo.com<\/li>\n<li><a href=\"https:\/\/news.google.com\/rss\/articles\/CBMimgFBVV95cUxNQ19URkRTSm5KQUlPcU9xejVGTDVIcE9QSXN0MlZ0bHZ2NE01c0tLbHE2RWx5dGI5NjVzWkMyMTlkamlzSUhzemNnQ0xjRGRSWEcxMlpuOTVES1pDcGtDM21LQzlPVGw4RF9BSHJCd2dyR3ZqSmtaNURIUTFuQmN6V3dmZUJITXhMU3BfYUtrM2g5eDhIV0s5Vm1R?oc=5\" target=\"_blank\" rel=\"nofollow noopener\">O czym Lewandowski marzy? Kompletne zaskoczenie<\/a>&nbsp;&nbsp;SportoweFakty<\/li>\n<li><a href=\"https:\/\/news.google.com\/rss\/articles\/CBMiygFBVV95cUxNaVIzdEZDNG5ON25FWGhKZ1d3N08wdDVFRnJKLUNnajlXWFhoVHhmb1FjU0g1aXJOeThRNDIybzhRdng0Vm1zUmZZQlgyRmFteVY0SzVXMU1BYmhRdThKM1hNblBwaWo2YTMxOHpKemhWbjB0aFNpNnBrY0IzdGZBcjliNnV1Q2hLT3R5Nkl2bmVpUDhKdEZxSWV0NDMxcFBxRGw4by1HQUZfb2JxNjRES296UXlpVVpaN2xTVlo4aXhWR2NlT0NFb253?oc=5\" target=\"_blank\" rel=\"nofollow noopener\">&#8222;Dla Polski to mocni rywale. \u0141atwo nie b\u0119dzie&#8221;. Lewandowski zabra\u0142 g\u0142os przed bara\u017cami<\/a>&nbsp;&nbsp;Meczyki.pl<\/li>\n<li><a href=\"https:\/\/news.google.com\/rss\/articles\/CBMiqgFBVV95cUxOeWUzQW93MEI3dGxfSlhKbndsWjdQM2dwZ09GN0NtMllUNG1qQkpMSHBBTTVpOThmME5EQUNVT2NpZ2ROdmFSLWE3ODhib0xCX3piakdkOFJxVzlsSDUtajJpc3Jybk5lZXlmT3c0ZGpWZUZSRk8za3lCckdYX1Vhd0piX1RhY3JmQUN1OGFyLVFIUEd0THhsNUswZmVSM3pvZnc0RzJFTVBwZw?oc=5\" target=\"_blank\" rel=\"nofollow noopener\">Lewandowski celuje wysoko w 2026 roku. Sam awans na mundial go nie zadowala<\/a>&nbsp;&nbsp;Gol24<\/li>\n<\/ol>\n","protected":false},"excerpt":{"rendered":"Robert Lewandowski zdradzi\u0142, kiedy zako\u0144czy karier\u0119! Wszystko jasne&nbsp;&nbsp;Przegl\u0105d Sportowy Onet &#8222;To moje ostatnie lata w pi\u0142ce&#8221;. Lewandowski szczerze&hellip;\n","protected":false},"author":2,"featured_media":172652,"comment_status":"","ping_status":"","sticky":false,"template":"","format":"standard","meta":{"footnotes":""},"categories":[5],"tags":[32,33,303,36,37,27,67,34,35,28,31,25,929,42,38,40,39,41,136,128,355,300,47,135,29,30,26,130],"class_list":{"0":"post-172651","1":"post","2":"type-post","3":"status-publish","4":"format-standard","5":"has-post-thumbnail","7":"category-naglowki","8":"tag-breaking-news","9":"tag-breakingnews","10":"tag-fc_barcelona","11":"tag-featured-news","12":"tag-featurednews","13":"tag-headlines","14":"tag-intextvideo_splayer","15":"tag-latest-news","16":"tag-latestnews","17":"tag-naglowki","18":"tag-najwazniejsze-artykuly","19":"tag-news","20":"tag-pawb","21":"tag-pl","22":"tag-poland","23":"tag-polish","24":"tag-polska","25":"tag-polski","26":"tag-ps_detal_new","27":"tag-psv2","28":"tag-reprezentacja_polski","29":"tag-robert_lewandowski","30":"tag-screening_general","31":"tag-sport_sport","32":"tag-top-stories","33":"tag-topstories","34":"tag-wiadomosci","35":"tag-wiadomosci_sportowe"},"share_on_mastodon":{"url":"https:\/\/pubeurope.com\/@pl\/115787551751938506","error":""},"_links":{"self":[{"href":"https:\/\/www.europesays.com\/pl\/wp-json\/wp\/v2\/posts\/172651","targetHints":{"allow":["GET"]}}],"collection":[{"href":"https:\/\/www.europesays.com\/pl\/wp-json\/wp\/v2\/posts"}],"about":[{"href":"https:\/\/www.europesays.com\/pl\/wp-json\/wp\/v2\/types\/post"}],"author":[{"embeddable":true,"href":"https:\/\/www.europesays.com\/pl\/wp-json\/wp\/v2\/users\/2"}],"replies":[{"embeddable":true,"href":"https:\/\/www.europesays.com\/pl\/wp-json\/wp\/v2\/comments?post=172651"}],"version-history":[{"count":0,"href":"https:\/\/www.europesays.com\/pl\/wp-json\/wp\/v2\/posts\/172651\/revisions"}],"wp:featuredmedia":[{"embeddable":true,"href":"https:\/\/www.europesays.com\/pl\/wp-json\/wp\/v2\/media\/172652"}],"wp:attachment":[{"href":"https:\/\/www.europesays.com\/pl\/wp-json\/wp\/v2\/media?parent=172651"}],"wp:term":[{"taxonomy":"category","embeddable":true,"href":"https:\/\/www.europesays.com\/pl\/wp-json\/wp\/v2\/categories?post=172651"},{"taxonomy":"post_tag","embeddable":true,"href":"https:\/\/www.europesays.com\/pl\/wp-json\/wp\/v2\/tags?post=172651"}],"curies":[{"name":"wp","href":"https:\/\/api.w.org\/{rel}","templated":true}]}}