{"id":172655,"date":"2025-12-26T19:37:12","date_gmt":"2025-12-26T19:37:12","guid":{"rendered":"https:\/\/www.europesays.com\/pl\/172655\/"},"modified":"2025-12-26T19:37:12","modified_gmt":"2025-12-26T19:37:12","slug":"afera-wokol-powtorki-koled-z-polsatem-stacja-sie-tlumaczy","status":"publish","type":"post","link":"https:\/\/www.europesays.com\/pl\/172655\/","title":{"rendered":"Afera wok\u00f3\u0142 powt\u00f3rki kol\u0119d z Polsatem. Stacja si\u0119 t\u0142umaczy"},"content":{"rendered":"<p>Polsat w\u00a0Wigili\u0119 wyemitowa\u0142 kilka archiwalnych koncert\u00f3w kol\u0119d, w\u00a0tym &#8222;Wielkie kol\u0119dowanie z\u00a0Polsatem w\u00a0\u015awi\u0119tej Lipce&#8221; z\u00a02018 roku. Portal TVpolsat.info doni\u00f3s\u0142, \u017ce widzowie nie zobaczyli uj\u0119\u0107, na kt\u00f3rych wida\u0107 przedstawicieli \u00f3wczesnych w\u0142adz Cyfrowego Polsatu, w\u00a0tym Zygmunta Solorza, kt\u00f3ry od 2024 roku pozostaje w\u00a0sporze ze swoimi synami, obecnymi w\u0142a\u015bcicielami wi\u0119kszo\u015bciowych udzia\u0142\u00f3w w\u00a0sp\u00f3\u0142kach Grupy Polsat Plus.<\/p>\n<p>&#8222;Podczas emisji kol\u0119dowania w\u00a02025 roku widzowie stacji nie zobaczyli wizerunku tw\u00f3rcy Polsatu. Uj\u0119cia na Zygmunta Solorza zosta\u0142y zast\u0105pione innymi. Posta\u0107 biznesmena pojawia\u0142a si\u0119 tylko w\u00a0kadrach od boku lub gdy by\u0142 zas\u0142oni\u0119ty przez inne osoby&#8221; \u2013\u00a0doni\u00f3s\u0142 portal TVpolsat.info, a\u00a0informacj\u0119 przekaza\u0142y inne portale. Uj\u0119cia z\u00a0by\u0142ym szefem Polsatu jednak nadal mo\u017cna zobaczy\u0107 w\u00a0koncercie dost\u0119pnym na platformie streamingowej Polsat Box Go.<\/p>\n<p>Rzecznik Polsatu Tomasz Matwiejczuk odni\u00f3s\u0142 si\u0119 do sensacyjnych nag\u0142\u00f3wk\u00f3w ukazanych w\u00a0sieci. W\u00a0o\u015bwiadczeniu przekazanemu portalowi Wirtualnemedia.pl wyja\u015bni\u0142, \u017ce &#8222;w ka\u017cdym z\u00a0kilku koncert\u00f3w z\u00a0kol\u0119dami pokazanych w\u00a0Wigili\u0119 nie usuwano uj\u0119\u0107 z\u00a0\u017cadnymi osobami&#8221;. Czytamy:<\/p>\n<p>Artyku\u0142y o\u00a0domniemanym wyci\u0119ciu Zygmunta Solorza z\u00a0transmisji Polsatu ju\u017c zosta\u0142y usuni\u0119te z\u00a0sieci.<\/p>\n","protected":false},"excerpt":{"rendered":"Polsat w\u00a0Wigili\u0119 wyemitowa\u0142 kilka archiwalnych koncert\u00f3w kol\u0119d, w\u00a0tym &#8222;Wielkie kol\u0119dowanie z\u00a0Polsatem w\u00a0\u015awi\u0119tej Lipce&#8221; z\u00a02018 roku. Portal TVpolsat.info doni\u00f3s\u0142,&hellip;\n","protected":false},"author":2,"featured_media":172656,"comment_status":"","ping_status":"","sticky":false,"template":"","format":"standard","meta":{"footnotes":""},"categories":[22],"tags":[122,42,38,40,39,41,123],"class_list":{"0":"post-172655","1":"post","2":"type-post","3":"status-publish","4":"format-standard","5":"has-post-thumbnail","7":"category-rozrywka","8":"tag-entertainment","9":"tag-pl","10":"tag-poland","11":"tag-polish","12":"tag-polska","13":"tag-polski","14":"tag-rozrywka"},"share_on_mastodon":{"url":"https:\/\/pubeurope.com\/@pl\/115787559292248643","error":""},"_links":{"self":[{"href":"https:\/\/www.europesays.com\/pl\/wp-json\/wp\/v2\/posts\/172655","targetHints":{"allow":["GET"]}}],"collection":[{"href":"https:\/\/www.europesays.com\/pl\/wp-json\/wp\/v2\/posts"}],"about":[{"href":"https:\/\/www.europesays.com\/pl\/wp-json\/wp\/v2\/types\/post"}],"author":[{"embeddable":true,"href":"https:\/\/www.europesays.com\/pl\/wp-json\/wp\/v2\/users\/2"}],"replies":[{"embeddable":true,"href":"https:\/\/www.europesays.com\/pl\/wp-json\/wp\/v2\/comments?post=172655"}],"version-history":[{"count":0,"href":"https:\/\/www.europesays.com\/pl\/wp-json\/wp\/v2\/posts\/172655\/revisions"}],"wp:featuredmedia":[{"embeddable":true,"href":"https:\/\/www.europesays.com\/pl\/wp-json\/wp\/v2\/media\/172656"}],"wp:attachment":[{"href":"https:\/\/www.europesays.com\/pl\/wp-json\/wp\/v2\/media?parent=172655"}],"wp:term":[{"taxonomy":"category","embeddable":true,"href":"https:\/\/www.europesays.com\/pl\/wp-json\/wp\/v2\/categories?post=172655"},{"taxonomy":"post_tag","embeddable":true,"href":"https:\/\/www.europesays.com\/pl\/wp-json\/wp\/v2\/tags?post=172655"}],"curies":[{"name":"wp","href":"https:\/\/api.w.org\/{rel}","templated":true}]}}