{"id":172659,"date":"2025-12-26T19:40:08","date_gmt":"2025-12-26T19:40:08","guid":{"rendered":"https:\/\/www.europesays.com\/pl\/172659\/"},"modified":"2025-12-26T19:40:08","modified_gmt":"2025-12-26T19:40:08","slug":"w-europie-wzrasta-agresja-wobec-chrzescijan-na-czele-francja","status":"publish","type":"post","link":"https:\/\/www.europesays.com\/pl\/172659\/","title":{"rendered":"W Europie wzrasta agresja wobec chrze\u015bcijan.Na czele Francja"},"content":{"rendered":"<p>2211 akt\u00f3w agresji wobec chrze\u015bcijan odnotowano w\u00a02024 r. w\u00a0Europie. 274 z\u00a0nich to\u00a0przypadki przemocy fizycznej &#8211; podaje Europejski O\u015brodek Praw i\u00a0Sprawiedliwo\u015bci (ECLJ). Liczba akt\u00f3w agresji wobec wyznawc\u00f3w Chrystusa narasta i\u00a0przybiera r\u00f3\u017cne formy: wandalizm, podpalenia, profanacje, dyskryminacje. Raport ujawnia te\u017c powszechne zani\u017canie liczby zg\u0142osze\u0144 i\u00a0brak reakcji instytucji publicznych. W\u00a0kwestii atak\u00f3w na\u00a0chrze\u015bcijan w\u00a0Europie islami\u015bci id\u0105 niemal r\u0119ka w\u00a0r\u0119k\u0119 z\u00a0ekstremistami\u00a0lewicowymi.<\/p>\n<p>Cytowany przez Famille Chr\u00e9tienne raport wskazuje na\u00a0r\u00f3\u017cnorodno\u015b\u0107 antychrze\u015bcija\u0144skich przest\u0119pstw: wandalizmy (50\u00a0proc. przypadk\u00f3w), podpalenia (15\u00a0proc.), profanacje (13\u00a0proc.), kradzie\u017ce (5,5\u00a0poroc), zastraszanie (4\u00a0proc.), napa\u015bci fizyczne (7,5\u00a0proc), a\u00a0tak\u017ce zab\u00f3jstwa i\u00a0usi\u0142owanie zab\u00f3jstwa\u00a0(3\u00a0proc.).<\/p>\n<p> M\u0119czennicy r\u00f3wnie\u017c\u00a0w\u00a0Europie <\/p>\n<p>Tytu\u0142em przyk\u0142adu wspomina si\u0119 r\u00f3wnie\u017c o\u00a0ca\u0142kiem niedawnych aktach agresji: podpalenie ko\u015bcio\u0142a Matki Bo\u017cej des Champs w\u00a0Pary\u017cu, profanacj\u0119 ko\u015bcio\u0142a \u015bw. Jana Chrzciciela w\u00a0Ch\u00e2tellerault oraz kradzie\u017c 135 mosi\u0119\u017cnych krzy\u017cy na\u00a0cmentrzu\u00a0w\u00a0Belgii.<\/p>\n<p>Raport przytacza r\u00f3wnie\u017c m\u0119cze\u0144stwo irackiego chrze\u015bcijanina Ashura Sarnayi w\u00a0Lyonie, kt\u00f3ry 10\u00a0wrze\u015bnia zosta\u0142 zamordowany maczet\u0105 przez Algierczyka powi\u0105zanego z\u00a0Pa\u0144stwem\u00a0Islamskim. <\/p>\n<p>Do\u00a0zab\u00f3jstwa dosz\u0142o w\u00a0czasie, kiedy iracki chrze\u015bcijanin dawa\u0142 na\u00a0TikToku \u015bwiadectwo o\u00a0swej\u00a0wierze.<\/p>\n<p> Na\u00a0pierwszym miejscu\u00a0Francja <\/p>\n<p>W\u015br\u00f3d pa\u0144stw, w\u00a0kt\u00f3rych najcz\u0119\u015bciej dochodzi do\u00a0agresji na\u00a0chrze\u015bcijan pierwsze miejsce zajmuje Francja (770\u00a0przypadk\u00f3w).<\/p>\n<p>Za\u00a0ni\u0105 plasuj\u0105 si\u0119 Wielka Brytania (502), Niemcy (337), Hiszpania (91), W\u0142ochy (86) i\u00a0Polska (78). Raport przypomina, \u017ce\u00a0we\u00a0Francji w\u00a02024 r. Ministerstwo Spraw Wewn\u0119trznych wyda\u0142o ostrze\u017cenie w\u00a0zwi\u0105zku z\u00a0wyra\u017anymi wezwaniami Pa\u0144stwa Islamskiego do\u00a0\u201eatakowania chrze\u015bcijan\u00a0w\u00a0Europie\u201d.<\/p>\n<p> Islami\u015bci i\u00a0lewicowo-laicystyczni\u00a0ekstremi\u015bci <\/p>\n<p>Autorzy raportu dziel\u0105 sprawc\u00f3w agresji na\u00a0trzy odr\u0119bne grupy. Za\u00a0najpowa\u017cniejsze akty agresji s\u0105\u00a0odpowiedzialni radykalni muzu\u0142manie, dzia\u0142aj\u0105cy pod wp\u0142ywem d\u017cihadystycznej\u00a0propagandy. <\/p>\n<p>Druga grupa to\u00a0laicystyczne boj\u00f3wki, kt\u00f3re nie zadowalaj\u0105 si\u0119 obron\u0105 neutralno\u015bci, ale d\u0105\u017c\u0105 do\u00a0wyeliminowania wszelkich przejaw\u00f3w chrze\u015bcija\u0144stwa. Trzeci\u0105 grup\u0119 sprawc\u00f3w stanowi\u0105 lewicowi ekstremi\u015bci, kt\u00f3rzy walcz\u0105 z\u00a0chrze\u015bcija\u0144stwem jako uosobieniem\u00a0konserwatyzmu. <\/p>\n<blockquote>\n<p>Cho\u0107 motywacje tych ugrupowa\u0144 s\u0105\u00a0r\u00f3\u017cne, wszystkie na\u00a0sw\u00f3j spos\u00f3b przyczyniaj\u0105 si\u0119 do\u00a0narastania wrogo\u015bci wzgl\u0119dem\u00a0chrze\u015bcijan<\/p>\n<\/blockquote>\n<p>\u2014 czytamy\u00a0w\u00a0raporcie.<\/p>\n<p> Przemilczane\u00a0prze\u015bladowania <\/p>\n<p>Europejski O\u015brodek Praw i\u00a0Sprawiedliwo\u015bci wskazuje te\u017c na\u00a0powszechne niedoszacowanie antychrze\u015bcija\u0144skich akt\u00f3w agresji. W\u0142adze publiczne cz\u0119sto nie bior\u0105 tego zjawiska pod\u00a0uwag\u0119.<\/p>\n<p>W\u00a0Niemczech na\u00a0przyk\u0142ad odnotowuje si\u0119 tylko ataki o\u00a0motywacji politycznej, pomijaj\u0105c wiele przest\u0119pstw o\u00a0charakterze\u00a0antychrze\u015bcija\u0144skim.<\/p>\n<p>Krzysztof Bronk \u2013 Watykan\/<a href=\"https:\/\/www.vaticannews.va\/pl\/swiat\/news\/2025-12\/europa-narasta-agresja-wobec-chrzescijan.html\" rel=\"nofollow noopener\" target=\"_blank\">vaticannews.va\/pl<\/a><\/p>\n","protected":false},"excerpt":{"rendered":"2211 akt\u00f3w agresji wobec chrze\u015bcijan odnotowano w\u00a02024 r. w\u00a0Europie. 274 z\u00a0nich to\u00a0przypadki przemocy fizycznej &#8211; podaje Europejski O\u015brodek&hellip;\n","protected":false},"author":2,"featured_media":172660,"comment_status":"","ping_status":"","sticky":false,"template":"","format":"standard","meta":{"footnotes":""},"categories":[14],"tags":[32,33,27,34,35,28,31,25,40,41,80,29,30,26,82,83,84],"class_list":{"0":"post-172659","1":"post","2":"type-post","3":"status-publish","4":"format-standard","5":"has-post-thumbnail","7":"category-swiat","8":"tag-breaking-news","9":"tag-breakingnews","10":"tag-headlines","11":"tag-latest-news","12":"tag-latestnews","13":"tag-naglowki","14":"tag-najwazniejsze-artykuly","15":"tag-news","16":"tag-polish","17":"tag-polski","18":"tag-swiat","19":"tag-top-stories","20":"tag-topstories","21":"tag-wiadomosci","22":"tag-world","23":"tag-world-news","24":"tag-worldnews"},"share_on_mastodon":{"url":"https:\/\/pubeurope.com\/@pl\/115787571198513142","error":""},"_links":{"self":[{"href":"https:\/\/www.europesays.com\/pl\/wp-json\/wp\/v2\/posts\/172659","targetHints":{"allow":["GET"]}}],"collection":[{"href":"https:\/\/www.europesays.com\/pl\/wp-json\/wp\/v2\/posts"}],"about":[{"href":"https:\/\/www.europesays.com\/pl\/wp-json\/wp\/v2\/types\/post"}],"author":[{"embeddable":true,"href":"https:\/\/www.europesays.com\/pl\/wp-json\/wp\/v2\/users\/2"}],"replies":[{"embeddable":true,"href":"https:\/\/www.europesays.com\/pl\/wp-json\/wp\/v2\/comments?post=172659"}],"version-history":[{"count":0,"href":"https:\/\/www.europesays.com\/pl\/wp-json\/wp\/v2\/posts\/172659\/revisions"}],"wp:featuredmedia":[{"embeddable":true,"href":"https:\/\/www.europesays.com\/pl\/wp-json\/wp\/v2\/media\/172660"}],"wp:attachment":[{"href":"https:\/\/www.europesays.com\/pl\/wp-json\/wp\/v2\/media?parent=172659"}],"wp:term":[{"taxonomy":"category","embeddable":true,"href":"https:\/\/www.europesays.com\/pl\/wp-json\/wp\/v2\/categories?post=172659"},{"taxonomy":"post_tag","embeddable":true,"href":"https:\/\/www.europesays.com\/pl\/wp-json\/wp\/v2\/tags?post=172659"}],"curies":[{"name":"wp","href":"https:\/\/api.w.org\/{rel}","templated":true}]}}