{"id":172661,"date":"2025-12-26T19:41:09","date_gmt":"2025-12-26T19:41:09","guid":{"rendered":"https:\/\/www.europesays.com\/pl\/172661\/"},"modified":"2025-12-26T19:41:09","modified_gmt":"2025-12-26T19:41:09","slug":"drogowy-armagedon-w-warszawie-potezna-gololedz-na-ulicach-nagrania-w-sieci","status":"publish","type":"post","link":"https:\/\/www.europesays.com\/pl\/172661\/","title":{"rendered":"Drogowy armagedon w Warszawie. Pot\u0119\u017cna go\u0142oled\u017a na ulicach, nagrania w sieci"},"content":{"rendered":"<p class=\"ods-c-paragraph \">Zarz\u0105d Oczyszczania Miasta poinformowa\u0142, \u017ce w pi\u0105tek na sto\u0142eczne ulice wyjecha\u0142o 170 p\u0142ugoposypywarek. &#8222;Wci\u0105\u017c dzia\u0142amy! Ekipy z zapasami piasku od wielu godzin posypuj\u0105 przystanki, k\u0142adki, schody, przej\u015bcia dla pieszych. To a\u017c 4 mln m kw.!&#8221; \u2014 podano w komunikacie.<\/p>\n<p> Jakie wojew\u00f3dztwa s\u0105 obj\u0119te ostrze\u017ceniem przed go\u0142oledzi\u0105? <\/p>\n<p> Ile p\u0142ugoposypywarek wyjecha\u0142o na ulice Warszawy? <\/p>\n<p> Jakie niebezpiecze\u0144stwa s\u0105 zwi\u0105zane z go\u0142oledzi\u0105 na drogach? <\/p>\n<p> Jakie s\u0105 prognozy pogody na sobot\u0119? <\/p>\n<p class=\"ods-c-paragraph \">Wcze\u015bniej Instytut Meteorologii i Gospodarki Wodnej wyda\u0142 ostrze\u017cenie pierwszego stopnia o marzn\u0105cych opadach dla Warszawy. Prognozowane s\u0105 s\u0142abe opady m\u017cawki powoduj\u0105ce go\u0142oled\u017a.<\/p>\n<p class=\"ods-c-paragraph \">Synoptycy prognozuj\u0105, \u017ce niebezpieczne warunki na drogach b\u0119d\u0105 wyst\u0119powa\u0107 tak\u017ce w nocy z pi\u0105tku na sobot\u0119. Nie tylko w Warszawie, ale i na wschodzie i po\u0142udniu spodziewa\u0107 nale\u017cy si\u0119 opad\u00f3w m\u017cawki, a miejscami \u015bniegu i deszczu ze \u015bniegiem.<\/p>\n<p>    Pot\u0119\u017cna go\u0142oled\u017a w Warszawie. Mieszka\u0144cy publikuj\u0105 nagrania<\/p>\n<p class=\"ods-c-paragraph \">W mediach spo\u0142eczno\u015bciowych publikowane s\u0105 nagrania, na kt\u00f3rych wida\u0107, jak trudna sytuacja panuje na drogach i ulicach Warszawy.<\/p>\n<p class=\"ods-c-paragraph \">Z powodu go\u0142oledzi na sto\u0142ecznych ulicach dosz\u0142o w pi\u0105tek do wielu wypadk\u00f3w. Samochody zderzy\u0142y si\u0119 m.in. na ulicy \u017bwirki i Wigury oraz na skrzy\u017cowaniu Powsta\u0144c\u00f3w \u015al\u0105skich i Po\u0142czy\u0144skiej na Bemowie.<\/p>\n<p>   <img decoding=\"async\" src=\"https:\/\/cdn.wiadomosci.onet.pl\/1\/aC_k9lBaHR0cHM6Ly9vY2RuLmV1L3B1bHNjbXMvTURBXy82NDZiZGYzMDBjNmVhNDVlMzc4YzJmNTc1MGNjOGFlNC5qcGeRlQLNAdDNAfnCw94AAqEwB6ExBA\" height=\"505\" width=\"464\" alt=\"Go\u0142oled\u017a w Warszawie\" loading=\"lazy\" class=\"ods-c-image__img ods-c-image__img--vertical\"\/><\/p>\n<p>Go\u0142oled\u017a w Warszawiefacebook.com\/FundacjaWlochy2030<\/p>\n<p class=\"ods-c-paragraph \">Niebezpieczne warunki na drogach panuj\u0105 tak\u017ce w podwarszawskim Pruszkowie.<\/p>\n<p class=\"ods-c-paragraph \">Komunikat w sprawie sytuacji w Warszawie opublikowa\u0142a te\u017c sto\u0142eczna policja. &#8222;W takich warunkach po\u015bpiech jest zdecydowanie odradzany. Warto zaplanowa\u0107 wyj\u015bcie z domu i podr\u00f3\u017c tak, aby wyjecha\u0107 wcze\u015bniej i bezpiecznie dojecha\u0107 do celu, bez niepotrzebnych zdarze\u0144 po drodze&#8221; \u2014 czytamy.<\/p>\n<p> Go\u0142oled\u017a nie odpu\u015bci tak\u017ce w sobot\u0119<\/p>\n<p class=\"ods-c-paragraph \">Niekorzystne warunki pogodowe prognozowane s\u0105 r\u00f3wnie\u017c w najbli\u017cszych kilkudziesi\u0119ciu godzinach. W sobot\u0119 zachmurzenie b\u0119dzie du\u017ce i ca\u0142kowite, wi\u0119ksze przeja\u015bnienia miejscami na po\u0142udniu oraz w drugiej po\u0142owie dnia na p\u00f3\u0142nocy kraju.<\/p>\n<p class=\"ods-c-paragraph \">Miejscami przewidywane s\u0105 s\u0142abe opady m\u017cawki, deszczu ze \u015bniegiem oraz \u015bniegu. W po\u0142udniowej po\u0142owie kraju opady m\u017cawki mog\u0105 marzn\u0105\u0107 i powodowa\u0107 go\u0142oled\u017a. Pocz\u0105tkowo na p\u00f3\u0142nocy mo\u017cliwe mg\u0142y ograniczaj\u0105ce widzialno\u015b\u0107 do 300 m. Temperatura maksymalna od 0 st. C; 3 st. C na po\u0142udniu i w centrum, do 4 st. C; 7 st. C na p\u00f3\u0142nocy. Ch\u0142odniej b\u0119dzie lokalnie na po\u0142udniu kraju, oko\u0142o minus 1 st. C.<\/p>\n","protected":false},"excerpt":{"rendered":"Zarz\u0105d Oczyszczania Miasta poinformowa\u0142, \u017ce w pi\u0105tek na sto\u0142eczne ulice wyjecha\u0142o 170 p\u0142ugoposypywarek. &#8222;Wci\u0105\u017c dzia\u0142amy! Ekipy z zapasami&hellip;\n","protected":false},"author":2,"featured_media":172662,"comment_status":"","ping_status":"","sticky":false,"template":"","format":"standard","meta":{"footnotes":""},"categories":[12],"tags":[32,33,36,37,23120,27,34,35,28,31,48,25,46,42,78,38,40,39,41,47,7312,29,30,435,26],"class_list":{"0":"post-172661","1":"post","2":"type-post","3":"status-publish","4":"format-standard","5":"has-post-thumbnail","7":"category-polska","8":"tag-breaking-news","9":"tag-breakingnews","10":"tag-featured-news","11":"tag-featurednews","12":"tag-gololedz","13":"tag-headlines","14":"tag-latest-news","15":"tag-latestnews","16":"tag-naglowki","17":"tag-najwazniejsze-artykuly","18":"tag-nat_styl","19":"tag-news","20":"tag-omp","21":"tag-pl","22":"tag-pogoda","23":"tag-poland","24":"tag-polish","25":"tag-polska","26":"tag-polski","27":"tag-screening_general","28":"tag-snieg","29":"tag-top-stories","30":"tag-topstories","31":"tag-warszawa","32":"tag-wiadomosci"},"share_on_mastodon":{"url":"https:\/\/pubeurope.com\/@pl\/115787575343674144","error":""},"_links":{"self":[{"href":"https:\/\/www.europesays.com\/pl\/wp-json\/wp\/v2\/posts\/172661","targetHints":{"allow":["GET"]}}],"collection":[{"href":"https:\/\/www.europesays.com\/pl\/wp-json\/wp\/v2\/posts"}],"about":[{"href":"https:\/\/www.europesays.com\/pl\/wp-json\/wp\/v2\/types\/post"}],"author":[{"embeddable":true,"href":"https:\/\/www.europesays.com\/pl\/wp-json\/wp\/v2\/users\/2"}],"replies":[{"embeddable":true,"href":"https:\/\/www.europesays.com\/pl\/wp-json\/wp\/v2\/comments?post=172661"}],"version-history":[{"count":0,"href":"https:\/\/www.europesays.com\/pl\/wp-json\/wp\/v2\/posts\/172661\/revisions"}],"wp:featuredmedia":[{"embeddable":true,"href":"https:\/\/www.europesays.com\/pl\/wp-json\/wp\/v2\/media\/172662"}],"wp:attachment":[{"href":"https:\/\/www.europesays.com\/pl\/wp-json\/wp\/v2\/media?parent=172661"}],"wp:term":[{"taxonomy":"category","embeddable":true,"href":"https:\/\/www.europesays.com\/pl\/wp-json\/wp\/v2\/categories?post=172661"},{"taxonomy":"post_tag","embeddable":true,"href":"https:\/\/www.europesays.com\/pl\/wp-json\/wp\/v2\/tags?post=172661"}],"curies":[{"name":"wp","href":"https:\/\/api.w.org\/{rel}","templated":true}]}}