{"id":172690,"date":"2025-12-26T19:58:08","date_gmt":"2025-12-26T19:58:08","guid":{"rendered":"https:\/\/www.europesays.com\/pl\/172690\/"},"modified":"2025-12-26T19:58:08","modified_gmt":"2025-12-26T19:58:08","slug":"joanna-lazer-w-swieta-bozego-narodzenia-stracila-ciaze-byla-wielka-cisza","status":"publish","type":"post","link":"https:\/\/www.europesays.com\/pl\/172690\/","title":{"rendered":"Joanna Lazer w \u015bwi\u0119ta Bo\u017cego Narodzenia straci\u0142a ci\u0105\u017c\u0119. &#8222;By\u0142a wielka cisza&#8221;"},"content":{"rendered":"<p class=\"ods-c-paragraph \">Pod koniec wrze\u015bnia 2025 r. <a href=\"https:\/\/plejada.pl\/temat\/joanna-lazer\/fz7ge0b\" id=\"16ab1c56-dd80-49e0-a1e5-d78bd159cd5b\" rel=\"nofollow noopener\" target=\"_blank\">Joanna Lazer <\/a>przekaza\u0142a swoim obserwatorom informacj\u0119 o narodzinach syna, kt\u00f3rego powita\u0142a na \u015bwiecie wraz z partnerem, \u0141ukaszem Lazerem. Opisuj\u0105c ten moment, podkre\u015bli\u0142a, \u017ce by\u0142 on dla niej prze\u0142omowy. Wokalistka wyzna\u0142a, \u017ce narodziny dziecka sprawi\u0142y, i\u017c jej \u017cycie <a href=\"https:\/\/plejada.pl\/newsy\/joanna-lazer-z-red-lips-urodzila-ujawnila-imie-syna\/855s26j\" id=\"311909dc-447e-42b2-ad05-f2ac10e837e5\" rel=\"nofollow noopener\" target=\"_blank\">ca\u0142kowicie si\u0119 zmieni\u0142o <\/a>i zacz\u0119\u0142a postrzega\u0107 \u015bwiat w inny spos\u00f3b. Jej s\u0142owa wywo\u0142a\u0142y liczne gratulacje od fan\u00f3w.<\/p>\n<p>Dalszy ci\u0105g artyku\u0142u pod materia\u0142em wideo<\/p>\n<p> Jak Joanna Lazer wspomina \u015bwi\u0119ta sprzed czterech lat? <\/p>\n<p> Kiedy Joanna Lazer przekaza\u0142a informacj\u0119 o narodzinach syna? <\/p>\n<p> Co Joanna Lazer radzi kobietom w podobnej sytuacji? <\/p>\n<p> Jakie emocje towarzyszy\u0142y Joannie Lazer w czasie tamtych \u015bwi\u0105t? <\/p>\n<p>  Joanna Lazer o \u015bwi\u0119tach Bo\u017cego Narodzenia sprzed czterech lat<\/p>\n<p class=\"ods-c-paragraph \">W okresie tegorocznych \u015bwi\u0105t Bo\u017cego Narodzenia Joanna Lazer wr\u00f3ci\u0142a do wspomnie\u0144 zwi\u0105zanych z trudnym okresem w swoim \u017cyciu. Zdecydowa\u0142a si\u0119 opowiedzie\u0107 o prze\u017cyciach sprzed czterech lat, kiedy \u015bwi\u0119ta nie by\u0142y dla niej powodem do rado\u015bci.<\/p>\n<blockquote class=\"ods-o-quota\">\n<p class=\"ods-o-quota__paragraph\">Nie by\u0142o choinki. Nie by\u0142o kol\u0119d. By\u0142a wielka cisza\u2026 By\u0142 szpital. Oddzia\u0142 patologii ci\u0105\u017cy. I ja \u2014 czekaj\u0105ca. Na zabieg. Na koniec czego\u015b, co dopiero co zacz\u0119\u0142o si\u0119 we mnie rodzi\u0107<\/p>\n<\/blockquote>\n<p class=\"ods-c-paragraph \">\u2014 wspomina\u0142a.<\/p>\n<p class=\"ods-c-paragraph \">To do\u015bwiadczenie, jak przyzna\u0142a, by\u0142o dla niej pierwszym &#8222;p\u0119kni\u0119ciem serca, kt\u00f3rego nikt nie uczy, jak posk\u0142ada\u0107 na nowo&#8221;. Joanna Lazer opisa\u0142a samotno\u015b\u0107 i b\u00f3l, kt\u00f3re towarzyszy\u0142y jej w tamtym czasie, gdy \u015bwiat wok\u00f3\u0142 zdawa\u0142 si\u0119 toczy\u0107 swoim rytmem, a jej \u017cycie zatrzyma\u0142o si\u0119 w miejscu.<\/p>\n<p class=\"ods-c-paragraph \">W swoim wpisie artystka zwr\u00f3ci\u0142a si\u0119 do kobiet, kt\u00f3re dzi\u015b mog\u0105 by\u0107 w podobnej sytuacji: &#8222;Je\u015bli czytasz to dzi\u015b i czujesz, \u017ce \u015bwi\u0119ta ci\u0119 omijaj\u0105\u2026 je\u015bli boli ci\u0119 ka\u017cdy rodzinny kadr, ka\u017cda bombka, ka\u017cde \u00bbweso\u0142ych\u00ab&#8230; je\u015bli jeste\u015b w miejscu, w kt\u00f3rym ja by\u0142am wtedy \u2014 chc\u0119, \u017ceby\u015b wiedzia\u0142a jedno: to nie jest tw\u00f3j koniec&#8221; \u2014 napisa\u0142a.<\/p>\n<p class=\"ods-c-paragraph \">Joanna Lazer podkre\u015bli\u0142a, \u017ce cho\u0107 min\u0119\u0142y cztery lata, a ona sama dzi\u015b trzyma w ramionach swojego syna, pami\u0119ta, jak trudna by\u0142a jej droga do macierzy\u0144stwa. &#8222;Cztery lata p\u00f3\u017aniej trzymam w ramionach mojego syna. \u017bywego. Ciep\u0142ego. Prawdziwego. I wiem, \u017ce tamte \u2014 najciemniejsze \u2014 \u015bwi\u0119ta nie by\u0142y ostatnim rozdzia\u0142em. To by\u0142a droga. Bardzo trudna. Ale prowadz\u0105ca do \u017cycia&#8221; \u2014 wyja\u015bni\u0142a.<\/p>\n<p class=\"ods-c-paragraph \">Wokalistka zach\u0119ca, by nie traci\u0107 nadziei nawet wtedy, gdy wszystko wydaje si\u0119 zbyt trudne. &#8222;Je\u015bli dzi\u015b jeste\u015b w mroku \u2014 prosz\u0119, oddychaj\u2026 Przetrwaj ten czas. Nawet je\u015bli jedyne, co mo\u017cesz zrobi\u0107, to po prostu by\u0107. Bo czasem najwi\u0119kszym cudem jest to, \u017ce nie przestajemy wierzy\u0107, nawet wtedy, gdy serce jest w kawa\u0142kach&#8221; \u2014 dodawa\u0142a otuchy wokalistka.<\/p>\n<blockquote class=\"ods-o-quota\">\n<p class=\"ods-o-quota__paragraph\">To s\u0105 moje pierwsze szcz\u0119\u015bliwe \u015bwi\u0119ta. I wierz\u0119, \u017ce Twoje s\u0105 jeszcze przed tob\u0105<\/p>\n<\/blockquote>\n<p class=\"ods-c-paragraph \">\u2014 wyzna\u0142a na zako\u0144czenie swojego wpisu Joanna Lazer.<\/p>\n<p class=\"ods-c-paragraph \">Dzi\u0119kujemy, \u017ce przeczyta\u0142a\u015b\/e\u015b nasz artyku\u0142 do ko\u0144ca. W serwisie Plejada.pl ka\u017cdego dnia piszemy o najwa\u017cniejszych wydarzeniach show-biznesowych. B\u0105d\u017a na bie\u017c\u0105co! <a rel=\"nofollow noopener\" href=\"https:\/\/news.google.com\/publications\/CAAiEF0PeAlb7W1llpV_mwV2rL4qFAgKIhBdD3gJW-1tZZaVf5sFdqy-?hl=pl&amp;gl=PL&amp;ceid=PL%3Apl\" id=\"1a4753ee-7609-4f21-889a-b252fddc4e6b\" target=\"_blank\">Obserwuj<\/a> Plejad\u0119 w Wiadomo\u015bciach Google. Odwied\u017a nas tak\u017ce na <a rel=\"nofollow noopener\" href=\"https:\/\/www.facebook.com\/plejadapl\" id=\"c5b6094f-2806-4b56-b7b6-3ec5b3f00cf7\" target=\"_blank\">Facebooku<\/a>, <a rel=\"nofollow noopener\" href=\"https:\/\/www.instagram.com\/plejadapl\/\" id=\"423f271f-780f-4ca2-9741-dfe5cf670b4a\" target=\"_blank\">Instagramie<\/a>, <a rel=\"nofollow noopener\" href=\"https:\/\/www.youtube.com\/c\/plejada\" id=\"49e87953-2e59-4218-8fdc-20b85c139e3a\" target=\"_blank\">YouTubie<\/a> oraz <a rel=\"nofollow noopener\" href=\"https:\/\/www.tiktok.com\/@plejada_pl\" id=\"038ab14b-74e1-45e4-8d11-8de2ac363abc\" target=\"_blank\">TikToku<\/a>.<\/p>\n<p class=\"ods-c-paragraph \">Chcesz podzieli\u0107 si\u0119 ciekawym newsem lub zaproponowa\u0107 temat? Skontaktuj si\u0119 z nami, pisz\u0105c maila na adres: plejada@redakcjaonet.pl.<\/p>\n<p><script async src=\"\/\/www.instagram.com\/embed.js\"><\/script><script async src=\"\/\/www.tiktok.com\/embed.js\"><\/script><\/p>\n","protected":false},"excerpt":{"rendered":"Pod koniec wrze\u015bnia 2025 r. Joanna Lazer przekaza\u0142a swoim obserwatorom informacj\u0119 o narodzinach syna, kt\u00f3rego powita\u0142a na \u015bwiecie&hellip;\n","protected":false},"author":2,"featured_media":172691,"comment_status":"","ping_status":"","sticky":false,"template":"","format":"standard","meta":{"footnotes":""},"categories":[22],"tags":[23150,2516,183,122,6917,48,125,46,42,38,40,39,41,123,47],"class_list":{"0":"post-172690","1":"post","2":"type-post","3":"status-publish","4":"format-standard","5":"has-post-thumbnail","7":"category-rozrywka","8":"tag-boze_narodzenie_wigilia","9":"tag-ciaza","10":"tag-dzieci_dziecko","11":"tag-entertainment","12":"tag-joanna_lazer","13":"tag-nat_styl","14":"tag-newsy","15":"tag-omp","16":"tag-pl","17":"tag-poland","18":"tag-polish","19":"tag-polska","20":"tag-polski","21":"tag-rozrywka","22":"tag-screening_general"},"share_on_mastodon":{"url":"https:\/\/pubeurope.com\/@pl\/115787641810618333","error":""},"_links":{"self":[{"href":"https:\/\/www.europesays.com\/pl\/wp-json\/wp\/v2\/posts\/172690","targetHints":{"allow":["GET"]}}],"collection":[{"href":"https:\/\/www.europesays.com\/pl\/wp-json\/wp\/v2\/posts"}],"about":[{"href":"https:\/\/www.europesays.com\/pl\/wp-json\/wp\/v2\/types\/post"}],"author":[{"embeddable":true,"href":"https:\/\/www.europesays.com\/pl\/wp-json\/wp\/v2\/users\/2"}],"replies":[{"embeddable":true,"href":"https:\/\/www.europesays.com\/pl\/wp-json\/wp\/v2\/comments?post=172690"}],"version-history":[{"count":0,"href":"https:\/\/www.europesays.com\/pl\/wp-json\/wp\/v2\/posts\/172690\/revisions"}],"wp:featuredmedia":[{"embeddable":true,"href":"https:\/\/www.europesays.com\/pl\/wp-json\/wp\/v2\/media\/172691"}],"wp:attachment":[{"href":"https:\/\/www.europesays.com\/pl\/wp-json\/wp\/v2\/media?parent=172690"}],"wp:term":[{"taxonomy":"category","embeddable":true,"href":"https:\/\/www.europesays.com\/pl\/wp-json\/wp\/v2\/categories?post=172690"},{"taxonomy":"post_tag","embeddable":true,"href":"https:\/\/www.europesays.com\/pl\/wp-json\/wp\/v2\/tags?post=172690"}],"curies":[{"name":"wp","href":"https:\/\/api.w.org\/{rel}","templated":true}]}}