{"id":172737,"date":"2025-12-26T20:26:11","date_gmt":"2025-12-26T20:26:11","guid":{"rendered":"https:\/\/www.europesays.com\/pl\/172737\/"},"modified":"2025-12-26T20:26:11","modified_gmt":"2025-12-26T20:26:11","slug":"aktorska-dziesiatka-2026-r-im-warto-sie-przygladac","status":"publish","type":"post","link":"https:\/\/www.europesays.com\/pl\/172737\/","title":{"rendered":"Aktorska &#8222;dziesi\u0105tka&#8221; 2026 r. Im warto si\u0119 przygl\u0105da\u0107"},"content":{"rendered":"<p class=\"Paragraph_desktopParagraph__U31Gm\">Na pocz\u0105tku 2025 r. dowiedzieli\u015bmy si\u0119, \u017ce Marcin wyst\u0105pi\u0142 z Richardem Gere&#8217;em i Michaelem Fassbenderem w szpiegowskiej produkcji &#8222;Agencja&#8221;. \u2014 Samo do\u015bwiadczenie spotkania takich legend jest niesamowite. Chocia\u017c, kiedy jecha\u0142em na plan, my\u015bla\u0142em sobie, czy na pewno umiem wystarczaj\u0105co &#8222;w aktorstwo&#8221;, \u017ceby tam by\u0107, w g\u0142owie tworzy\u0142y mi si\u0119 w\u0142a\u015bnie takie wizje&#8230; Tymczasem przybijali\u015bmy sobie pi\u0105tk\u0119. Wiedzieli\u015bmy, \u017ce jeste\u015bmy tam, \u017ceby zrobi\u0107 supersceny \u2014 m\u00f3wi\u0142 Onetowi Zarzeczny, dzi\u015b gwiazda serialu TVP &#8222;Czarna \u015bmier\u0107&#8221;. Poza planem pomaga kolegom po fachu poszerza\u0107 horyzonty jako licencjonowany nauczyciel Techniki Chubbuck.<\/p>\n","protected":false},"excerpt":{"rendered":"Na pocz\u0105tku 2025 r. dowiedzieli\u015bmy si\u0119, \u017ce Marcin wyst\u0105pi\u0142 z Richardem Gere&#8217;em i Michaelem Fassbenderem w szpiegowskiej produkcji&hellip;\n","protected":false},"author":2,"featured_media":172738,"comment_status":"","ping_status":"","sticky":false,"template":"","format":"standard","meta":{"footnotes":""},"categories":[22],"tags":[217,12269,122,66,67,12270,261,33945,33943,8426,14963,216,53,52,68,51,55,42,38,40,39,41,123,47,33944,7581,50],"class_list":{"0":"post-172737","1":"post","2":"type-post","3":"status-publish","4":"format-standard","5":"has-post-thumbnail","7":"category-rozrywka","8":"tag-217","9":"tag-bartlomiej_kotschedoff","10":"tag-entertainment","11":"tag-give_me_perspective","12":"tag-intextvideo_splayer","13":"tag-katarzyna_wajda_aktorka","14":"tag-kultura","15":"tag-marcin_januszkiewicz","16":"tag-marcin_zarzeczny_aktor","17":"tag-najnowsze","18":"tag-nela_maciejewska","19":"tag-netflix","20":"tag-new_header","21":"tag-onet3","22":"tag-onet3d","23":"tag-onet3d_2i","24":"tag-phx","25":"tag-pl","26":"tag-poland","27":"tag-polish","28":"tag-polska","29":"tag-polski","30":"tag-rozrywka","31":"tag-screening_general","32":"tag-sebastian_cybulski","33":"tag-serial_seriale","34":"tag-v2021"},"share_on_mastodon":{"url":"https:\/\/pubeurope.com\/@pl\/115787752118520500","error":""},"_links":{"self":[{"href":"https:\/\/www.europesays.com\/pl\/wp-json\/wp\/v2\/posts\/172737","targetHints":{"allow":["GET"]}}],"collection":[{"href":"https:\/\/www.europesays.com\/pl\/wp-json\/wp\/v2\/posts"}],"about":[{"href":"https:\/\/www.europesays.com\/pl\/wp-json\/wp\/v2\/types\/post"}],"author":[{"embeddable":true,"href":"https:\/\/www.europesays.com\/pl\/wp-json\/wp\/v2\/users\/2"}],"replies":[{"embeddable":true,"href":"https:\/\/www.europesays.com\/pl\/wp-json\/wp\/v2\/comments?post=172737"}],"version-history":[{"count":0,"href":"https:\/\/www.europesays.com\/pl\/wp-json\/wp\/v2\/posts\/172737\/revisions"}],"wp:featuredmedia":[{"embeddable":true,"href":"https:\/\/www.europesays.com\/pl\/wp-json\/wp\/v2\/media\/172738"}],"wp:attachment":[{"href":"https:\/\/www.europesays.com\/pl\/wp-json\/wp\/v2\/media?parent=172737"}],"wp:term":[{"taxonomy":"category","embeddable":true,"href":"https:\/\/www.europesays.com\/pl\/wp-json\/wp\/v2\/categories?post=172737"},{"taxonomy":"post_tag","embeddable":true,"href":"https:\/\/www.europesays.com\/pl\/wp-json\/wp\/v2\/tags?post=172737"}],"curies":[{"name":"wp","href":"https:\/\/api.w.org\/{rel}","templated":true}]}}