{"id":172766,"date":"2025-12-26T20:44:11","date_gmt":"2025-12-26T20:44:11","guid":{"rendered":"https:\/\/www.europesays.com\/pl\/172766\/"},"modified":"2025-12-26T20:44:11","modified_gmt":"2025-12-26T20:44:11","slug":"cialo-mezczyzny-przy-jeziorze-makabryczne-odkrycie-w-dobromierzu","status":"publish","type":"post","link":"https:\/\/www.europesays.com\/pl\/172766\/","title":{"rendered":"Cia\u0142o m\u0119\u017cczyzny przy jeziorze. Makabryczne odkrycie w Dobromierzu"},"content":{"rendered":"<p class=\"ods-c-paragraph \">Zg\u0142oszenie o odnalezionych zw\u0142okach w korycie rzeki przy Jeziorze Dobromierskim policjanci otrzymali rankiem w drugi dzie\u0144 \u015awi\u0105t Bo\u017cego Narodzenia \u2014 o godz. 8.35.<\/p>\n<p> Gdzie znaleziono cia\u0142o m\u0119\u017cczyzny? <\/p>\n<p> Ile lat mia\u0142 m\u0119\u017cczyzna, kt\u00f3rego cia\u0142o znaleziono? <\/p>\n<p> Kiedy dokonano odkrycia cia\u0142a? <\/p>\n<p> Jakie by\u0142y oznaki zgonu cia\u0142a? <\/p>\n<p class=\"ods-c-paragraph \">Jak przekaza\u0142a w rozmowie z portalem swidnica24.pl asp. Magdalena Z\u0105bek z Komendy Powiatowej Policji w \u015awidnicy, wed\u0142ug ustale\u0144 policji cia\u0142o nale\u017ca\u0142o do 55-letniego mieszka\u0144ca powiatu \u015bwidnickiego.<\/p>\n<p class=\"ods-c-paragraph \">Na miejsce skierowano r\u00f3wnie\u017c dwa zast\u0119py stra\u017cy po\u017carnej. Bryg. \u0141ukasz Grzelak z Komendy Powiatowej PSP w \u015awidnicy powiedzia\u0142 portalowi swidnica24.pl, \u017ce cia\u0142o nosi\u0142o &#8222;wyra\u017ane oznaki zgonu&#8221;, dlatego nie podj\u0119to czynno\u015bci resuscytacyjnych.<\/p>\n<p class=\"ods-c-paragraph \">Policja pr\u00f3buje ustali\u0107 okoliczno\u015bci i przyczyn\u0119 \u015bmierci m\u0119\u017cczyzny.<\/p>\n","protected":false},"excerpt":{"rendered":"Zg\u0142oszenie o odnalezionych zw\u0142okach w korycie rzeki przy Jeziorze Dobromierskim policjanci otrzymali rankiem w drugi dzie\u0144 \u015awi\u0105t Bo\u017cego&hellip;\n","protected":false},"author":2,"featured_media":172767,"comment_status":"","ping_status":"","sticky":false,"template":"","format":"standard","meta":{"footnotes":""},"categories":[12],"tags":[32,33,36,37,27,34,35,28,31,48,25,46,42,38,414,40,39,41,47,3842,29,30,26,1853],"class_list":{"0":"post-172766","1":"post","2":"type-post","3":"status-publish","4":"format-standard","5":"has-post-thumbnail","7":"category-polska","8":"tag-breaking-news","9":"tag-breakingnews","10":"tag-featured-news","11":"tag-featurednews","12":"tag-headlines","13":"tag-latest-news","14":"tag-latestnews","15":"tag-naglowki","16":"tag-najwazniejsze-artykuly","17":"tag-nat_styl","18":"tag-news","19":"tag-omp","20":"tag-pl","21":"tag-poland","22":"tag-policja","23":"tag-polish","24":"tag-polska","25":"tag-polski","26":"tag-screening_general","27":"tag-straz_pozarna_strazacy","28":"tag-top-stories","29":"tag-topstories","30":"tag-wiadomosci","31":"tag-wroclaw"},"share_on_mastodon":{"url":"https:\/\/pubeurope.com\/@pl\/115787822833451728","error":""},"_links":{"self":[{"href":"https:\/\/www.europesays.com\/pl\/wp-json\/wp\/v2\/posts\/172766","targetHints":{"allow":["GET"]}}],"collection":[{"href":"https:\/\/www.europesays.com\/pl\/wp-json\/wp\/v2\/posts"}],"about":[{"href":"https:\/\/www.europesays.com\/pl\/wp-json\/wp\/v2\/types\/post"}],"author":[{"embeddable":true,"href":"https:\/\/www.europesays.com\/pl\/wp-json\/wp\/v2\/users\/2"}],"replies":[{"embeddable":true,"href":"https:\/\/www.europesays.com\/pl\/wp-json\/wp\/v2\/comments?post=172766"}],"version-history":[{"count":0,"href":"https:\/\/www.europesays.com\/pl\/wp-json\/wp\/v2\/posts\/172766\/revisions"}],"wp:featuredmedia":[{"embeddable":true,"href":"https:\/\/www.europesays.com\/pl\/wp-json\/wp\/v2\/media\/172767"}],"wp:attachment":[{"href":"https:\/\/www.europesays.com\/pl\/wp-json\/wp\/v2\/media?parent=172766"}],"wp:term":[{"taxonomy":"category","embeddable":true,"href":"https:\/\/www.europesays.com\/pl\/wp-json\/wp\/v2\/categories?post=172766"},{"taxonomy":"post_tag","embeddable":true,"href":"https:\/\/www.europesays.com\/pl\/wp-json\/wp\/v2\/tags?post=172766"}],"curies":[{"name":"wp","href":"https:\/\/api.w.org\/{rel}","templated":true}]}}