{"id":172790,"date":"2025-12-26T21:05:09","date_gmt":"2025-12-26T21:05:09","guid":{"rendered":"https:\/\/www.europesays.com\/pl\/172790\/"},"modified":"2025-12-26T21:05:09","modified_gmt":"2025-12-26T21:05:09","slug":"strzyzewice-zaginal-podczas-koledowania-policjanci-uratowali-zycie-17-latkowi","status":"publish","type":"post","link":"https:\/\/www.europesays.com\/pl\/172790\/","title":{"rendered":"Strzy\u017cewice. Zagin\u0105\u0142 podczas kol\u0119dowania. Policjanci uratowali \u017cycie 17-latkowi"},"content":{"rendered":"<p>&#13;<br \/>\n        \t\u015awi\u0105teczne kol\u0119dowanie w gminie Strzy\u017cewice (wojew\u00f3dztwo lubelskie) przybra\u0142o niespodziewany obr\u00f3t, ko\u0144cz\u0105c si\u0119 interwencj\u0105 policji i poszukiwaniami w trudnych warunkach pogodowych. Zaginiony 17-latek zosta\u0142 odnaleziony w nocy dzi\u0119ki u\u017cyciu psa tropi\u0105cego.&#13;\n        \t<\/p>\n<p>Policja z psem tropi\u0105cym poszukiwa\u0142a zaginionego kol\u0119dnika w okolicach Lublina<\/p>\n<p>Do zdarzenia dosz\u0142o w czwartek. Grupa m\u0142odych ludzi odwiedza\u0142a domy mieszka\u0144c\u00f3w gminy, podtrzymuj\u0105c tradycj\u0119 kol\u0119dowania. W trakcie obchodu 17-letni uczestnik grupy oddali\u0142 si\u0119 od towarzyszy i nie wr\u00f3ci\u0142 do domu.<\/p>\n<p>\u00a0<\/p>\n<p>Pocz\u0105tkowo rodzina nastolatka podj\u0119\u0142a pr\u00f3b\u0119 odnalezienia go na w\u0142asn\u0105 r\u0119k\u0119. Sytuacj\u0119 utrudnia\u0142 fakt, \u017ce ch\u0142opak nie posiada\u0142 przy sobie telefonu kom\u00f3rkowego, co uniemo\u017cliwia\u0142o nawi\u0105zanie z nim kontaktu. Gdy samodzielne poszukiwania nie przynios\u0142y rezultatu, bliscy powiadomili policj\u0119.<\/p>\n<p>Strzy\u017cewice. Pies tropi\u0105cy w poszukiwaniu kol\u0119dnika<\/p>\n<p>Zg\u0142oszenie postawi\u0142o funkcjonariuszy w stan gotowo\u015bci, szczeg\u00f3lnie ze wzgl\u0119du na panuj\u0105ce na zewn\u0105trz niskie temperatury oraz informacj\u0119, \u017ce 17-latek znajdowa\u0142 si\u0119 pod wp\u0142ywem alkoholu. Do dzia\u0142a\u0144 skierowano si\u0142y policyjne wyposa\u017cone w specjalistyczny sprz\u0119t oraz psa tropi\u0105cego.<\/p>\n<p>\u00a0<\/p>\n<p>ZOBACZ: <a href=\"https:\/\/www.polsatnews.pl\/wiadomosc\/2025-12-26\/dramat-na-podlasiu-nie-zyje-18-latek-lezal-pod-dyskoteka\/\" target=\"_blank\" rel=\"noopener noreferrer nofollow\">Dramat na Podlasiu. Nie \u017cyje 18-latek, le\u017ca\u0142 pod dyskotek\u0105<\/a><\/p>\n<p>\u00a0<\/p>\n<p>Jak relacjonuje m\u0142odszy aspirant Beata Kieliszek z lubelskiej policji, to w\u0142a\u015bnie zwierz\u0119 odegra\u0142o kluczow\u0105 rol\u0119 w akcji, doprowadzaj\u0105c funkcjonariuszy do miejsca przebywania zaginionego.<\/p>\n<p>\u00a0<\/p>\n<p>Poszukiwania zako\u0144czy\u0142y si\u0119 sukcesem oko\u0142o godziny 1:00 w nocy. Nastolatka odnaleziono w miejscowo\u015bci Osmolice Pierwsze. M\u0142ody m\u0119\u017cczyzna by\u0142 wych\u0142odzony i wymaga\u0142 pomocy medycznej, kt\u00f3ra zosta\u0142a mu niezw\u0142ocznie udzielona przez s\u0142u\u017cby ratunkowe.<\/p>\n<p>\u00a0<\/p>\n<p>Widzia\u0142e\u015b co\u015b wa\u017cnego? Przy\u015blij zdj\u0119cie, film lub napisz, co si\u0119 sta\u0142o. Skorzystaj z naszej <a href=\"https:\/\/www.polsatnews.pl\/platforma-widzow\/\" target=\"_blank\" rel=\"noopener noreferrer nofollow\">Wrzutni<\/a><\/p>\n<p>                <img decoding=\"async\" src=\"https:\/\/www.europesays.com\/pl\/wp-content\/uploads\/2025\/12\/unaorhsvqvh56e8c6e4tacqo7hokq5z5.jpg\" alt=\"\" itemprop=\"contentUrl\" style=\"position:absolute; width: 100%; max-height: 100%;\"\/><video controls=\"\" controlslist=\"nodownload\" poster=\"https:\/\/www.europesays.com\/pl\/wp-content\/uploads\/2025\/12\/unaorhsvqvh56e8c6e4tacqo7hokq5z5.jpg\" class=\"videoPlayer player6855924 news__video\" data-id=\"6855924\">Twoja przegl\u0105darka nie wspiera odtwarzacza wideo&#8230;<\/video><\/p>\n<p>                <a class=\"news__read-more-button\" href=\"https:\/\/www.polsatnews.pl\/\" rel=\"nofollow noopener\" target=\"_blank\">Czytaj wi\u0119cej<\/a><\/p>\n<p>\t\t\tChcesz by\u0107 na bie\u017c\u0105co z najnowszymi newsami?<\/p>\n<p class=\"app-ad__preview\">Jeste\u015bmy w aplikacji na Tw\u00f3j telefon. Sprawd\u017a\u00a0nas!<\/p>\n","protected":false},"excerpt":{"rendered":"&#13; \u015awi\u0105teczne kol\u0119dowanie w gminie Strzy\u017cewice (wojew\u00f3dztwo lubelskie) przybra\u0142o niespodziewany obr\u00f3t, ko\u0144cz\u0105c si\u0119 interwencj\u0105 policji i poszukiwaniami w&hellip;\n","protected":false},"author":2,"featured_media":172791,"comment_status":"","ping_status":"","sticky":false,"template":"","format":"standard","meta":{"footnotes":""},"categories":[12],"tags":[32,33,36,37,27,34,35,28,31,25,42,38,40,39,41,29,30,26],"class_list":{"0":"post-172790","1":"post","2":"type-post","3":"status-publish","4":"format-standard","5":"has-post-thumbnail","7":"category-polska","8":"tag-breaking-news","9":"tag-breakingnews","10":"tag-featured-news","11":"tag-featurednews","12":"tag-headlines","13":"tag-latest-news","14":"tag-latestnews","15":"tag-naglowki","16":"tag-najwazniejsze-artykuly","17":"tag-news","18":"tag-pl","19":"tag-poland","20":"tag-polish","21":"tag-polska","22":"tag-polski","23":"tag-top-stories","24":"tag-topstories","25":"tag-wiadomosci"},"share_on_mastodon":{"url":"https:\/\/pubeurope.com\/@pl\/115787905604591186","error":""},"_links":{"self":[{"href":"https:\/\/www.europesays.com\/pl\/wp-json\/wp\/v2\/posts\/172790","targetHints":{"allow":["GET"]}}],"collection":[{"href":"https:\/\/www.europesays.com\/pl\/wp-json\/wp\/v2\/posts"}],"about":[{"href":"https:\/\/www.europesays.com\/pl\/wp-json\/wp\/v2\/types\/post"}],"author":[{"embeddable":true,"href":"https:\/\/www.europesays.com\/pl\/wp-json\/wp\/v2\/users\/2"}],"replies":[{"embeddable":true,"href":"https:\/\/www.europesays.com\/pl\/wp-json\/wp\/v2\/comments?post=172790"}],"version-history":[{"count":0,"href":"https:\/\/www.europesays.com\/pl\/wp-json\/wp\/v2\/posts\/172790\/revisions"}],"wp:featuredmedia":[{"embeddable":true,"href":"https:\/\/www.europesays.com\/pl\/wp-json\/wp\/v2\/media\/172791"}],"wp:attachment":[{"href":"https:\/\/www.europesays.com\/pl\/wp-json\/wp\/v2\/media?parent=172790"}],"wp:term":[{"taxonomy":"category","embeddable":true,"href":"https:\/\/www.europesays.com\/pl\/wp-json\/wp\/v2\/categories?post=172790"},{"taxonomy":"post_tag","embeddable":true,"href":"https:\/\/www.europesays.com\/pl\/wp-json\/wp\/v2\/tags?post=172790"}],"curies":[{"name":"wp","href":"https:\/\/api.w.org\/{rel}","templated":true}]}}