{"id":172796,"date":"2025-12-26T21:08:11","date_gmt":"2025-12-26T21:08:11","guid":{"rendered":"https:\/\/www.europesays.com\/pl\/172796\/"},"modified":"2025-12-26T21:08:11","modified_gmt":"2025-12-26T21:08:11","slug":"mama-macieja-musiala-pokazala-meza-jak-wyglada","status":"publish","type":"post","link":"https:\/\/www.europesays.com\/pl\/172796\/","title":{"rendered":"Mama Macieja Musia\u0142a pokaza\u0142a m\u0119\u017ca. Jak wygl\u0105da?"},"content":{"rendered":"<p>Maciej Musia\u0142 to jeden z\u00a0najbardziej lubianych polskich aktor\u00f3w m\u0142odego pokolenia. Maciek s\u0142ynie z\u00a0dobrego PR-u, uchodzi nie tylko za przystojnego, ale te\u017c dobrze wychowanego go\u015bcia. Na organizowanych przez siebie pota\u0144c\u00f3wkach obraca m\u0142ode i\u00a0troch\u0119 starsze uczestniczki zabawy, a\u00a0chyba wszyscy pami\u0119tamy, jak\u0105 furor\u0119 zrobi\u0142a jego tegoroczna aukcja na <a href=\"https:\/\/www.pudelek.pl\/tag\/wo%C5%9Bp\/\" rel=\"noopener noreferrer nofollow\" target=\"_blank\">WO\u015aP<\/a>, w\u00a0kt\u00f3rej oferowa\u0142 sprz\u0105tanie mieszkania do &#8222;Explosion&#8221; duetu Kalwi &amp; Remi. Aktor wielokrotnie podkre\u015bla\u0142, \u017ce rodzinne relacje s\u0105 dla niego bardzo wa\u017cne. W\u00a0jednym ze specjalnych odcink\u00f3w &#8222;Ta\u0144ca z\u00a0Gwiazdami&#8221; zaprosi\u0142 wi\u0119c na parkiet swoj\u0105 mam\u0119, Ann\u0119 Markiewicz-Musia\u0142.<\/p>\n<p>Rodzice <a href=\"https:\/\/www.pudelek.pl\/wasaty-maciej-musial-parkuje-swoim-mercedesem-na-zakazie-zastawil-brame-nieladnie-zdjecia-7227718570089376g\" rel=\"noopener noreferrer nofollow\" target=\"_blank\">Macieja Musia\u0142a<\/a> rozstali si\u0119 w\u00a02014 roku i\u00a0od tamtej pory ka\u017cde z\u00a0nich uk\u0142ada\u0142o sobie \u017cycie na nowo. W\u00a0zesz\u0142ym roku mama aktora powiedzia\u0142a sakramentalne &#8222;tak&#8221; swojemu nowemu ukochanemu. Naprawd\u0119 rzadko pokazuj\u0105 si\u0119 w\u00a0sieci jako para -wybranek Anny najwyra\u017aniej nie przepada za pokazywaniem wizerunku, a\u00a0ona w\u00a0pe\u0142ni to akceptuje. Tym razem zdarzy\u0142 si\u0119 jednak wyj\u0105tek &#8211;\u00a0m\u0105\u017c Ani pojawi\u0142 si\u0119 w\u00a0jej \u015bwi\u0105tecznym po\u015bcie z\u00a0\u017cyczeniami dla bliskich i\u00a0widz\u00f3w.<\/p>\n<p>Maciej Musia\u0142 w\u00a0\u201eRodzince.pl\u201d zagra\u0142 ojca. Prywatnie marzy o\u00a0za\u0142o\u017ceniu rodziny. Jak reaguje na\u00a0paparazzi na\u00a0mie\u015bcie? <\/p>\n<p>Anna Musia\u0142 opublikowa\u0142a kilka fotek w\u00a0\u015bwi\u0105tecznym klimacie. Na kilku z\u00a0nich wida\u0107 jej m\u0119\u017ca: na jednym w\u00a0niewyra\u017anym odbiciu witryny sklepowej, na drugim z\u00a0profilu, kiedy kupuje kaw\u0119, a\u00a0na kolejnym za\u0142apa\u0142 si\u0119 nawet fragment jego twarzy. <\/p>\n<p>Mama aktora opr\u00f3cz tego pokaza\u0142a \u015bwi\u0105teczny st\u00f3\u0142 z\u00a0obowi\u0105zkowym barszczem, choink\u0119 i\u00a0odpoczynek przy grach karcianych. Anna Musia\u0142 z\u0142o\u017cy\u0142a tak\u017ce obserwuj\u0105cym ciep\u0142e \u017cyczenia. <\/p>\n<p>Niech te \u015awi\u0119ta b\u0119d\u0105 mi\u0119kkie. Nieidealne. Prawdziwe. Takie, w kt\u00f3rych mo\u017cna by\u0107 sob\u0105 &#8211; nawet je\u015bli to &#8222;sob\u0105&#8221; jest w tym roku troch\u0119 inaczej ni\u017c zwykle<\/p>\n<p>&#8211; napisa\u0142a na Instagramie.\u00a0<\/p>\n<p>Jeste\u015bcie ciekawi, jak dok\u0142adnie wygl\u0105da jej wybranek?<\/p>\n","protected":false},"excerpt":{"rendered":"Maciej Musia\u0142 to jeden z\u00a0najbardziej lubianych polskich aktor\u00f3w m\u0142odego pokolenia. Maciek s\u0142ynie z\u00a0dobrego PR-u, uchodzi nie tylko za&hellip;\n","protected":false},"author":2,"featured_media":172797,"comment_status":"","ping_status":"","sticky":false,"template":"","format":"standard","meta":{"footnotes":""},"categories":[22],"tags":[122,42,38,40,39,41,123],"class_list":{"0":"post-172796","1":"post","2":"type-post","3":"status-publish","4":"format-standard","5":"has-post-thumbnail","7":"category-rozrywka","8":"tag-entertainment","9":"tag-pl","10":"tag-poland","11":"tag-polish","12":"tag-polska","13":"tag-polski","14":"tag-rozrywka"},"share_on_mastodon":{"url":"https:\/\/pubeurope.com\/@pl\/115787917136740024","error":""},"_links":{"self":[{"href":"https:\/\/www.europesays.com\/pl\/wp-json\/wp\/v2\/posts\/172796","targetHints":{"allow":["GET"]}}],"collection":[{"href":"https:\/\/www.europesays.com\/pl\/wp-json\/wp\/v2\/posts"}],"about":[{"href":"https:\/\/www.europesays.com\/pl\/wp-json\/wp\/v2\/types\/post"}],"author":[{"embeddable":true,"href":"https:\/\/www.europesays.com\/pl\/wp-json\/wp\/v2\/users\/2"}],"replies":[{"embeddable":true,"href":"https:\/\/www.europesays.com\/pl\/wp-json\/wp\/v2\/comments?post=172796"}],"version-history":[{"count":0,"href":"https:\/\/www.europesays.com\/pl\/wp-json\/wp\/v2\/posts\/172796\/revisions"}],"wp:featuredmedia":[{"embeddable":true,"href":"https:\/\/www.europesays.com\/pl\/wp-json\/wp\/v2\/media\/172797"}],"wp:attachment":[{"href":"https:\/\/www.europesays.com\/pl\/wp-json\/wp\/v2\/media?parent=172796"}],"wp:term":[{"taxonomy":"category","embeddable":true,"href":"https:\/\/www.europesays.com\/pl\/wp-json\/wp\/v2\/categories?post=172796"},{"taxonomy":"post_tag","embeddable":true,"href":"https:\/\/www.europesays.com\/pl\/wp-json\/wp\/v2\/tags?post=172796"}],"curies":[{"name":"wp","href":"https:\/\/api.w.org\/{rel}","templated":true}]}}