{"id":172821,"date":"2025-12-26T21:28:12","date_gmt":"2025-12-26T21:28:12","guid":{"rendered":"https:\/\/www.europesays.com\/pl\/172821\/"},"modified":"2025-12-26T21:28:12","modified_gmt":"2025-12-26T21:28:12","slug":"oto-co-ominie-ige-swiatek-aryna-sabalenka-wkracza-do-bitwy-plci","status":"publish","type":"post","link":"https:\/\/www.europesays.com\/pl\/172821\/","title":{"rendered":"Oto co ominie Ig\u0119 \u015awi\u0105tek. Aryna Sabalenka wkracza do &#8222;bitwy p\u0142ci&#8221;"},"content":{"rendered":"<p class=\"Paragraph_desktopParagraph__Fd2e9\">Zmagaj\u0105cy si\u0119 od d\u0142u\u017cszego czasu z k\u0142opotami zdrowotnymi Australijczyk, finalista Wimbledonu 2022, nie rozegra\u0142 oficjalnego meczu od marca, ale ostatnio zwr\u00f3ci\u0142 na siebie uwag\u0119 kontrowersyjnymi opiniami. Na korcie te\u017c zawsze s\u0142yn\u0105\u0142 z wybuchowego charakteru.<\/p>\n<p>W niedziel\u0119 w Dubaju kolejna ods\u0142ona tenisowej &#8222;bitwy p\u0142ci&#8221; \u2014 Sabalenka kontra Kyrgios<\/p>\n<p class=\"Paragraph_desktopParagraph__Fd2e9\">Sabalenka tu\u017c po og\u0142oszeniu, \u017ce do potyczki dojdzie zapowiedzia\u0142a, \u017ce zrobi wszystko, by Kyrgiosowi &#8222;skopa\u0107 ty\u0142ek&#8221;, bo jej wygrana by\u0142aby &#8222;dobr\u0105 wiadomo\u015bci\u0105 dla kobiecego tenisa&#8221;.<\/p>\n<p class=\"Paragraph_desktopParagraph__Fd2e9\">\u2014 A jak przegram? My\u015bl\u0119, \u017ce to nie b\u0119dzie mia\u0142o wp\u0142ywu na kobiecy sport. Chodzi o to, \u017ceby\u015bmy si\u0119 dobrze bawili i dostarczyli troch\u0119 rozrywki publiczno\u015bci. I jak w sporcie \u2014 kto\u015b wygra, a kto\u015b przegra \u2014 studzi\u0142a emocje Bia\u0142orusinka.<\/p>\n<p class=\"VideoPlayerText_videoPlayerText__zrtJk\">Dalszy ci\u0105g materia\u0142u pod wideo<\/p>\n<p class=\"Paragraph_desktopParagraph__Fd2e9\">Nie b\u0119dzie to pierwszy pojedynek okre\u015blany mianem &#8222;bitwa p\u0142ci&#8221;.<\/p>\n<p class=\"Paragraph_desktopParagraph__Fd2e9\">W 1973 roku Bobby Riggs, by\u0142y numer jeden rankingu i mistrz Wimbledonu, maj\u0105c 55 lat rzuci\u0142 wyzwanie kr\u00f3luj\u0105cej w\u00f3wczas na \u015bwiatowych kortach Australijce Margaret Court i w kalifornijskiej Ramonie zwyci\u0119\u017cy\u0142 6:2, 6:1. Mecz przeszed\u0142 do historii jako &#8222;Masakra w Dzie\u0144 Matki&#8221;, bowiem w wielu krajach obchodzony jest on w\u0142a\u015bnie 13 maja.<\/p>\n<p class=\"Paragraph_desktopParagraph__Fd2e9\">Cztery miesi\u0105ce p\u00f3\u017aniej w Houston Riggs musia\u0142 jednak uzna\u0107 wy\u017cszo\u015b\u0107 Billie Jean King, kt\u00f3ra wygra\u0142a 6:4, 6:3, 6:3. W samych Stanach Zjednoczonych mecz obejrza\u0142o w telewizji ponad 50 milion\u00f3w widz\u00f3w. Wynik by\u0142 wielokrotnie podwa\u017cany przez twierdzenia, \u017ce mecz zosta\u0142 ustawiony, czemu Riggs zaprzecza\u0142 a\u017c do swojej \u015bmierci w 1995 roku. Ta historia zosta\u0142a zekranizowana w 2017 roku, a film nosi tytu\u0142 w\u0142a\u015bnie &#8222;Wojna p\u0142ci&#8221;.<\/p>\n<p class=\"Paragraph_desktopParagraph__Fd2e9\">King uwa\u017ca, \u017ce pojedynek w Dubaju trudno por\u00f3wna\u0107 do tego, co dzia\u0142o si\u0119 w Houston, gdy jej rywalem by\u0142 Riggs.<\/p>\n<p class=\"Paragraph_desktopParagraph__Fd2e9\">\u2014 Jedyne podobie\u0144stwo jest takie, \u017ce po jednej stronie kortu stanie kobieta, a po drugiej m\u0119\u017cczyzna \u2014 powiedzia\u0142a niedawno w wywiadzie dla BBC.<\/p>\n<p class=\"Paragraph_desktopParagraph__Fd2e9\">Jak t\u0142umaczy\u0142a, p\u00f3\u0142 wieku temu nie dotyczy\u0142 starcia na korcie kobiety z m\u0119\u017cczyzn\u0105, a&#8230; zmiany spo\u0142ecznej. \u2014 Teraz kobiecy tenis ma znacznie bardziej ugruntowan\u0105 pozycj\u0119, a pula nagr\u00f3d znacznie wzros\u0142a. Oczywi\u015bcie mam nadziej\u0119, \u017ce Sabalenka wygra, ale to ju\u017c nie to samo, co wtedy. Ja w 1973 mia\u0142am o wiele wi\u0119cej powod\u00f3w, by wygra\u0107. To by\u0142 bardzo polityczny mecz \u2014 zaznaczy\u0142a 82-latka.<\/p>\n<p class=\"Paragraph_desktopParagraph__Fd2e9\">Zasady r\u00f3wnie\u017c b\u0119d\u0105 inne. Badania, na kt\u00f3re powo\u0142uj\u0105 si\u0119 organizatorzy, wskazuj\u0105, \u017ce kobiety poruszaj\u0105 si\u0119 po korcie dziewi\u0119\u0107 procent wolniej ni\u017c m\u0119\u017cczy\u017ani, dlatego po\u0142owa kortu Sabalenki b\u0119dzie o dziewi\u0119\u0107 procent mniejsza od po\u0142owy Kyrgiosa. Oboje graj\u0105cy b\u0119d\u0105 mie\u0107 do dyspozycji jeden serwis, a mecz b\u0119dzie rozgrywany do dw\u00f3ch wygranych set\u00f3w. Gdyby dosz\u0142o do tie-breaka w trzeciej, decyduj\u0105cej partii, to b\u0119dzie on rozgrywany do 10 punkt\u00f3w.<\/p>\n<p class=\"Paragraph_desktopParagraph__Fd2e9\">\u2014 My z Bobbym grali\u015bmy &#8222;normalnie&#8221;, czyli do trzech wygranych set\u00f3w, a boisko by\u0142o identyczne po obu stronach \u2014 przypomnia\u0142a King.<\/p>\n<p class=\"Paragraph_desktopParagraph__Fd2e9\">Po jej pojedynku z Riggsem jeszcze kilkakrotnie dochodzi\u0142o po damsko-m\u0119skiej rywalizacji, m.in. w 1998 roku Niemiec Karsten Braasch pokona\u0142 w pojedynczych setach wkraczaj\u0105ce wtedy dopiero na tenisowe salony ameryka\u0144skie siostry Seren\u0119 i Venus Williams.<\/p>\n<p class=\"Paragraph_desktopParagraph__Fd2e9\">W 2021 roku przy okazji turnieju WTA Poland Open w Gdyni pokazowego tie-breaka rozegrali Hubert Hurkacz i Iga \u015awi\u0105tek, kt\u00f3ra zwyci\u0119\u017cy\u0142a 7-4.<\/p>\n<p class=\"Paragraph_desktopParagraph__Fd2e9\">\u0179r\u00f3d\u0142o informacji: Polska Agencja Prasowa<\/p>\n","protected":false},"excerpt":{"rendered":"Zmagaj\u0105cy si\u0119 od d\u0142u\u017cszego czasu z k\u0142opotami zdrowotnymi Australijczyk, finalista Wimbledonu 2022, nie rozegra\u0142 oficjalnego meczu od marca,&hellip;\n","protected":false},"author":2,"featured_media":172822,"comment_status":"","ping_status":"","sticky":false,"template":"","format":"standard","meta":{"footnotes":""},"categories":[24],"tags":[1352,252,67,20397,42,38,40,39,41,136,128,47,127,135,126,156,130],"class_list":{"0":"post-172821","1":"post","2":"type-post","3":"status-publish","4":"format-standard","5":"has-post-thumbnail","7":"category-sport","8":"tag-aryna_sabalenka","9":"tag-iga_swiatek","10":"tag-intextvideo_splayer","11":"tag-nick_kyrgios","12":"tag-pl","13":"tag-poland","14":"tag-polish","15":"tag-polska","16":"tag-polski","17":"tag-ps_detal_new","18":"tag-psv2","19":"tag-screening_general","20":"tag-sport","21":"tag-sport_sport","22":"tag-sports","23":"tag-tenis","24":"tag-wiadomosci_sportowe"},"share_on_mastodon":{"url":"https:\/\/pubeurope.com\/@pl\/115787996270502434","error":""},"_links":{"self":[{"href":"https:\/\/www.europesays.com\/pl\/wp-json\/wp\/v2\/posts\/172821","targetHints":{"allow":["GET"]}}],"collection":[{"href":"https:\/\/www.europesays.com\/pl\/wp-json\/wp\/v2\/posts"}],"about":[{"href":"https:\/\/www.europesays.com\/pl\/wp-json\/wp\/v2\/types\/post"}],"author":[{"embeddable":true,"href":"https:\/\/www.europesays.com\/pl\/wp-json\/wp\/v2\/users\/2"}],"replies":[{"embeddable":true,"href":"https:\/\/www.europesays.com\/pl\/wp-json\/wp\/v2\/comments?post=172821"}],"version-history":[{"count":0,"href":"https:\/\/www.europesays.com\/pl\/wp-json\/wp\/v2\/posts\/172821\/revisions"}],"wp:featuredmedia":[{"embeddable":true,"href":"https:\/\/www.europesays.com\/pl\/wp-json\/wp\/v2\/media\/172822"}],"wp:attachment":[{"href":"https:\/\/www.europesays.com\/pl\/wp-json\/wp\/v2\/media?parent=172821"}],"wp:term":[{"taxonomy":"category","embeddable":true,"href":"https:\/\/www.europesays.com\/pl\/wp-json\/wp\/v2\/categories?post=172821"},{"taxonomy":"post_tag","embeddable":true,"href":"https:\/\/www.europesays.com\/pl\/wp-json\/wp\/v2\/tags?post=172821"}],"curies":[{"name":"wp","href":"https:\/\/api.w.org\/{rel}","templated":true}]}}