{"id":172915,"date":"2025-12-26T22:30:07","date_gmt":"2025-12-26T22:30:07","guid":{"rendered":"https:\/\/www.europesays.com\/pl\/172915\/"},"modified":"2025-12-26T22:30:07","modified_gmt":"2025-12-26T22:30:07","slug":"nie-zyje-cezary-mizejewski-byly-wiceminister-pracy-i-spolecznik-odszedl-w-dniu-swoich-61-urodzin-onet","status":"publish","type":"post","link":"https:\/\/www.europesays.com\/pl\/172915\/","title":{"rendered":"Nie \u017cyje Cezary Mi\u017cejewski. By\u0142y wiceminister pracy i spo\u0142ecznik odszed\u0142 w dniu swoich 61. urodzin &#8211; Onet"},"content":{"rendered":"<ol>\n<li><a href=\"https:\/\/news.google.com\/rss\/articles\/CBMiwwFBVV95cUxPZ3plNFBOT1RDYVgzWUxKZktxVGd1WXZid0Q4WHptR3pWVkJwNVA1eE1fY3hHN3IwMDVfSTlzNzUwS25qSTBfSWhxMElzTndfV0p2RXJDSUoxTFE2QzU0M3Bfa3A4dlZEY2Q5eGpWY0JSNFoxU3ljRTdyOVJNZm5kLUhKaW85Z2htR2tkc1A1MVFnVjR4YllfLWpFYk50YkhVLXRTTTZ4aXpwX0c2dzBIOXlYbGhzZFNpbWt3blozUzkxdUk?oc=5\" target=\"_blank\" rel=\"nofollow noopener\">Nie \u017cyje Cezary Mi\u017cejewski. By\u0142y wiceminister pracy i spo\u0142ecznik odszed\u0142 w dniu swoich 61. urodzin<\/a>&nbsp;&nbsp;Onet<\/li>\n<li><a href=\"https:\/\/news.google.com\/rss\/articles\/CBMiswFBVV95cUxPSkZHWE4xMkk5Ni1ScTh4cjQ1UkJ3aUJRczVHcEdNa3AxSklmQXFxQ2xwT1E1amFabklSdE5SaDZYZHZHQmwxOEpuOFQ0bUlibXFISmYtdXdud0h3aVFkMDdjV0VuM0tFXzRiUG1sTzczdS1xSzJTNzNhbXZ2VS1iZV9oVy1ZQ0tyand3MGVidV9leWQwcjVtejlTSUZIT0x3Y0xyTlM2Q3NDb1FfZ0xBYk1WNA?oc=5\" target=\"_blank\" rel=\"nofollow noopener\">Nie \u017cyje Cezary Mi\u017cejewski. By\u0142y wiceminister pracy zmar\u0142 w dniu swoich urodzin<\/a>&nbsp;&nbsp;Wydarzenia w INTERIA.PL<\/li>\n<li><a href=\"https:\/\/news.google.com\/rss\/articles\/CBMiugFBVV95cUxQWVpmZi1zd1Q1QWZkekRMSzRvMXZQV0c2SGg2VWgyU1J2ZGdwVmpVZE55cmdySjhpc1NLQmdaZERFNHByam5sOWNBRlVZZjRGRzVWX2wzSUdSeDQ0Vzd0LVJEdG9fWmY4ZUN5bDkxMzdPYmNUcjQtenVSczExN01zS0w4TTItYXBNb3NKNXIwbEI5RUxDcThXanlJTHVQT0p3NlVyZTNHUGFEVHF6Q052ZW1KclNZYzNVdEE?oc=5\" target=\"_blank\" rel=\"nofollow noopener\">Nie \u017cyje by\u0142y wiceminister pracy Cezary Mi\u017cejewski. &#8222;Ogromnie smutna wiadomo\u015b\u0107&#8221;<\/a>&nbsp;&nbsp;Gazeta<\/li>\n<li><a href=\"https:\/\/news.google.com\/rss\/articles\/CBMijwFBVV95cUxONjN5R0FXT2h1cUlGMmh4WmNQNFBZeTAwNGwtS3hjTXZGZzgwVHF1V29zbncxbHB4cFFRS0NzT2N3WHhMTXNyRF8yaDBzU2o4eGV2M1BuZ2hPcVdsUkpRZ0pUZm9QaHV3Uk13VjlzMGVKck1HbFBNQTRtdG4zNWdENzdNV1BNYzNSR3ZEd3hYbw?oc=5\" target=\"_blank\" rel=\"nofollow noopener\">Zmar\u0142 Cezary Mi\u017cejewski. By\u0142y polityk mia\u0142 61 lat<\/a>&nbsp;&nbsp;WP Wiadomo\u015bci<\/li>\n<li><a href=\"https:\/\/news.google.com\/rss\/articles\/CBMilgFBVV95cUxPM0kxY3RIc1FoQXN3MG1KN1dIOUpPck9lLWVJUFJKRWFTMFNaeTZGV2F4VDhsUmpJRU9weTRUSUZQTEliRFR6VkwzTlMxS3dzTnV2aVdvUm4xRFBuRTBYYjhsWkI3SGg4N09UbHBQYkJDazdSb2dRZzJsUk91YXNDb2FWeFJEREZqQXF3YVF6UmxXZWJDSFE?oc=5\" target=\"_blank\" rel=\"nofollow noopener\">Nie \u017cyje Cezary Mi\u017cejewski. Zmar\u0142 w dniu swoich urodzin<\/a>&nbsp;&nbsp;Fakt<\/li>\n<\/ol>\n","protected":false},"excerpt":{"rendered":"Nie \u017cyje Cezary Mi\u017cejewski. By\u0142y wiceminister pracy i spo\u0142ecznik odszed\u0142 w dniu swoich 61. urodzin&nbsp;&nbsp;Onet Nie \u017cyje Cezary&hellip;\n","protected":false},"author":2,"featured_media":172916,"comment_status":"","ping_status":"","sticky":false,"template":"","format":"standard","meta":{"footnotes":""},"categories":[5],"tags":[32,33,33966,36,37,27,34,35,33968,33967,28,31,53,25,52,68,51,55,42,38,40,39,41,47,3781,29,30,65,50,26],"class_list":{"0":"post-172915","1":"post","2":"type-post","3":"status-publish","4":"format-standard","5":"has-post-thumbnail","7":"category-naglowki","8":"tag-breaking-news","9":"tag-breakingnews","10":"tag-cezary_mizejewski_polityk","11":"tag-featured-news","12":"tag-featurednews","13":"tag-headlines","14":"tag-latest-news","15":"tag-latestnews","16":"tag-mpips","17":"tag-mrpips_stockexchange_00ca3693","18":"tag-naglowki","19":"tag-najwazniejsze-artykuly","20":"tag-new_header","21":"tag-news","22":"tag-onet3","23":"tag-onet3d","24":"tag-onet3d_2i","25":"tag-phx","26":"tag-pl","27":"tag-poland","28":"tag-polish","29":"tag-polska","30":"tag-polski","31":"tag-screening_general","32":"tag-spoldzielnia","33":"tag-top-stories","34":"tag-topstories","35":"tag-update_me","36":"tag-v2021","37":"tag-wiadomosci"},"share_on_mastodon":{"url":"https:\/\/pubeurope.com\/@pl\/115788239967042586","error":""},"_links":{"self":[{"href":"https:\/\/www.europesays.com\/pl\/wp-json\/wp\/v2\/posts\/172915","targetHints":{"allow":["GET"]}}],"collection":[{"href":"https:\/\/www.europesays.com\/pl\/wp-json\/wp\/v2\/posts"}],"about":[{"href":"https:\/\/www.europesays.com\/pl\/wp-json\/wp\/v2\/types\/post"}],"author":[{"embeddable":true,"href":"https:\/\/www.europesays.com\/pl\/wp-json\/wp\/v2\/users\/2"}],"replies":[{"embeddable":true,"href":"https:\/\/www.europesays.com\/pl\/wp-json\/wp\/v2\/comments?post=172915"}],"version-history":[{"count":0,"href":"https:\/\/www.europesays.com\/pl\/wp-json\/wp\/v2\/posts\/172915\/revisions"}],"wp:featuredmedia":[{"embeddable":true,"href":"https:\/\/www.europesays.com\/pl\/wp-json\/wp\/v2\/media\/172916"}],"wp:attachment":[{"href":"https:\/\/www.europesays.com\/pl\/wp-json\/wp\/v2\/media?parent=172915"}],"wp:term":[{"taxonomy":"category","embeddable":true,"href":"https:\/\/www.europesays.com\/pl\/wp-json\/wp\/v2\/categories?post=172915"},{"taxonomy":"post_tag","embeddable":true,"href":"https:\/\/www.europesays.com\/pl\/wp-json\/wp\/v2\/tags?post=172915"}],"curies":[{"name":"wp","href":"https:\/\/api.w.org\/{rel}","templated":true}]}}