{"id":173031,"date":"2025-12-26T23:55:13","date_gmt":"2025-12-26T23:55:13","guid":{"rendered":"https:\/\/www.europesays.com\/pl\/173031\/"},"modified":"2025-12-26T23:55:13","modified_gmt":"2025-12-26T23:55:13","slug":"o-tym-nie-mysli-donald-tusk-ani-andrzej-duda-aleksander-kwasniewski-dokona-sie-rewolucja","status":"publish","type":"post","link":"https:\/\/www.europesays.com\/pl\/173031\/","title":{"rendered":"O tym nie my\u015bli Donald Tusk ani Andrzej Duda. Aleksander Kwa\u015bniewski: dokona si\u0119 rewolucja"},"content":{"rendered":"<p>Kamil Wolnicki: Panie prezydencie, jak pan ocenia pomys\u0142 polityk\u00f3w, \u017ceby Polska stara\u0142a si\u0119 o organizacj\u0119 igrzysk olimpijskich?<\/p>\n<p>Aleksander Kwa\u015bniewski: To pomys\u0142 bardzo powa\u017cny i trudny do realizacji, ale je\u015bli pan pyta, czy to dobra idea, to uwa\u017cam, \u017ce tak.<\/p>\n<p>Wielu ludzi por\u00f3wnuje to do Euro 2012 i zwraca uwag\u0119, \u017ce tamta impreza pomog\u0142a w swego rodzaju skoku cywilizacyjnym. Igrzyska mog\u0142yby by\u0107 podobnym impulsem?<\/p>\n<p>Zapewne tak, chocia\u017c m\u00f3wimy o perspektywie bardzo odleg\u0142ej, bo o roku 2036 czy 2040. Mnie trudno to sobie nawet wyobrazi\u0107. Trzeba wzi\u0105\u0107 pod uwag\u0119, \u017ce przez tyle lat bardzo wiele b\u0119dzie si\u0119 zmienia\u0142o. W infrastrukturze, obiektach sportowych, technikach przekazu medialnego i tak dalej. Dokona si\u0119 rewolucja. A najwa\u017cniejsze pytanie, jakie trzeba sobie zada\u0107, to czy igrzyska w og\u00f3le przetrwaj\u0105. To przecie\u017c wcale nie jest takie pewne.<\/p>\n<p class=\"Paragraph_desktopParagraph__Fd2e9\">Bo spada zainteresowanie nimi czy chodzi panu o sytuacj\u0119 na \u015bwiecie?<\/p>\n<p class=\"Paragraph_desktopParagraph__Fd2e9\">\u015awiat si\u0119 zmienia, jest mniej spokojny, pieni\u0105dze id\u0105 gdzie indziej, raczej do wojska ni\u017c sportu. Do tego zainteresowanie tradycyjnymi sportami s\u0142abnie. My\u015bl\u0119, \u017ce mapa sponsor\u00f3w tak\u017ce bardzo si\u0119 zmienia. Wszystko zreszt\u0105 podlega ogromnej zmianie, bo to dotyczy polityki, gospodarki, technologii i ca\u0142ego naszego \u017cycia. A to oznacza, \u017ce dotyczy tak\u017ce ruchu olimpijskiego. To nie b\u0119dzie ostatnia wyspa tradycyjnych warto\u015bci na morzu nowego \u015bwiata.<\/p>\n<p>Oto kluczowy warunek na pocz\u0105tek stara\u0144 o igrzyskach<\/p>\n<p class=\"Paragraph_desktopParagraph__Fd2e9\">Z drugiej strony w Polsce wygl\u0105da to na jedyny projekt ponad podzia\u0142ami. O organizacji igrzysk m\u00f3wi\u0142 prezydent Andrzej Duda, a teraz premier Donald Tusk. Mo\u017ce sport&#8230;<\/p>\n<p class=\"Paragraph_desktopParagraph__Fd2e9\">Sport powinien by\u0107 ponad podzia\u0142ami. Inna sprawa, \u017ce oni bardziej m\u00f3wi\u0105, ni\u017c co\u015b robi\u0105. Pierwsza rzecz, to trzeba uporz\u0105dkowa\u0107 sytuacj\u0119 wok\u00f3\u0142 Polskiego Komitetu Olimpijskiego r\u0119koma ludzi sportu, a nie ministr\u00f3w i polityk\u00f3w. Organizatorem i gospodarzem igrzysk jest Mi\u0119dzynarodowy Komitet Olimpijski, a jego partnerem w Polsce i ka\u017cdym innym pa\u0144stwie, jest krajowy komitet i jest to prawnie usankcjonowane. Bez PKOl nie da si\u0119 w og\u00f3le my\u015ble\u0107 o organizacji igrzysk. A jak jest dzisiaj, wszyscy wiedz\u0105.<\/p>\n<p class=\"Paragraph_desktopParagraph__Fd2e9\">W PKOl pope\u0142niono wielki b\u0142\u0105d, decyduj\u0105c si\u0119 na polityczne rozwi\u0105zanie par\u0119 lat temu. P\u00f3\u017aniej by\u0142 nieprzygotowany i nieskuteczny atak ministra S\u0142awomira Nitrasa, kt\u00f3ry sko\u0144czy\u0142 si\u0119 w\u0142a\u015bciwie niczym. PKOl jest dzisiaj s\u0142ab\u0105 instytucj\u0105 na wielu poziomach. Ma s\u0142aby autorytet, s\u0142abe oddzia\u0142ywanie i ma\u0142o pieni\u0119dzy. Zrobienie tam porz\u0105dku to pierwszy krok. Drugi to stworzenie wok\u00f3\u0142 PKOl ponadpartyjnej p\u0142aszczyzny, z liderami r\u00f3\u017cnych stron krajowej polityki.<\/p>\n<p class=\"Paragraph_desktopParagraph__Fd2e9\">To niezb\u0119dne, \u017ceby pokaza\u0107 ide\u0119 olimpijsk\u0105 jako co\u015b, co \u0142\u0105czy wszystkich. Mo\u017ce trzeba nawet podpisa\u0107 konkretny dokument, bo przecie\u017c m\u00f3wimy o wydarzeniu, kt\u00f3re ma by\u0107 za wiele lat. Ile jeszcze rz\u0105d\u00f3w do tego czasu si\u0119 zmieni? Tym bardziej wi\u0119c PKOl powinien by\u0107 instytucj\u0105 integruj\u0105c\u0105. Tylko PKOl na mocnych nogach, a nie chwiej\u0105cy si\u0119 jak teraz. Zada\u0144 jest wi\u0119cej, bo przecie\u017c trzeba szuka\u0107 w Polsce sponsor\u00f3w gotowych do w\u0142\u0105czenia si\u0119 w tak wielk\u0105 spraw\u0119, \u017ceby nie liczy\u0107 tylko na samorz\u0105dy. Trzeba tak\u017ce w\u0142\u0105czy\u0107 miasta, przede wszystkim Warszaw\u0119 i zacz\u0105\u0107 przekonywa\u0107 mieszka\u0144c\u00f3w do tego wydarzenia. W tym punkcie mo\u017cna si\u0119 potkn\u0105\u0107.<\/p>\n<p class=\"Paragraph_desktopParagraph__Fd2e9\">Wiele kraj\u00f3w ju\u017c si\u0119 potkn\u0119\u0142o.<\/p>\n<p class=\"Paragraph_desktopParagraph__Fd2e9\">Dok\u0142adnie. Mowa tu najcz\u0119\u015bciej o krajach zamo\u017cnych i demokratycznych, w kt\u00f3rych wydaje si\u0119, \u017ce problem finansowy nie jest tak wielki. Ludzie tam mog\u0105 jednak wyra\u017ca\u0107 swoj\u0105 wol\u0119. Szwajcarzy przecie\u017c mogliby organizowa\u0107 igrzyska, ale ludzie nie chcieli. Najbardziej mnie zdumia\u0142o, \u017ce zimowych igrzysk nie chcia\u0142a Norwegia. A to przecie\u017c kraj jakby stworzony do takiej imprezy! Nie do\u015b\u0107, \u017ce kochaj\u0105 sport, maj\u0105 obiekty, to jeszcze zdobywaj\u0105 medali bez liku.<\/p>\n<p>&#8222;W takiej sytuacji lepiej przesta\u0107 sobie i ludziom zawraca\u0107 g\u0142ow\u0119&#8221;<\/p>\n<p class=\"Paragraph_desktopParagraph__Fd2e9\">W Krakowie te\u017c ludzie odrzucili w referendum pomys\u0142 organizacji igrzysk.<\/p>\n<p class=\"Paragraph_desktopParagraph__Fd2e9\">To prawda, idea pad\u0142a. Je\u015bli wi\u0119c ju\u017c b\u0119dziemy chcieli stara\u0107 si\u0119 o igrzyska, to trzeba zacz\u0105\u0107 wielk\u0105 prac\u0119 z lud\u017ami i wszystko im wyt\u0142umaczy\u0107. Je\u017celi Warszawa odpowie, \u017ce nie jest zainteresowana, to temat mo\u017cna zako\u0144czy\u0107. My\u015bl\u0119 jednak, \u017ce mo\u017cna mieszka\u0144c\u00f3w przekona\u0107. To wymaga dobrego projektu i pracy.<\/p>\n<p class=\"Paragraph_desktopParagraph__Fd2e9\">Na razie to mamy sytuacj\u0119, o kt\u00f3rej pan wspomnia\u0142. Aplikacj\u0119 z gwarancjami rz\u0105dowymi do MKOl musia\u0142by z\u0142o\u017cy\u0107 prezes PKOl Rados\u0142aw Piesiewicz, ale mi\u0119dzy nim a cho\u0107by ministrem sportu Jakubem Rutnickim nie ma \u017cadnego kontaktu.<\/p>\n<p class=\"Paragraph_desktopParagraph__Fd2e9\">To prawda, tyle o tym rozmawiamy, a mamy odpowied\u017a. W takiej sytuacji lepiej przesta\u0107 sobie i ludziom zawraca\u0107 g\u0142ow\u0119.<\/p>\n<p class=\"Paragraph_desktopParagraph__Fd2e9\">Widzi pan szans\u0119 na porozumienie czy w tym uk\u0142adzie personalnym i politycznym nie ma na to szans?<\/p>\n<p class=\"Paragraph_desktopParagraph__Fd2e9\">My\u015bl\u0119, \u017ce w tym uk\u0142adzie nie ma szans. Polaryzacja w Polsce b\u0119dzie si\u0119 pog\u0142\u0119bia\u0107. Zreszt\u0105 nawet prezydent Karol Nawrocki jest politykiem, kt\u00f3ry dzisiaj idzie w stron\u0119 wi\u0119kszej polaryzacji, cho\u0107 przecie\u017c powinien robi\u0107 wszystko na odwr\u00f3t. Od strony politycznej m\u00f3g\u0142by propagowa\u0107 ide\u0119 igrzysk olimpijskich i budowa\u0107 jakie\u015b porozumienie, ale nic nie wskazuje na to, \u017ceby chcia\u0142 dzia\u0142a\u0107 w takim kierunku.<\/p>\n<p class=\"Paragraph_desktopParagraph__Fd2e9\">Jednocze\u015bnie si\u0142a \u015brodowisk sportowych jest za ma\u0142a, \u017ceby dokona\u0107 niezb\u0119dnych zmian w PKOl. Gdyby ci ludzie powiedzieli, \u017ce tego chc\u0105, \u017ce wspieraj\u0105 pomys\u0142 organizacji igrzysk i doprowadzili do takiej zmiany, \u017ce na czele PKOl stan\u0105\u0142by zdolny, znany sportowiec, ju\u017c po karierze, za to z jakim\u015b do\u015bwiadczeniem mened\u017cerskim, to prawdopodobnie \u0142atwiej by\u0142oby co\u015b budowa\u0107. A w obecnym stanie&#8230; PKOl jest cz\u0119\u015bci\u0105 dramatycznie g\u0142\u0119bokiej, polskiej polaryzacji.<\/p>\n<p>Aleksander Kwa\u015bniewski kr\u00f3ciutko o cz\u0142onkostwie Andrzeja Dudy w MKOl<\/p>\n<p class=\"Paragraph_desktopParagraph__Fd2e9\">W kontaktach na \u015bwiecie te\u017c to \u015brednio wygl\u0105da. Prezes Rados\u0142aw Piesiewicz og\u0142osi\u0142, \u017ce zg\u0142asza prezydenta Andrzeja Dud\u0119 na cz\u0142onka MKOl, ale MKOl odpisa\u0142 nam, \u017ce nic o tym nie wie.<\/p>\n<p class=\"Paragraph_desktopParagraph__Fd2e9\">Nawet przez chwil\u0119 nie traktowa\u0142em tego pomys\u0142u powa\u017cnie, bo wiem, kto teraz interesuje MKOl. Na pewno nie s\u0105 to byli politycy z pierwszej linii, a sportowcy albo ludzie, kt\u00f3rzy organizowali igrzyska olimpijskie i maj\u0105 szczeg\u00f3lne do\u015bwiadczenie. Inna sprawa, \u017ce by\u0142 taki czas, gdy MKOl lubi\u0142 powo\u0142ywa\u0107 w swoje szeregi koronowane g\u0142owy, \u017ceby wspomnie\u0107 cho\u0107by ksi\u0119\u017cniczk\u0119 Ann\u0119 czy ksi\u0119cia Monako. Tylko to byli sportowcy.<\/p>\n<p class=\"Paragraph_desktopParagraph__Fd2e9\">M\u00f3wi pan, \u017ce Polska jest podzielona. \u015arodowisko sportowe tak samo. Cz\u0119\u015b\u0107 ludzi w PKOl chce zmian, wi\u0119kszo\u015b\u0107 jednak popiera prezesa Piesiewicza w tej bitwie.<\/p>\n<p class=\"Paragraph_desktopParagraph__Fd2e9\">Bo wszystko si\u0119 w Polsce podzieli\u0142o i to nasza wielka tragedia. Nie ma \u015brodowiska, o kt\u00f3rym mo\u017cna powiedzie\u0107, \u017ce jest ponad. \u015arodowisko sportowe podzielone, naukowe tak\u017ce, dziennikarskie tak samo. Co mam jeszcze panu powiedzie\u0107?<\/p>\n<p class=\"Paragraph_desktopParagraph__Fd2e9\">Mo\u017ce da si\u0119 zbudowa\u0107 jakie\u015b mosty.<\/p>\n<p class=\"Paragraph_desktopParagraph__Fd2e9\">W\u0142a\u015bnie ten pomys\u0142 na igrzyska ma taki potencja\u0142, ale trzeba do tego inaczej podej\u015b\u0107. Nie wierz\u0119 w jakie\u015b wielkie wsp\u00f3lne si\u0142y, ale samo \u015brodowisko sportowe mo\u017ce wymusi\u0107 pewne zmiany, kt\u00f3re u\u0142atwi\u0105 porozumienie. Dopiero p\u00f3\u017aniej mo\u017cna zacz\u0105\u0107 rozmowy wok\u00f3\u0142 PKOl pomi\u0119dzy politykami i partiami z r\u00f3\u017cnych stron. Nie da si\u0119 inaczej, bo rz\u0105dy b\u0119d\u0105 si\u0119 zmienia\u0142y. Tylko teraz nie wida\u0107 ku temu w zasadzie \u017cadnych przes\u0142anek.<\/p>\n<p>Aleksander Kwa\u015bniewski por\u00f3wna\u0142 sytuacj\u0119 Rados\u0142awa Piesiewicza do swojej sprzed lat<\/p>\n<p class=\"Paragraph_desktopParagraph__Fd2e9\">Uwa\u017ca pan, \u017ce prezes Piesiewicz powinien odej\u015b\u0107?<\/p>\n<p class=\"Paragraph_desktopParagraph__Fd2e9\">Oczywi\u015bcie, \u017ce tak. I m\u00f3wi\u0119 to brutalnie i wprost. Tylko nie odej\u015b\u0107 jako przegrany. Je\u015bli dobrze rozumiem to w r\u00f3\u017cnych kontrolach nic albo niewiele znaleziono. Uwa\u017cam wi\u0119c, \u017ce odej\u015bcie Piesiewicza powinno nast\u0105pi\u0107 na warunkach honorowych i godnych, a nie by\u0107 wymuszone przez jakie\u015b dziwne metody. Czasem to najlepsze wyj\u015bcie. Sam by\u0142em w podobnej sytuacji w 1990 roku. W Polsce zmieni\u0142 si\u0119 ustr\u00f3j, a w poprzednim systemie by\u0142o tak, \u017ce minister sportu by\u0142 zarazem szefem PKOl. To si\u0119 sko\u0144czy\u0142o i uzna\u0142em, \u017ce trzeba ust\u0105pi\u0107. Prezesem PKOl zosta\u0142 dzia\u0142acz sportowy Andrzej Szalewicz.<\/p>\n<p class=\"Paragraph_desktopParagraph__Fd2e9\">S\u0105 takie chwile, kiedy jest si\u0119 przeszkod\u0105 i trzeba si\u0119 po\u015bwi\u0119ci\u0107 dla dobra sprawy. A Piesiewicz jest przeszkod\u0105 i tu nie ma o czym dyskutowa\u0107. W jego miejsce powinien wej\u015b\u0107 kto\u015b ze \u015bwiata sportu, z wielkimi osi\u0105gni\u0119ciami i bez zwi\u0105zk\u00f3w politycznych. Tylko taka osoba jest w stanie jednoczy\u0107. Kiedy\u015b by\u0142o \u0142atwiej o takich ludzi.<\/p>\n<p class=\"Paragraph_desktopParagraph__Fd2e9\">Bo mieli\u015bmy wi\u0119cej mistrz\u00f3w. A skoro m\u00f3wi pan o wyczynach, to nawet je\u015bli oka\u017ce si\u0119, \u017ce ludzie chc\u0105 igrzysk i potrafimy si\u0119 porozumie\u0107, to wypada\u0142oby mie\u0107 tych sportowc\u00f3w na wysokim poziomie, a Polska w ostatnich latach wraca z igrzysk ze skromnym dorobkiem medalowym.<\/p>\n<p class=\"Paragraph_desktopParagraph__Fd2e9\">Igrzyska w wielu krajach s\u0105 impulsem do rozwoju sportu. \u015awietnym przyk\u0142adem jest Wielka Brytania. Przed igrzyskami w Londynie w 2012 roku podeszli do tego systemowo, stworzyli fundusze, postawili na medalodajne dyscypliny sportowe, jak cho\u0107by wio\u015blarstwo czy kolarstwo torowe. U nas te\u017c m\u00f3g\u0142by si\u0119 pojawi\u0107 taki impuls. Tym bardziej \u017ce kraj, kt\u00f3ry organizuje igrzyska, wcze\u015bniej go\u015bci u siebie szereg du\u017cych imprez w poszczeg\u00f3lnych dyscyplinach sportu.<\/p>\n<p class=\"Paragraph_desktopParagraph__Fd2e9\">Tylko tu tak\u017ce trzeba koncepcji, a p\u00f3\u017aniej systemu. Sprawdzi\u0107, gdzie mamy zaplecze i potencja\u0142, dobra\u0107 trener\u00f3w z Polski i nie tylko. Hiszpanie, kiedy szykowali si\u0119 do igrzysk w Barcelonie w 1992 roku, mieli k\u0142opot z przygotowaniem sportowc\u00f3w. Zatrudnili wi\u0119c mojego wieloletniego zast\u0119pc\u0119, a p\u00f3\u017aniej ministra sportu w rz\u0105dzie SLD, czyli Stefana Paszczyka. To by\u0142 jeden z najwybitniejszych fachowc\u00f3w w swojej pracy. Sami Hiszpanie m\u00f3wili mi p\u00f3\u017aniej, \u017ce ich najlepszy wynik medalowy w historii to tak\u017ce zas\u0142uga Stefana. Powinni\u015bmy prawdopodobnie i\u015b\u0107 t\u0105 sam\u0105 drog\u0105, systemowo i wieloletnio przygotowa\u0107 si\u0119 do igrzysk.<\/p>\n<p class=\"Paragraph_desktopParagraph__Fd2e9\">Czyli pomys\u0142 fajny, ale&#8230;<\/p>\n<p class=\"Paragraph_desktopParagraph__Fd2e9\">Jest wiele przeszk\u00f3d. O jednej ma\u0142o m\u00f3wili\u015bmy. Polska nie jest&#8230; Inaczej, najpi\u0119kniejsze igrzyska, jakie widzia\u0142em, to w Sydney w 2000 roku. Dlaczego? Bo tam kochaj\u0105 sport. Uprawiaj\u0105, rozumiej\u0105 i w\u0142a\u015bnie kochaj\u0105. Jeden moment z tamtych igrzysk zapami\u0119tam do ko\u0144ca \u017cycia. Jako prezydent mia\u0142em przepustk\u0119 na wszystkie obiekty i wszed\u0142em na stadion, na kt\u00f3rym odbywa\u0142 si\u0119 mecz eliminacyjny w hokeju na trawie pomi\u0119dzy Ghan\u0105 i Argentyn\u0105. To spotkanie ogl\u0105da\u0142o spokojnie jakie\u015b dziesi\u0119\u0107 tysi\u0119cy ludzi. Pomy\u015bla\u0142em wtedy, \u017ce jakby to by\u0142o mo\u017cliwe w Polsce. \u017beby przysz\u0142o chocia\u017c tysi\u0105c ludzi!<\/p>\n<p>Prezydent Kwa\u015bniewski o swoim powrocie do sportu. Bez w\u0105tpliwo\u015bci<\/p>\n<p class=\"Paragraph_desktopParagraph__Fd2e9\">Nie jeste\u015bmy szczeg\u00f3lnie rozkochanym w sporcie krajem.<\/p>\n<p class=\"Paragraph_desktopParagraph__Fd2e9\">I to nast\u0119pna rzecz, o kt\u00f3rej trzeba pami\u0119ta\u0107. Je\u015bli chcemy organizowa\u0107 igrzyska, musimy budowa\u0107 wszystko, tak\u017ce zainteresowanie sportem. Tak\u017ce uwa\u017cam, \u017ce mo\u017cemy to zrobi\u0107, nie musimy wymy\u015bla\u0107 nic na nowo, bo igrzyska odbywaj\u0105 si\u0119 co dwa lata i jest sk\u0105d czerpa\u0107 do\u015bwiadczenie i rozwi\u0105zania. Nie byliby\u015bmy pierwsi ani ostatni, nie musimy odkrywa\u0107 kamienia filozoficznego. Tylko musimy si\u0119 zebra\u0107 do kupy. Na razie s\u0105 s\u0142owa. Trudno, \u017ceby za tym sz\u0142y czyny, skoro jeste\u015bmy tak podzieleni.<\/p>\n<p class=\"Paragraph_desktopParagraph__Fd2e9\">A pana nie ci\u0105gnie do sportu?<\/p>\n<p class=\"Paragraph_desktopParagraph__Fd2e9\">Bardzo ci\u0105gnie. W\u0142a\u015bnie zaczynam sezon narciarski. Dop\u00f3ki mog\u0119, to je\u017cd\u017c\u0119. Interesuj\u0119 si\u0119 sportem, ale je\u015bli pyta pan o formalne pozycje, to jest ju\u017c poza mn\u0105.<\/p>\n<p class=\"Paragraph_desktopParagraph__Fd2e9\">O ten PKOl chcia\u0142em spyta\u0107&#8230;<\/p>\n<p class=\"Paragraph_desktopParagraph__Fd2e9\">To ju\u017c za mn\u0105.<\/p>\n","protected":false},"excerpt":{"rendered":"Kamil Wolnicki: Panie prezydencie, jak pan ocenia pomys\u0142 polityk\u00f3w, \u017ceby Polska stara\u0142a si\u0119 o organizacj\u0119 igrzysk olimpijskich? Aleksander&hellip;\n","protected":false},"author":2,"featured_media":173032,"comment_status":"","ping_status":"","sticky":false,"template":"","format":"standard","meta":{"footnotes":""},"categories":[5],"tags":[13743,2159,32,33,36,37,27,2399,67,34,35,746,28,31,25,42,38,40,39,41,15348,136,128,15346,47,135,29,30,26],"class_list":{"0":"post-173031","1":"post","2":"type-post","3":"status-publish","4":"format-standard","5":"has-post-thumbnail","7":"category-naglowki","8":"tag-aleksander_kwasniewski","9":"tag-andrzej_duda","10":"tag-breaking-news","11":"tag-breakingnews","12":"tag-featured-news","13":"tag-featurednews","14":"tag-headlines","15":"tag-igrzyska_olimpijskie","16":"tag-intextvideo_splayer","17":"tag-latest-news","18":"tag-latestnews","19":"tag-lysy","20":"tag-naglowki","21":"tag-najwazniejsze-artykuly","22":"tag-news","23":"tag-pl","24":"tag-poland","25":"tag-polish","26":"tag-polska","27":"tag-polski","28":"tag-polski_komitet_olimpijski","29":"tag-ps_detal_new","30":"tag-psv2","31":"tag-radoslaw_piesiewicz","32":"tag-screening_general","33":"tag-sport_sport","34":"tag-top-stories","35":"tag-topstories","36":"tag-wiadomosci"},"share_on_mastodon":{"url":"","error":"Validation failed: Text character limit of 500 exceeded"},"_links":{"self":[{"href":"https:\/\/www.europesays.com\/pl\/wp-json\/wp\/v2\/posts\/173031","targetHints":{"allow":["GET"]}}],"collection":[{"href":"https:\/\/www.europesays.com\/pl\/wp-json\/wp\/v2\/posts"}],"about":[{"href":"https:\/\/www.europesays.com\/pl\/wp-json\/wp\/v2\/types\/post"}],"author":[{"embeddable":true,"href":"https:\/\/www.europesays.com\/pl\/wp-json\/wp\/v2\/users\/2"}],"replies":[{"embeddable":true,"href":"https:\/\/www.europesays.com\/pl\/wp-json\/wp\/v2\/comments?post=173031"}],"version-history":[{"count":0,"href":"https:\/\/www.europesays.com\/pl\/wp-json\/wp\/v2\/posts\/173031\/revisions"}],"wp:featuredmedia":[{"embeddable":true,"href":"https:\/\/www.europesays.com\/pl\/wp-json\/wp\/v2\/media\/173032"}],"wp:attachment":[{"href":"https:\/\/www.europesays.com\/pl\/wp-json\/wp\/v2\/media?parent=173031"}],"wp:term":[{"taxonomy":"category","embeddable":true,"href":"https:\/\/www.europesays.com\/pl\/wp-json\/wp\/v2\/categories?post=173031"},{"taxonomy":"post_tag","embeddable":true,"href":"https:\/\/www.europesays.com\/pl\/wp-json\/wp\/v2\/tags?post=173031"}],"curies":[{"name":"wp","href":"https:\/\/api.w.org\/{rel}","templated":true}]}}