{"id":173057,"date":"2025-12-27T00:21:15","date_gmt":"2025-12-27T00:21:15","guid":{"rendered":"https:\/\/www.europesays.com\/pl\/173057\/"},"modified":"2025-12-27T00:21:15","modified_gmt":"2025-12-27T00:21:15","slug":"tragiczny-atak-piranii-w-brazylii-nie-zyje-dwulatka","status":"publish","type":"post","link":"https:\/\/www.europesays.com\/pl\/173057\/","title":{"rendered":"Tragiczny atak piranii w Brazylii. Nie \u017cyje dwulatka"},"content":{"rendered":"<p>Najwa\u017cniejsze informacje:<\/p>\n<ul>\n<li>Dziewczynka zgin\u0119\u0142a po ataku piranii w\u00a0stanie Amazonas.<\/li>\n<li>Do incydentu dosz\u0142o w\u00a0mie\u015bcie Coari przy Amazonce.<\/li>\n<li>Dziecko pozostawione bez opieki wpad\u0142o do rzeki i\u00a0zosta\u0142o powa\u017cnie pogryzione.<\/li>\n<\/ul>\n<p>Dwuletnia dziewczynka zmar\u0142a na skutek ataku piranii w\u00a0stanie Amazonas na p\u00f3\u0142nocnym zachodzie Brazylii, jak podaj\u0105 brazylijskie media. Wydarzenie mia\u0142o miejsce w\u00a0mie\u015bcie Coari, po\u0142o\u017conym przy rzece Amazonce. &#8222;Dziecko pozostawione przez rodzic\u00f3w bez opieki na pi\u0119\u0107 minut zbli\u017cy\u0142o si\u0119 do rzeki, po czym spad\u0142o z\u00a0drewnianego pomostu do wody&#8221; &#8211;\u00a0relacjonuje telewizja Globo.<\/p>\n<p>R\u00f3zgi i\u00a0prezenty dla polityk\u00f3w. Tak odpowiedzieli Polacy <\/p>\n<p>Policja lokalna ustali\u0142a, \u017ce dziewczynka zosta\u0142a przewieziona do szpitala z\u00a0powa\u017cnymi ranami szyi. Mimo dzia\u0142a\u0144 medyk\u00f3w, lekarze stwierdzili jej zgon z\u00a0powodu licznych pogryzie\u0144 przez piranie. <\/p>\n<p>Zdarzenie w\u00a0Coari mia\u0142o miejsce niemal dwa miesi\u0105ce po innym incydencie, kiedy to piranie zaatakowa\u0142y osoby korzystaj\u0105ce z\u00a0k\u0105pieliska w\u00a0Manacapuru, innym mie\u015bcie przy Amazonce. W\u00f3wczas drapie\u017cne ryby zrani\u0142y siedem os\u00f3b, w\u00a0tym niemowl\u0119. Ataki te pokazuj\u0105, \u017ce piranie, cho\u0107 nie zawsze agresywne, mog\u0105 by\u0107 niebezpieczne dla ludzi.<\/p>\n","protected":false},"excerpt":{"rendered":"Najwa\u017cniejsze informacje: Dziewczynka zgin\u0119\u0142a po ataku piranii w\u00a0stanie Amazonas. Do incydentu dosz\u0142o w\u00a0mie\u015bcie Coari przy Amazonce. Dziecko pozostawione&hellip;\n","protected":false},"author":2,"featured_media":173058,"comment_status":"","ping_status":"","sticky":false,"template":"","format":"standard","meta":{"footnotes":""},"categories":[14],"tags":[32,33,27,34,35,28,31,25,40,41,80,29,30,26,82,83,84],"class_list":{"0":"post-173057","1":"post","2":"type-post","3":"status-publish","4":"format-standard","5":"has-post-thumbnail","7":"category-swiat","8":"tag-breaking-news","9":"tag-breakingnews","10":"tag-headlines","11":"tag-latest-news","12":"tag-latestnews","13":"tag-naglowki","14":"tag-najwazniejsze-artykuly","15":"tag-news","16":"tag-polish","17":"tag-polski","18":"tag-swiat","19":"tag-top-stories","20":"tag-topstories","21":"tag-wiadomosci","22":"tag-world","23":"tag-world-news","24":"tag-worldnews"},"share_on_mastodon":{"url":"https:\/\/pubeurope.com\/@pl\/115788676014454493","error":""},"_links":{"self":[{"href":"https:\/\/www.europesays.com\/pl\/wp-json\/wp\/v2\/posts\/173057","targetHints":{"allow":["GET"]}}],"collection":[{"href":"https:\/\/www.europesays.com\/pl\/wp-json\/wp\/v2\/posts"}],"about":[{"href":"https:\/\/www.europesays.com\/pl\/wp-json\/wp\/v2\/types\/post"}],"author":[{"embeddable":true,"href":"https:\/\/www.europesays.com\/pl\/wp-json\/wp\/v2\/users\/2"}],"replies":[{"embeddable":true,"href":"https:\/\/www.europesays.com\/pl\/wp-json\/wp\/v2\/comments?post=173057"}],"version-history":[{"count":0,"href":"https:\/\/www.europesays.com\/pl\/wp-json\/wp\/v2\/posts\/173057\/revisions"}],"wp:featuredmedia":[{"embeddable":true,"href":"https:\/\/www.europesays.com\/pl\/wp-json\/wp\/v2\/media\/173058"}],"wp:attachment":[{"href":"https:\/\/www.europesays.com\/pl\/wp-json\/wp\/v2\/media?parent=173057"}],"wp:term":[{"taxonomy":"category","embeddable":true,"href":"https:\/\/www.europesays.com\/pl\/wp-json\/wp\/v2\/categories?post=173057"},{"taxonomy":"post_tag","embeddable":true,"href":"https:\/\/www.europesays.com\/pl\/wp-json\/wp\/v2\/tags?post=173057"}],"curies":[{"name":"wp","href":"https:\/\/api.w.org\/{rel}","templated":true}]}}