{"id":173112,"date":"2025-12-27T02:14:15","date_gmt":"2025-12-27T02:14:15","guid":{"rendered":"https:\/\/www.europesays.com\/pl\/173112\/"},"modified":"2025-12-27T02:14:15","modified_gmt":"2025-12-27T02:14:15","slug":"poczta-polska-doreczy-ten-pakiet-do-wszystkich-domow-rzad-szykuje-obywateli-na-kryzys-rmf-fm","status":"publish","type":"post","link":"https:\/\/www.europesays.com\/pl\/173112\/","title":{"rendered":"Poczta Polska dor\u0119czy ten pakiet do wszystkich dom\u00f3w. Rz\u0105d szykuje obywateli na kryzys :: RMF FM"},"content":{"rendered":"<p>Ju\u017c wkr\u00f3tce wszyscy mieszka\u0144cy Polski otrzymaj\u0105 \u201ePoradnik bezpiecze\u0144stwa\u201d opracowany przez MON, MSWiA i RCB. To odpowied\u017a na rosn\u0105ce zagro\u017cenia i element rz\u0105dowej strategii wzmacniania odporno\u015bci spo\u0142ecze\u0144stwa. Akcj\u0119 dystrybucji przeprowadzi Poczta Polska \u2013 pierwsze pakiety ju\u017c trafi\u0142y do mieszka\u0144c\u00f3w wschodnich wojew\u00f3dztw.<\/p>\n<p><img decoding=\"async\" alt=\"\" src=\"https:\/\/www.europesays.com\/pl\/wp-content\/uploads\/2025\/12\/66c052d4d1ed871b3f6f9768875ed99c.jpg\" class=\"w-100\"\/><\/p>\n<p>Poczta Polska dor\u0119czy tajemniczy pakiet do wszystkich dom\u00f3w, fot. Shutterstock<\/p>\n<p>&#13;<br \/>\n\tRz\u0105dowa akcja na rzecz bezpiecze\u0144stwa<\/p>\n<p>&#13;<br \/>\n\tW komunikacie z 22 grudnia 2025 r. <a href=\"https:\/\/www.rmf.fm\/magazyn\/tag,Poczta%20Polska.html\" rel=\"nofollow noopener\" target=\"_blank\">Poczta Polska<\/a> og\u0142osi\u0142a rozpocz\u0119cie dystrybucji \u201ePoradnika bezpiecze\u0144stwa\u201d. Mieszka\u0144cy wojew\u00f3dztw lubelskiego, podlaskiego i warmi\u0144sko-mazurskiego otrzymaj\u0105 swoje egzemplarze do 15 stycznia 2026 r. Pozosta\u0142e regiony kraju b\u0119d\u0105 sukcesywnie obj\u0119te akcj\u0105 tu\u017c po \u015bwi\u0119tach Bo\u017cego Narodzenia i na pocz\u0105tku nowego roku.<\/p>\n<p>&#13;<br \/>\n\tNa stronie poradnikbezpieczenstwa.gov.pl czytamy, \u017ce zagro\u017cenia wobec Polski w ostatnich latach znacz\u0105co wzros\u0142y. Dezinformacja, cyberataki, zagro\u017cenia hybrydowe czy sabota\u017c to tylko niekt\u00f3re z wyzwa\u0144, z kt\u00f3rymi musi mierzy\u0107 si\u0119 pa\u0144stwo. Dodatkowo, wojna na Ukrainie oraz coraz cz\u0119stsze ekstremalne zjawiska pogodowe zwi\u0119kszaj\u0105 ryzyko przerw w dostawie pr\u0105du, zniszcze\u0144 materialnych czy problem\u00f3w z komunikacj\u0105.<\/p>\n<p>\t<a href=\"https:\/\/www.rmf.fm\/magazyn\/news,86757,maly-zus-plus-nowe-zasady-od-stycznia-2026-roku.html\" rel=\"nofollow noopener\" target=\"_blank\"><img decoding=\"async\" src=\"https:\/\/www.europesays.com\/pl\/wp-content\/uploads\/2025\/12\/871edac530fadba94ca8ed255445097d.jpg\" width=\"290\"\/><\/a><a href=\"https:\/\/www.rmf.fm\/magazyn\/news,86757,maly-zus-plus-nowe-zasady-od-stycznia-2026-roku.html\" rel=\"nofollow noopener\" target=\"_blank\">\u201eMa\u0142y ZUS plus\u201d. Nowe zasady od stycznia 2026 roku<\/a><\/p>\n<p>Prowadzisz w\u0142asn\u0105 firm\u0119 lub planujesz j\u0105 za\u0142o\u017cy\u0107? Od 2026 roku mo\u017cesz skorzysta\u0107 z nowych zasad \u201ema\u0142ego ZUS plus\u201d. Zobacz, co si\u0119 zmienia i jak to wykorzysta\u0107.<\/p>\n<p>\n&#13;<br \/>\n\tCo znajdziemy w poradniku?<\/p>\n<p>&#13;<br \/>\n\t\u201ePoradnik bezpiecze\u0144stwa\u201d ma pom\u00f3c obywatelom przygotowa\u0107 si\u0119 na r\u00f3\u017cne kryzysowe sytuacje. Znajdziemy w nim rozdzia\u0142y dotycz\u0105ce m.in. ewakuacji, pierwszej pomocy, zachowania podczas po\u017caru, powodzi, a tak\u017ce radzenia sobie podczas d\u0142ugotrwa\u0142ego braku pr\u0105du, ataku z powietrza, czy zagro\u017ce\u0144 chemicznych, biologicznych i radiologicznych. Poradnik zawiera te\u017c wskaz\u00f3wki dotycz\u0105ce bezpiecze\u0144stwa cyfrowego, planowania na wypadek kryzysu oraz dbania o osoby potrzebuj\u0105ce szczeg\u00f3lnej pomocy i zwierz\u0119ta.<\/p>\n<p>&#13;<br \/>\n\tPakiet zostanie dostarczony w wersji papierowej do wszystkich dom\u00f3w w Polsce, a tak\u017ce w wersji Braille\u2019a. Elektroniczne wersje w r\u00f3\u017cnych j\u0119zykach mo\u017cna pobra\u0107 ze strony internetowej. Ca\u0142a akcja ma obj\u0105\u0107 a\u017c 16,8 mln gospodarstw domowych.<\/p>\n<p>&#13;<br \/>\n\tPoczta Polska dostarczy poradniki do dom\u00f3w<\/p>\n<p>&#13;<br \/>\n\t\u2013 Poczta Polska odgrywa kluczow\u0105 rol\u0119 w zapewnianiu ci\u0105g\u0142o\u015bci i bezpiecze\u0144stwa pa\u0144stwa. W dobie rosn\u0105cych zagro\u017ce\u0144 nasza unikalna infrastruktura, zasi\u0119g i do\u015bwiadczenie staj\u0105 si\u0119 fundamentem stabilno\u015bci \u2013 podkre\u015bla Piotr Szajczyk, wiceprezes Poczty Polskiej ds. sprzeda\u017cy.<\/p>\n<p>&#13;<br \/>\n\t<a href=\"https:\/\/www.rmf.fm\/magazyn\/tag,MSWiA.html\" rel=\"nofollow noopener\" target=\"_blank\">MSWiA<\/a> powierzy\u0142o Poczcie Polskiej to zadanie ze wzgl\u0119du na jej najwi\u0119ksz\u0105 w kraju sie\u0107 plac\u00f3wek i logistyczne zaplecze.<\/p>\n<p><a href=\"https:\/\/www.rmf.fm\/magazyn\/news,86594,poczta-polska-wlasnie-oglosila-dotyczy-wszystkich-bez-wyjatku.html\" rel=\"nofollow noopener\" target=\"_blank\"><img decoding=\"async\" src=\"https:\/\/www.europesays.com\/pl\/wp-content\/uploads\/2025\/12\/9e956a3d5c9c6fcc0a472e6806cd4776.jpg\" width=\"290\"\/><\/a><a href=\"https:\/\/www.rmf.fm\/magazyn\/news,86594,poczta-polska-wlasnie-oglosila-dotyczy-wszystkich-bez-wyjatku.html\" rel=\"nofollow noopener\" target=\"_blank\">Poczta Polska w\u0142a\u015bnie og\u0142osi\u0142a. Dotyczy wszystkich bez wyj\u0105tku<\/a><\/p>\n<p>Planujesz wys\u0142a\u0107 prezent lub kartk\u0119 na \u015bwi\u0119ta za po\u015brednictwem Poczty Polskiej? Zobacz, jakie s\u0105 ostateczne terminy nadania przesy\u0142ek, by unikn\u0105\u0107 niepotrzebnego stresu i op\u00f3\u017anie\u0144.<\/p>\n<p>&#13;<br \/>\n\t\u0179r\u00f3d\u0142o: samorzad.infor.pl<\/p>\n","protected":false},"excerpt":{"rendered":"Ju\u017c wkr\u00f3tce wszyscy mieszka\u0144cy Polski otrzymaj\u0105 \u201ePoradnik bezpiecze\u0144stwa\u201d opracowany przez MON, MSWiA i RCB. To odpowied\u017a na rosn\u0105ce&hellip;\n","protected":false},"author":2,"featured_media":173113,"comment_status":"","ping_status":"","sticky":false,"template":"","format":"standard","meta":{"footnotes":""},"categories":[12],"tags":[32,33,36,37,27,34,35,1587,1891,28,31,25,42,11225,38,40,39,41,33999,8250,29,30,26],"class_list":{"0":"post-173112","1":"post","2":"type-post","3":"status-publish","4":"format-standard","5":"has-post-thumbnail","7":"category-polska","8":"tag-breaking-news","9":"tag-breakingnews","10":"tag-featured-news","11":"tag-featurednews","12":"tag-headlines","13":"tag-latest-news","14":"tag-latestnews","15":"tag-mon","16":"tag-mswia","17":"tag-naglowki","18":"tag-najwazniejsze-artykuly","19":"tag-news","20":"tag-pl","21":"tag-poczta-polska","22":"tag-poland","23":"tag-polish","24":"tag-polska","25":"tag-polski","26":"tag-poradnik-bezpieczenstwa","27":"tag-rcb","28":"tag-top-stories","29":"tag-topstories","30":"tag-wiadomosci"},"share_on_mastodon":{"url":"https:\/\/pubeurope.com\/@pl\/115789120960728228","error":""},"_links":{"self":[{"href":"https:\/\/www.europesays.com\/pl\/wp-json\/wp\/v2\/posts\/173112","targetHints":{"allow":["GET"]}}],"collection":[{"href":"https:\/\/www.europesays.com\/pl\/wp-json\/wp\/v2\/posts"}],"about":[{"href":"https:\/\/www.europesays.com\/pl\/wp-json\/wp\/v2\/types\/post"}],"author":[{"embeddable":true,"href":"https:\/\/www.europesays.com\/pl\/wp-json\/wp\/v2\/users\/2"}],"replies":[{"embeddable":true,"href":"https:\/\/www.europesays.com\/pl\/wp-json\/wp\/v2\/comments?post=173112"}],"version-history":[{"count":0,"href":"https:\/\/www.europesays.com\/pl\/wp-json\/wp\/v2\/posts\/173112\/revisions"}],"wp:featuredmedia":[{"embeddable":true,"href":"https:\/\/www.europesays.com\/pl\/wp-json\/wp\/v2\/media\/173113"}],"wp:attachment":[{"href":"https:\/\/www.europesays.com\/pl\/wp-json\/wp\/v2\/media?parent=173112"}],"wp:term":[{"taxonomy":"category","embeddable":true,"href":"https:\/\/www.europesays.com\/pl\/wp-json\/wp\/v2\/categories?post=173112"},{"taxonomy":"post_tag","embeddable":true,"href":"https:\/\/www.europesays.com\/pl\/wp-json\/wp\/v2\/tags?post=173112"}],"curies":[{"name":"wp","href":"https:\/\/api.w.org\/{rel}","templated":true}]}}