{"id":173116,"date":"2025-12-27T02:21:09","date_gmt":"2025-12-27T02:21:09","guid":{"rendered":"https:\/\/www.europesays.com\/pl\/173116\/"},"modified":"2025-12-27T02:21:09","modified_gmt":"2025-12-27T02:21:09","slug":"zagraniczne-media-pisza-o-polsce-przystepna-cenowo-nie-rezygnuje-z-jakosci","status":"publish","type":"post","link":"https:\/\/www.europesays.com\/pl\/173116\/","title":{"rendered":"Zagraniczne media pisz\u0105 o Polsce. &#8222;Przyst\u0119pna cenowo, nie rezygnuje z jako\u015bci&#8221;"},"content":{"rendered":"<p class=\"Paragraph_desktopParagraph__U31Gm\">Na \u0142amach portalu euronews.com ukaza\u0142 si\u0119 artyku\u0142 po\u015bwi\u0119cony Polsce. Podkre\u015blono w nim, \u017ce Krak\u00f3w i Warszawa znalaz\u0142y si\u0119 w zestawieniu ulubionych kierunk\u00f3w Europejczyk\u00f3w na kr\u00f3tkie wyjazdy \u015bwi\u0105teczne i sylwestrowe, przygotowanym przez Travel and Tour World (TTW) \u2014 jedno z wiod\u0105cych globalnych medi\u00f3w bran\u017cy turystycznej. W materiale wskazano r\u00f3wnie\u017c kilka powod\u00f3w, kt\u00f3re t\u0142umacz\u0105 wzrost zainteresowania polsk\u0105 turystyk\u0105.<\/p>\n<p class=\"VideoPlayerText_videoPlayerText__iDwyz\">Dalszy ci\u0105g materia\u0142u pod wideo<\/p>\n<ul class=\"OchatFollowUps_wrapper__1ry7X\">\n<li class=\"OchatFollowUps_item__Dhyly OchatFollowUps_itemDesktop__R6aBv\">Co przyci\u0105ga turyst\u00f3w do Polski?<\/li>\n<li class=\"OchatFollowUps_item__Dhyly OchatFollowUps_itemDesktop__R6aBv\">Jakie miasta w Polsce s\u0105 popularne w\u015br\u00f3d turyst\u00f3w?<\/li>\n<li class=\"OchatFollowUps_item__Dhyly OchatFollowUps_itemDesktop__R6aBv\">Ile wynosi \u015bredni koszt biletu lotniczego do Polski?<\/li>\n<li class=\"OchatFollowUps_item__Dhyly OchatFollowUps_itemDesktop__R6aBv\">Jak wzros\u0142a liczba rezerwacji podr\u00f3\u017cy do Polski?<\/li>\n<\/ul>\n<p>Zagraniczne media rozpisuj\u0105 si\u0119 o Polsce. &#8222;Konkurencyjna cenowo alternatywa&#8221; <\/p>\n<p class=\"Paragraph_desktopParagraph__U31Gm\">Rosn\u0105ce zainteresowanie Polsk\u0105 nie jest przypadkowe. Jak zauwa\u017ca portal euronews.com, o atrakcyjno\u015bci naszego kraju decyduje kilka czynnik\u00f3w: wyj\u0105tkowy, \u015bwi\u0105teczny klimat, przywi\u0105zanie do tradycji oraz ceny, kt\u00f3re wci\u0105\u017c pozostaj\u0105 przyst\u0119pne. Dzi\u0119ki temu Polska przyci\u0105ga zar\u00f3wno osoby spragnione atmosfery bo\u017conarodzeniowych jarmark\u00f3w, jak i turyst\u00f3w, kt\u00f3rzy ceni\u0105 autentyczno\u015b\u0107 i lokalny charakter odwiedzanych miejsc.<\/p>\n<blockquote>\n<p class=\"Paragraph_desktopParagraph__U31Gm\">W czasach, gdy podr\u00f3\u017cowanie po Europie staje si\u0119 coraz dro\u017csze, Polska wyr\u00f3\u017cnia si\u0119 jako konkurencyjna cenowo alternatywa, nie rezygnuj\u0105c przy tym z jako\u015bci<\/p>\n<\/blockquote>\n<p class=\"Paragraph_desktopParagraph__U31Gm\">\u2014 czytamy.<\/p>\n<p class=\"Paragraph_desktopParagraph__U31Gm\">Zwr\u00f3cono tak\u017ce uwag\u0119, \u017ce coraz wi\u0119ksz\u0105 rol\u0119 w promocji Polski odgrywa kuchnia. Zagraniczne przewodniki oraz portale po\u015bwi\u0119cone jedzeniu coraz cz\u0119\u015bciej rekomenduj\u0105 podr\u00f3\u017cnym spr\u00f3bowanie lokalnych, sezonowych da\u0144 \u2014 od pierog\u00f3w i barszczu z uszkami po tradycyjny makowiec.<\/p>\n<p class=\"Paragraph_desktopParagraph__U31Gm\">Na korzy\u015b\u0107 Polski przemawiaj\u0105 tak\u017ce ceny po\u0142\u0105cze\u0144 lotniczych. Portal euronews.com, powo\u0142uj\u0105c si\u0119 na dane kiwi.com, wskaza\u0142, \u017ce \u015bredni koszt biletu lotniczego do Polski w okresie \u015bwi\u0105tecznym wyni\u00f3s\u0142 w tym roku 123 euro, czyli o 10 euro mniej ni\u017c rok wcze\u015bniej.<\/p>\n<p class=\"Paragraph_desktopParagraph__U31Gm\">&#8222;Liczba rezerwacji podr\u00f3\u017cy do Polski wzros\u0142a w ci\u0105gu roku o ponad 55 proc. Szacuje si\u0119, \u017ce liczba ta wkr\u00f3tce wzro\u015bnie, a najwi\u0119cej turyst\u00f3w przyb\u0119dzie m.in. z Hiszpanii, Wielkiej Brytanii, W\u0142och i Rumunii. Co ciekawe, platforma kiwi.com donosi, \u017ce Polska sta\u0142a si\u0119 jednym z g\u0142\u00f3wnych kierunk\u00f3w podr\u00f3\u017cy rumu\u0144skich turyst\u00f3w w okresie \u015bwi\u0105teczno-noworocznym. W por\u00f3wnaniu z poprzednim rokiem liczba rezerwacji do polskich miast w okresie \u015bwi\u0105tecznym wzros\u0142a w tym kraju a\u017c trzykrotnie&#8221; \u2014 czytamy na \u0142amach euronews.com.<\/p>\n","protected":false},"excerpt":{"rendered":"Na \u0142amach portalu euronews.com ukaza\u0142 si\u0119 artyku\u0142 po\u015bwi\u0119cony Polsce. Podkre\u015blono w nim, \u017ce Krak\u00f3w i Warszawa znalaz\u0142y si\u0119&hellip;\n","protected":false},"author":2,"featured_media":173117,"comment_status":"","ping_status":"","sticky":false,"template":"","format":"standard","meta":{"footnotes":""},"categories":[12],"tags":[32,33,416,36,37,27,67,1267,34,35,28,31,53,25,52,68,51,55,42,10421,38,40,39,2847,41,47,196,5806,29,30,50,424,26],"class_list":{"0":"post-173116","1":"post","2":"type-post","3":"status-publish","4":"format-standard","5":"has-post-thumbnail","7":"category-polska","8":"tag-breaking-news","9":"tag-breakingnews","10":"tag-europa_kontynent","11":"tag-featured-news","12":"tag-featurednews","13":"tag-headlines","14":"tag-intextvideo_splayer","15":"tag-krakow_miasto","16":"tag-latest-news","17":"tag-latestnews","18":"tag-naglowki","19":"tag-najwazniejsze-artykuly","20":"tag-new_header","21":"tag-news","22":"tag-onet3","23":"tag-onet3d","24":"tag-onet3d_2i","25":"tag-phx","26":"tag-pl","27":"tag-podroze_onet","28":"tag-poland","29":"tag-polish","30":"tag-polska","31":"tag-polska_polak_polka_polacy_polki","32":"tag-polski","33":"tag-screening_general","34":"tag-styl_zycia","35":"tag-swieta","36":"tag-top-stories","37":"tag-topstories","38":"tag-v2021","39":"tag-warszawa_miasto","40":"tag-wiadomosci"},"share_on_mastodon":{"url":"","error":"Validation failed: Text character limit of 500 exceeded"},"_links":{"self":[{"href":"https:\/\/www.europesays.com\/pl\/wp-json\/wp\/v2\/posts\/173116","targetHints":{"allow":["GET"]}}],"collection":[{"href":"https:\/\/www.europesays.com\/pl\/wp-json\/wp\/v2\/posts"}],"about":[{"href":"https:\/\/www.europesays.com\/pl\/wp-json\/wp\/v2\/types\/post"}],"author":[{"embeddable":true,"href":"https:\/\/www.europesays.com\/pl\/wp-json\/wp\/v2\/users\/2"}],"replies":[{"embeddable":true,"href":"https:\/\/www.europesays.com\/pl\/wp-json\/wp\/v2\/comments?post=173116"}],"version-history":[{"count":0,"href":"https:\/\/www.europesays.com\/pl\/wp-json\/wp\/v2\/posts\/173116\/revisions"}],"wp:featuredmedia":[{"embeddable":true,"href":"https:\/\/www.europesays.com\/pl\/wp-json\/wp\/v2\/media\/173117"}],"wp:attachment":[{"href":"https:\/\/www.europesays.com\/pl\/wp-json\/wp\/v2\/media?parent=173116"}],"wp:term":[{"taxonomy":"category","embeddable":true,"href":"https:\/\/www.europesays.com\/pl\/wp-json\/wp\/v2\/categories?post=173116"},{"taxonomy":"post_tag","embeddable":true,"href":"https:\/\/www.europesays.com\/pl\/wp-json\/wp\/v2\/tags?post=173116"}],"curies":[{"name":"wp","href":"https:\/\/api.w.org\/{rel}","templated":true}]}}