{"id":173188,"date":"2025-12-27T05:40:06","date_gmt":"2025-12-27T05:40:06","guid":{"rendered":"https:\/\/www.europesays.com\/pl\/173188\/"},"modified":"2025-12-27T05:40:06","modified_gmt":"2025-12-27T05:40:06","slug":"7-najlepszych-polskich-filmow-2025-roku-przywrocily-mi-wiare-w-kino-nad-wisla","status":"publish","type":"post","link":"https:\/\/www.europesays.com\/pl\/173188\/","title":{"rendered":"7 najlepszych polskich film\u00f3w 2025 roku. Przywr\u00f3ci\u0142y mi wiar\u0119 w kino nad Wis\u0142\u0105"},"content":{"rendered":"<p><img decoding=\"async\" id=\"primaryImage\" src=\"https:\/\/www.europesays.com\/pl\/wp-content\/uploads\/2025\/12\/b826ddd9cf325663346159a38033b5e1,1920,0,0,0.webp.webp\" alt=\"najlepsze polskie filmy 2025 roku\" title=\"najlepsze polskie filmy 2025 roku: ranking\" fetchpriority=\"high\" loading=\"eager\"\/>W polskim kinie nie zabrak\u0142o w tym roku pere\u0142ek Fot. Kadry z film\u00f3w &#8222;Dziewczyna z ig\u0142\u0105&#8221; i &#8222;Dom dobry&#8221; \/\/ Canva \/ Orathai Yingyoud <\/p>\n<p class=\"c-gfkBWL c-JnCou\">Polskie kino w 2025 roku nie by\u0142o jednorodne \u2013 i bardzo dobrze. Wybra\u0142am siedem film\u00f3w, kt\u00f3re poruszy\u0142y mnie najbardziej: jedne wstrz\u0105sn\u0119\u0142y, inne wzruszy\u0142y, a jeszcze inne da\u0142y czyst\u0105 frajd\u0119 z ogl\u0105dania. To tytu\u0142y, o kt\u00f3rych trudno zapomnie\u0107 po seansie i o kt\u00f3rych chce si\u0119 rozmawia\u0107, a nie tylko odhaczy\u0107 je na li\u015bcie. Je\u015bli kt\u00f3ry\u015b z nich wam umkn\u0105\u0142, to najlepszy moment, \u017ceby nadrobi\u0107 zaleg\u0142o\u015bci.<\/p>\n<p><img decoding=\"async\" src=\"data:image\/svg+xml,%3csvg%20width='24'%20height='24'%20viewBox='0%200%2024%2024'%20fill='none'%20xmlns='http:\/\/www.w3.org\/2000\/svg'%3e%3cpath%20d='M23.047%2016.197L18.729%2020.132C16.698%2021.982%2014.067%2023%2011.321%2023H1C0.447%2023%200%2022.553%200%2022C0%2021.447%200.447%2021%201%2021H11.32C13.567%2021%2015.719%2020.167%2017.381%2018.653L21.665%2014.751C22.012%2014.403%2022.095%2013.807%2021.821%2013.427C21.641%2013.178%2021.379%2013.028%2021.081%2013.003C20.79%2012.984%2020.501%2013.085%2020.293%2013.293L16.059%2017.179C15.521%2017.687%2014.797%2018%2014%2018H9C8.447%2018%208%2017.553%208%2017C8%2016.447%208.447%2016%209%2016H14C14.252%2016%2015%2015.885%2015%2015C15%2014.448%2014.552%2014%2014%2014H9.088C6.685%2014%204.424%2014.937%202.724%2016.636L1.726%2017.689C1.529%2017.896%201.265%2018.001%201%2018.001C0.753%2018.001%200.505%2017.91%200.312%2017.727C-0.088%2017.346%20-0.105%2016.713%200.275%2016.313L1.292%2015.242C3.389%2013.146%206.151%2012.002%209.089%2012.002H14.001C15.237%2012.002%2016.301%2012.754%2016.76%2013.824L18.911%2011.85C19.502%2011.257%2020.367%2010.935%2021.242%2011.011C22.122%2011.081%2022.925%2011.536%2023.445%2012.259C24.289%2013.433%2024.118%2015.125%2023.048%2016.198L23.047%2016.197Z'%20fill='white'\/%3e%3cpath%20fill-rule='evenodd'%20clip-rule='evenodd'%20d='M13%207.32812C14.2944%207.32812%2015.3438%206.27879%2015.3438%204.98438C15.3438%203.68996%2014.2944%202.64062%2013%202.64062C11.7056%202.64062%2010.6562%203.68996%2010.6562%204.98438C10.6562%206.27879%2011.7056%207.32812%2013%207.32812ZM13%209.34375C15.4076%209.34375%2017.3594%207.39199%2017.3594%204.98438C17.3594%202.57676%2015.4076%200.625%2013%200.625C10.5924%200.625%208.64062%202.57676%208.64062%204.98438C8.64062%207.39199%2010.5924%209.34375%2013%209.34375Z'%20fill='white'\/%3e%3c\/svg%3e\"\/><\/p>\n<p class=\"c-kTaKCu\">Daj napiwek autorowi<\/p>\n<p class=\"c-kTaKCu\">Daj napiwek autorowi<\/p>\n<p><img decoding=\"async\" src=\"data:image\/svg+xml,%3csvg%20width='24'%20height='24'%20viewBox='0%200%2024%2024'%20fill='none'%20xmlns='http:\/\/www.w3.org\/2000\/svg'%3e%3cpath%20d='M23.047%2016.197L18.729%2020.132C16.698%2021.982%2014.067%2023%2011.321%2023H1C0.447%2023%200%2022.553%200%2022C0%2021.447%200.447%2021%201%2021H11.32C13.567%2021%2015.719%2020.167%2017.381%2018.653L21.665%2014.751C22.012%2014.403%2022.095%2013.807%2021.821%2013.427C21.641%2013.178%2021.379%2013.028%2021.081%2013.003C20.79%2012.984%2020.501%2013.085%2020.293%2013.293L16.059%2017.179C15.521%2017.687%2014.797%2018%2014%2018H9C8.447%2018%208%2017.553%208%2017C8%2016.447%208.447%2016%209%2016H14C14.252%2016%2015%2015.885%2015%2015C15%2014.448%2014.552%2014%2014%2014H9.088C6.685%2014%204.424%2014.937%202.724%2016.636L1.726%2017.689C1.529%2017.896%201.265%2018.001%201%2018.001C0.753%2018.001%200.505%2017.91%200.312%2017.727C-0.088%2017.346%20-0.105%2016.713%200.275%2016.313L1.292%2015.242C3.389%2013.146%206.151%2012.002%209.089%2012.002H14.001C15.237%2012.002%2016.301%2012.754%2016.76%2013.824L18.911%2011.85C19.502%2011.257%2020.367%2010.935%2021.242%2011.011C22.122%2011.081%2022.925%2011.536%2023.445%2012.259C24.289%2013.433%2024.118%2015.125%2023.048%2016.198L23.047%2016.197Z'%20fill='white'\/%3e%3cpath%20fill-rule='evenodd'%20clip-rule='evenodd'%20d='M13%207.32812C14.2944%207.32812%2015.3438%206.27879%2015.3438%204.98438C15.3438%203.68996%2014.2944%202.64062%2013%202.64062C11.7056%202.64062%2010.6562%203.68996%2010.6562%204.98438C10.6562%206.27879%2011.7056%207.32812%2013%207.32812ZM13%209.34375C15.4076%209.34375%2017.3594%207.39199%2017.3594%204.98438C17.3594%202.57676%2015.4076%200.625%2013%200.625C10.5924%200.625%208.64062%202.57676%208.64062%204.98438C8.64062%207.39199%2010.5924%209.34375%2013%209.34375Z'%20fill='white'\/%3e%3c\/svg%3e\"\/><\/p>\n<p style=\"white-space:pre-wrap\" class=\"c-ePRiEx\">Nie by\u0142 to najmocniejszy rok dla polskiego kina. Kilka wyczekiwanych tytu\u0142\u00f3w \u2013 na czele z &#8222;Chopin, Chopin!&#8221; czy &#8222;Zamachem na papie\u017ca&#8221; \u2013 rozczarowa\u0142o, nie spe\u0142niaj\u0105c ani artystycznych, ani fanowskich oczekiwa\u0144 (oby podobny los nie spotka\u0142<a class=\"page-link \" data-analytics-name=\"in-text-link\" href=\"https:\/\/natemat.pl\/634460,film-lalka-ma-date-premiery-zapowiada-sie-kinowy-hit-2026-roku\" rel=\"nofollow noopener\" target=\"_blank\"> przysz\u0142orocznej &#8222;Lalki&#8221;<\/a>&#8230;). <\/p>\n<p style=\"white-space:pre-wrap\" class=\"c-ePRiEx\">Trudno jednak m\u00f3wi\u0107 o roku straconym, bo obok zawod\u00f3w pojawi\u0142y si\u0119 \u015bwie\u017ce filmy, kt\u00f3re naprawd\u0119 poruszy\u0142y, sprowokowa\u0142y dyskusj\u0119 i przyci\u0105gn\u0119\u0142y widz\u00f3w, jak nagrodzeni w Gdyni &#8222;Ministranci&#8221; czy &#8222;\u015awiat\u0142oczu\u0142a&#8221;, kt\u00f3ra udowodni\u0142a, \u017ce wsp\u00f3\u0142cze\u015bnie da si\u0119 zrobi\u0107 pi\u0119kny film o mi\u0142o\u015bci.<\/p>\n<p style=\"white-space:pre-wrap\" class=\"c-ePRiEx\">Polskie kino doczeka\u0142o si\u0119 te\u017c bezdyskusyjnego hitu frekwencyjnego \u2013 &#8222;Domu dobrego&#8221; Wojciecha Smarzowskiego. Wstrz\u0105saj\u0105cy film nie tylko okaza\u0142 si\u0119 kasowym sukcesem, ale przede wszystkim sta\u0142 si\u0119 jednym z najg\u0142o\u015bniejszych spo\u0142ecznych komentarzy ostatnich lat, otwieraj\u0105c oczy Polak\u00f3w na przemoc domow\u0105. I zrobi\u0142 to, bo <a class=\"page-link \" data-analytics-name=\"in-text-link\" href=\"https:\/\/natemat.pl\/634910,dom-dobry-byl-nam-cholernie-potrzebny-lawina-zgloszen-od-ofiar-przemocy\" rel=\"nofollow noopener\" target=\"_blank\">wywo\u0142a\u0142 lawin\u0119 zg\u0142osze\u0144, a telefon Feminoteki rozdzwoni\u0142 si\u0119 jak nigdy<\/a>. <\/p>\n<p>Najlepsze polskie filmy 2025 roku. Siedem pere\u0142ek<\/p>\n<p style=\"white-space:pre-wrap\" class=\"c-ePRiEx\">Wybrali\u015bmy 7 najlepszych polskich film\u00f3w 2025 roku \u2013 zar\u00f3wno te wyprodukowane w mijaj\u0105cych dwunastu miesi\u0105cach, jak i tytu\u0142y z 2024 roku, kt\u00f3re dopiero teraz mia\u0142y premier\u0119. W zestawieniu uwzgl\u0119dniamy zar\u00f3wno kino, jak i streaming, a kolejno\u015b\u0107 jest zupe\u0142nie przypadkowa.<\/p>\n<p>1. Dom dobry, re\u017c. Wojciech Smarzowski<\/p>\n<p><img decoding=\"async\" class=\"c-kWqCQj c-kWqCQj-bORNmh-isCustomPlaceholder-false placeholder-gray\" src=\"data:image\/svg+xml,%3csvg%20id='Warstwa_1'%20data-name='Warstwa%201'%20xmlns='http:\/\/www.w3.org\/2000\/svg'%20viewBox='115%200%20150%20150'%3e%3cdefs%3e%3cstyle%3e.cls-1{fill:transparent;}.cls-2{fill:%23272424;}.cls-3{fill:%23ff6400;}%3c\/style%3e%3c\/defs%3e%3ctitle%3ent_logo%3c\/title%3e%3crect%20class='cls-1'%20width='500'%20height='150'\/%3e%3cpath%20class='cls-3'%20d='M172.12,70.58A11,11,0,1,1,161.24,59.7,11.16,11.16,0,0,1,172.12,70.58Zm0,27.7A11,11,0,1,1,161.24,87.4,11.16,11.16,0,0,1,172.12,98.28Z'%20transform='translate(0%200)'\/%3e%3cpath%20class='cls-2'%20d='M212.89,56.37v51.7h-19V56.37H173.83v-16h59.11v16H212.89Z'%20transform='translate(0%200)'\/%3e%3c\/svg%3e\" alt=\"logo\"\/>Fot. Kadr z &#8222;Domu dobrego&#8221;  <\/p>\n<p style=\"white-space:pre-wrap\" class=\"c-ePRiEx\"><a class=\"page-link \" data-analytics-name=\"in-text-link\" href=\"https:\/\/natemat.pl\/631997,smarzowski-to-geniusz-dom-dobry-nie-bylby-tak-glosny-gdyby-nie-jedna-rzecz\" rel=\"nofollow noopener\" target=\"_blank\">Wojciech Smarzowski<\/a> w formie.<a class=\"page-link \" data-analytics-name=\"in-text-link\" href=\"https:\/\/natemat.pl\/630740,dom-dobry-wbija-widzow-w-fotel-takiej-ciszy-po-seansie-nie-slyszalem\" rel=\"nofollow noopener\" target=\"_blank\"> &#8222;Dom dobry&#8221;<\/a> to film o przemocy domowej, kt\u00f3ry bez taryfy ulgowej pokazuje piek\u0142o, jakie m\u0105\u017c urz\u0105dza \u017conie \u2013 nie dla samej brutalno\u015bci, ale po to, by u\u015bwiadomi\u0107 widzom, \u017ce to dzieje si\u0119 tu i teraz, w tysi\u0105cach polskich dom\u00f3w. Historia Go\u015bki i Grze\u015bka zaczyna si\u0119 jak wiele innych: od zakochania, bombardowania mi\u0142o\u015bci\u0105 i obietnicy bezpiecze\u0144stwa. Po \u015blubie iluzja p\u0119ka, a codzienno\u015b\u0107 zamienia si\u0119 w koszmar. <\/p>\n<p>2. \u015awiat\u0142oczu\u0142a, re\u017c. Tadeusz \u015aliwa<\/p>\n<p><img decoding=\"async\" class=\"c-kWqCQj c-kWqCQj-bORNmh-isCustomPlaceholder-false placeholder-gray\" src=\"data:image\/svg+xml,%3csvg%20id='Warstwa_1'%20data-name='Warstwa%201'%20xmlns='http:\/\/www.w3.org\/2000\/svg'%20viewBox='115%200%20150%20150'%3e%3cdefs%3e%3cstyle%3e.cls-1{fill:transparent;}.cls-2{fill:%23272424;}.cls-3{fill:%23ff6400;}%3c\/style%3e%3c\/defs%3e%3ctitle%3ent_logo%3c\/title%3e%3crect%20class='cls-1'%20width='500'%20height='150'\/%3e%3cpath%20class='cls-3'%20d='M172.12,70.58A11,11,0,1,1,161.24,59.7,11.16,11.16,0,0,1,172.12,70.58Zm0,27.7A11,11,0,1,1,161.24,87.4,11.16,11.16,0,0,1,172.12,98.28Z'%20transform='translate(0%200)'\/%3e%3cpath%20class='cls-2'%20d='M212.89,56.37v51.7h-19V56.37H173.83v-16h59.11v16H212.89Z'%20transform='translate(0%200)'\/%3e%3c\/svg%3e\" alt=\"logo\"\/>Fot. Kadr ze &#8222;\u015awiat\u0142oczu\u0142ej&#8221;  <\/p>\n<p style=\"white-space:pre-wrap\" class=\"c-ePRiEx\">Agata (Matylda Gieg\u017cno) jest niewidoma od dziecka, pracuje z m\u0142odzie\u017c\u0105 w o\u015brodku wychowawczym i ch\u0142onie \u017cycie wszystkimi zmys\u0142ami. Robert (Ignacy Liss) to uznany fotograf, kt\u00f3ry \u2013 mimo sukces\u00f3w \u2013 czuje wewn\u0119trzn\u0105 pustk\u0119. Ich drogi krzy\u017cuj\u0105 si\u0119 podczas sesji zdj\u0119ciowej i staj\u0105 si\u0119 pocz\u0105tkiem relacji, kt\u00f3ra zmusza oboje do przewarto\u015bciowania w\u0142asnych l\u0119k\u00f3w i ogranicze\u0144. <\/p>\n<p style=\"white-space:pre-wrap\" class=\"c-ePRiEx\">&#8222;\u015awiat\u0142oczu\u0142a&#8221; to wreszcie udany wsp\u00f3\u0142czesny melodramat made in Poland: czu\u0142y, zmys\u0142owy i emocjonalny, ale wolny od kiczu i taniej tandety. Film mo\u017ce i jest nieco schematyczny, a historia niezbyt oryginalna, jednak broni si\u0119 szczero\u015bci\u0105, wra\u017cliwo\u015bci\u0105 i znakomitym aktorstwem (Gieg\u017cno absolutnie kradnie ca\u0142e show). To dow\u00f3d na to, \u017ce nad Wis\u0142\u0105 wci\u0105\u017c mog\u0105 powstawa\u0107 pi\u0119kne i autentyczne historie mi\u0142osne.<\/p>\n<p>3. Ministranci, re\u017c. Piotr Domalewski<\/p>\n<p><img decoding=\"async\" class=\"c-kWqCQj c-kWqCQj-bORNmh-isCustomPlaceholder-false placeholder-gray\" src=\"data:image\/svg+xml,%3csvg%20id='Warstwa_1'%20data-name='Warstwa%201'%20xmlns='http:\/\/www.w3.org\/2000\/svg'%20viewBox='115%200%20150%20150'%3e%3cdefs%3e%3cstyle%3e.cls-1{fill:transparent;}.cls-2{fill:%23272424;}.cls-3{fill:%23ff6400;}%3c\/style%3e%3c\/defs%3e%3ctitle%3ent_logo%3c\/title%3e%3crect%20class='cls-1'%20width='500'%20height='150'\/%3e%3cpath%20class='cls-3'%20d='M172.12,70.58A11,11,0,1,1,161.24,59.7,11.16,11.16,0,0,1,172.12,70.58Zm0,27.7A11,11,0,1,1,161.24,87.4,11.16,11.16,0,0,1,172.12,98.28Z'%20transform='translate(0%200)'\/%3e%3cpath%20class='cls-2'%20d='M212.89,56.37v51.7h-19V56.37H173.83v-16h59.11v16H212.89Z'%20transform='translate(0%200)'\/%3e%3c\/svg%3e\" alt=\"logo\"\/>Fot. Kadr z &#8222;Ministrant\u00f3w&#8221;  <\/p>\n<p style=\"white-space:pre-wrap\" class=\"c-ePRiEx\">Grupa nastoletnich ministrant\u00f3w, sfrustrowana oboj\u0119tno\u015bci\u0105 doros\u0142ych i instytucji Ko\u015bcio\u0142a wobec spo\u0142ecznych niesprawiedliwo\u015bci, postanawia wzi\u0105\u0107 sprawy w swoje r\u0119ce. Uzbrojeni w m\u0142odzie\u0144czy bunt, w\u0142asn\u0105 interpretacj\u0119 Pisma \u015awi\u0119tego i kominiarki zak\u0142adaj\u0105 pods\u0142uch w konfesjonale, by &#8222;lepiej pozna\u0107&#8221; swoich s\u0105siad\u00f3w. Zabawa w wymierzanie sprawiedliwo\u015bci szybko wymyka si\u0119 jednak spod kontroli.<\/p>\n<p style=\"white-space:pre-wrap\" class=\"c-ePRiEx\">Piotr Domalewski, autor doskona\u0142ej &#8222;Cichej nocy&#8221;, opowiada o dzieciach balansuj\u0105cych na cienkiej granicy mi\u0119dzy dobrem a z\u0142em \u2013 bez moralizatorstwa, za to z empati\u0105. \u015awietni m\u0142odzi aktorzy (Tobiasz Wajda, Bruno B\u0142ach-Baar, Miko\u0142aj i Filip Juszczyk) nios\u0105 t\u0119 histori\u0119 z naturalno\u015bci\u0105 i humorem.<\/p>\n<p style=\"white-space:pre-wrap\" class=\"c-ePRiEx\"><a class=\"page-link \" data-analytics-name=\"in-text-link\" href=\"https:\/\/natemat.pl\/625556,ten-film-rozbil-bank-na-festiwalu-w-gdyni-polacy-beda-dlugo-o-nim-mowic\" rel=\"nofollow noopener\" target=\"_blank\">&#8222;Ministranci&#8221;<\/a> to \u015bwie\u017ce kino o Ko\u015bciele i Polakach inaczej \u2013 bli\u017cej ludzi, ich codziennych problem\u00f3w, bez \u0142opatologii i bez kolejnego obrazu szarej, smutnej Polski. Jest optymistycznie, zabawnie i z pazurem.<\/p>\n<p>4. &#8222;Dziewczyna z ig\u0142\u0105&#8221;, re\u017c. Magnus von Horn<\/p>\n<p><img decoding=\"async\" class=\"c-kWqCQj c-kWqCQj-bORNmh-isCustomPlaceholder-false placeholder-gray\" src=\"data:image\/svg+xml,%3csvg%20id='Warstwa_1'%20data-name='Warstwa%201'%20xmlns='http:\/\/www.w3.org\/2000\/svg'%20viewBox='115%200%20150%20150'%3e%3cdefs%3e%3cstyle%3e.cls-1{fill:transparent;}.cls-2{fill:%23272424;}.cls-3{fill:%23ff6400;}%3c\/style%3e%3c\/defs%3e%3ctitle%3ent_logo%3c\/title%3e%3crect%20class='cls-1'%20width='500'%20height='150'\/%3e%3cpath%20class='cls-3'%20d='M172.12,70.58A11,11,0,1,1,161.24,59.7,11.16,11.16,0,0,1,172.12,70.58Zm0,27.7A11,11,0,1,1,161.24,87.4,11.16,11.16,0,0,1,172.12,98.28Z'%20transform='translate(0%200)'\/%3e%3cpath%20class='cls-2'%20d='M212.89,56.37v51.7h-19V56.37H173.83v-16h59.11v16H212.89Z'%20transform='translate(0%200)'\/%3e%3c\/svg%3e\" alt=\"logo\"\/>Fot. Kadr z &#8222;Dziewczyny z ig\u0142\u0105&#8221;<\/p>\n<p style=\"white-space:pre-wrap\" class=\"c-ePRiEx\">Du\u0144sko-polsko-szwedzki dramat mieszkaj\u0105cego w Polsce Szweda Magnusa von Horna jest inspirowany histori\u0105 seryjnej morderczyni Dagmar Overbye i okaza\u0142 si\u0119 jednym z najwi\u0119kszych artystycznych sukces\u00f3w roku nad Wis\u0142\u0105 \u2013 mimo \u017ce jest &#8222;tylko&#8221; rodzim\u0105 koprodukcj\u0105.<\/p>\n<p style=\"white-space:pre-wrap\" class=\"c-ePRiEx\">Akcja toczy si\u0119 w Kopenhadze tu\u017c po I wojnie \u015bwiatowej. M\u0142oda szwaczka Karoline, zwolniona z pracy po zaj\u015bciu w ci\u0105\u017c\u0119, trafia pod skrzyd\u0142a Dagmar, kt\u00f3ra pod przykrywk\u0105 sklepu ze s\u0142odyczami prowadzi nielegaln\u0105 &#8222;agencj\u0119 adopcyjn\u0105&#8221;. Bohaterka szybko odkrywa, \u017ce Dagmar wcale nie zajmuje si\u0119 adopcj\u0105. <\/p>\n<p style=\"white-space:pre-wrap\" class=\"c-ePRiEx\">Film zdoby\u0142 nagrody w Gdyni, worek Or\u0142\u00f3w i nominacj\u0119 do Oscara jako du\u0144ski kandydat. Genialnie zrealizowany, znakomicie zagrany przez Vic Carmen Sonne i Trine Dyrholm, z hipnotyzuj\u0105cymi zdj\u0119ciami, jest jednocze\u015bnie wstrz\u0105saj\u0105cy i do b\u00f3lu pesymistyczny. To kino, kt\u00f3rego nie spos\u00f3b obejrze\u0107 drugi raz, ale kt\u00f3re zostaje w g\u0142owie na d\u0142ugo. Mocne i znakomite.<\/p>\n<p>5. Utrata r\u00f3wnowagi, re\u017c. Korek Bojanowski<\/p>\n<p><img decoding=\"async\" class=\"c-kWqCQj c-kWqCQj-bORNmh-isCustomPlaceholder-false placeholder-gray\" src=\"data:image\/svg+xml,%3csvg%20id='Warstwa_1'%20data-name='Warstwa%201'%20xmlns='http:\/\/www.w3.org\/2000\/svg'%20viewBox='115%200%20150%20150'%3e%3cdefs%3e%3cstyle%3e.cls-1{fill:transparent;}.cls-2{fill:%23272424;}.cls-3{fill:%23ff6400;}%3c\/style%3e%3c\/defs%3e%3ctitle%3ent_logo%3c\/title%3e%3crect%20class='cls-1'%20width='500'%20height='150'\/%3e%3cpath%20class='cls-3'%20d='M172.12,70.58A11,11,0,1,1,161.24,59.7,11.16,11.16,0,0,1,172.12,70.58Zm0,27.7A11,11,0,1,1,161.24,87.4,11.16,11.16,0,0,1,172.12,98.28Z'%20transform='translate(0%200)'\/%3e%3cpath%20class='cls-2'%20d='M212.89,56.37v51.7h-19V56.37H173.83v-16h59.11v16H212.89Z'%20transform='translate(0%200)'\/%3e%3c\/svg%3e\" alt=\"logo\"\/>Fot. Kadr z &#8222;Utraty r\u00f3wnowagi&#8221;  <\/p>\n<p style=\"white-space:pre-wrap\" class=\"c-ePRiEx\">Trzeci film tego rankingu (po &#8222;Domu dobrym&#8221; i &#8222;Ministrantach&#8221;) z Tomaszem Schuchardtem \u2013 <a class=\"page-link \" data-analytics-name=\"in-text-link\" href=\"https:\/\/natemat.pl\/631736,heweliusz-dom-dobry-breslau-tomasz-shuchardt-jest-dzis-wszedzie-ale-nie-narzekam\" rel=\"nofollow noopener\" target=\"_blank\">i kolejny dow\u00f3d, \u017ce to by\u0142 jego rok<\/a>. Maja, studentka aktorstwa, nie wierzy w swoj\u0105 przysz\u0142o\u015b\u0107 w zawodzie i planuje porzuci\u0107 scen\u0119 na rzecz &#8222;bezpiecznego&#8221; kierunku. Wszystko zmienia si\u0119, gdy pojawia si\u0119 nowy, charyzmatyczny re\u017cyser. Powierzenie Mai roli Lady Makbet przywraca jej wiar\u0119 w siebie \u2013 ale szybko ods\u0142ania te\u017c mroczn\u0105 natur\u0119 mentora. <\/p>\n<p style=\"white-space:pre-wrap\" class=\"c-ePRiEx\">To szczery, mocny film o ciemnych stronach polskich szk\u00f3\u0142 teatralnych, manipulacji i przemocy ukrytej pod p\u0142aszczykiem artystycznej pasji. Znakomita Nell Kaczmarek i kolejna przera\u017caj\u0105co wiarygodna rola Schuchardta sprawiaj\u0105, \u017ce &#8222;Utrata r\u00f3wnowagi&#8221; jest jednym z najbardziej niepokoj\u0105cych, a zarazem potrzebnych film\u00f3w roku.<\/p>\n<p>6. Te\u015bciowie 3, re\u017c. Jakub Michalczuk<\/p>\n<p><img decoding=\"async\" class=\"c-kWqCQj c-kWqCQj-bORNmh-isCustomPlaceholder-false placeholder-gray\" src=\"data:image\/svg+xml,%3csvg%20id='Warstwa_1'%20data-name='Warstwa%201'%20xmlns='http:\/\/www.w3.org\/2000\/svg'%20viewBox='115%200%20150%20150'%3e%3cdefs%3e%3cstyle%3e.cls-1{fill:transparent;}.cls-2{fill:%23272424;}.cls-3{fill:%23ff6400;}%3c\/style%3e%3c\/defs%3e%3ctitle%3ent_logo%3c\/title%3e%3crect%20class='cls-1'%20width='500'%20height='150'\/%3e%3cpath%20class='cls-3'%20d='M172.12,70.58A11,11,0,1,1,161.24,59.7,11.16,11.16,0,0,1,172.12,70.58Zm0,27.7A11,11,0,1,1,161.24,87.4,11.16,11.16,0,0,1,172.12,98.28Z'%20transform='translate(0%200)'\/%3e%3cpath%20class='cls-2'%20d='M212.89,56.37v51.7h-19V56.37H173.83v-16h59.11v16H212.89Z'%20transform='translate(0%200)'\/%3e%3c\/svg%3e\" alt=\"logo\"\/>Fot. Kadr z &#8222;Te\u015bci\u00f3w 3&#8221;  <\/p>\n<p style=\"white-space:pre-wrap\" class=\"c-ePRiEx\">Trzecia cz\u0119\u015b\u0107 hitowej serii udowadnia, \u017ce da si\u0119 zrobi\u0107 sequel, kt\u00f3ry nie rozmienia si\u0119 na drobne. Rodzina spotyka si\u0119 na prowincji przy okazji chrzcin: Wanda i Tadeusz s\u0105 gospodarzami, Ma\u0142gorzata przyje\u017cd\u017ca z przyjaci\u00f3\u0142k\u0105, a Andrzej wraca z Australii z nowym towarzystwem. <\/p>\n<p style=\"white-space:pre-wrap\" class=\"c-ePRiEx\">Efekt? Jest \u015bmiesznie, gorzko i absurdalnie \u2013 jak to w \u017cyciu. Bez tak znakomitej obsady ten film m\u00f3g\u0142by si\u0119 rozsypa\u0107 i by\u0107 kolejn\u0105 pa\u017adzierzow\u0105 komedi\u0105 z Polski, ale Adam Woronowicz, Izabela Kuna, Maja Ostaszewska i powracaj\u0105cy Marcin Doroci\u0144ski b\u0142yszcz\u0105. &#8222;Te\u015bciowie 3&#8221; zn\u00f3w pozwalaj\u0105 nam \u015bmia\u0107 si\u0119 z w\u0142asnych przywar \u2013 nie tylko polskich, ale po prostu ludzkich.<\/p>\n<p>7. LARP. Mi\u0142o\u015b\u0107, trolle i inne questy, re\u017c. Kordian K\u0105dziela<\/p>\n<p><img decoding=\"async\" class=\"c-kWqCQj c-kWqCQj-bORNmh-isCustomPlaceholder-false placeholder-gray\" src=\"data:image\/svg+xml,%3csvg%20id='Warstwa_1'%20data-name='Warstwa%201'%20xmlns='http:\/\/www.w3.org\/2000\/svg'%20viewBox='115%200%20150%20150'%3e%3cdefs%3e%3cstyle%3e.cls-1{fill:transparent;}.cls-2{fill:%23272424;}.cls-3{fill:%23ff6400;}%3c\/style%3e%3c\/defs%3e%3ctitle%3ent_logo%3c\/title%3e%3crect%20class='cls-1'%20width='500'%20height='150'\/%3e%3cpath%20class='cls-3'%20d='M172.12,70.58A11,11,0,1,1,161.24,59.7,11.16,11.16,0,0,1,172.12,70.58Zm0,27.7A11,11,0,1,1,161.24,87.4,11.16,11.16,0,0,1,172.12,98.28Z'%20transform='translate(0%200)'\/%3e%3cpath%20class='cls-2'%20d='M212.89,56.37v51.7h-19V56.37H173.83v-16h59.11v16H212.89Z'%20transform='translate(0%200)'\/%3e%3c\/svg%3e\" alt=\"logo\"\/>Fot. Kadr z filmu &#8222;LARP. Mi\u0142o\u015b\u0107, trolle i inne questy&#8221;  <\/p>\n<p style=\"white-space:pre-wrap\" class=\"c-ePRiEx\">Film Kordiana K\u0105dzieli, tw\u00f3rcy &#8222;1670&#8221;, z niemal ca\u0142\u0105 obsad\u0105 serialu Netfliksa (Filip Zar\u0119ba, Martyna Byczkowska, Bart\u0142omiej Topa, Micha\u0142 Balicki, Andrzej K\u0142ak). Sergiusz, nastolatek z technikum zakochany w fantastyce i LARP-ach, mierzy si\u0119 z prze\u015bladowaniami w szkole i uczuciem do Heleny. Gdy odkrywa jej tajemnic\u0119, rusza w podr\u00f3\u017c, kt\u00f3ra oka\u017ce si\u0119 czym\u015b znacznie wi\u0119cej ni\u017c eskapistyczn\u0105 przygod\u0105. <\/p>\n<p style=\"white-space:pre-wrap\" class=\"c-ePRiEx\">LARP (czyli (Live Action Role-Playing) i jego kultura s\u0105 tu tylko pretekstem do opowie\u015bci o dorastaniu, inno\u015bci i akceptacji. Film jest ciep\u0142y, m\u0105dry, zabawny, sprawnie zrealizowany i \u015bwietnie zagrany. \u015awie\u017cy powiew w polskim kinie \u2013 wi\u0119cej takich historii naprawd\u0119 by si\u0119 nam przyda\u0142o. <\/p>\n","protected":false},"excerpt":{"rendered":"W polskim kinie nie zabrak\u0142o w tym roku pere\u0142ek Fot. Kadry z film\u00f3w &#8222;Dziewczyna z ig\u0142\u0105&#8221; i &#8222;Dom&hellip;\n","protected":false},"author":2,"featured_media":173189,"comment_status":"","ping_status":"","sticky":false,"template":"","format":"standard","meta":{"footnotes":""},"categories":[22],"tags":[122,42,38,40,39,41,123],"class_list":{"0":"post-173188","1":"post","2":"type-post","3":"status-publish","4":"format-standard","5":"has-post-thumbnail","7":"category-rozrywka","8":"tag-entertainment","9":"tag-pl","10":"tag-poland","11":"tag-polish","12":"tag-polska","13":"tag-polski","14":"tag-rozrywka"},"share_on_mastodon":{"url":"https:\/\/pubeurope.com\/@pl\/115789930640988465","error":""},"_links":{"self":[{"href":"https:\/\/www.europesays.com\/pl\/wp-json\/wp\/v2\/posts\/173188","targetHints":{"allow":["GET"]}}],"collection":[{"href":"https:\/\/www.europesays.com\/pl\/wp-json\/wp\/v2\/posts"}],"about":[{"href":"https:\/\/www.europesays.com\/pl\/wp-json\/wp\/v2\/types\/post"}],"author":[{"embeddable":true,"href":"https:\/\/www.europesays.com\/pl\/wp-json\/wp\/v2\/users\/2"}],"replies":[{"embeddable":true,"href":"https:\/\/www.europesays.com\/pl\/wp-json\/wp\/v2\/comments?post=173188"}],"version-history":[{"count":0,"href":"https:\/\/www.europesays.com\/pl\/wp-json\/wp\/v2\/posts\/173188\/revisions"}],"wp:featuredmedia":[{"embeddable":true,"href":"https:\/\/www.europesays.com\/pl\/wp-json\/wp\/v2\/media\/173189"}],"wp:attachment":[{"href":"https:\/\/www.europesays.com\/pl\/wp-json\/wp\/v2\/media?parent=173188"}],"wp:term":[{"taxonomy":"category","embeddable":true,"href":"https:\/\/www.europesays.com\/pl\/wp-json\/wp\/v2\/categories?post=173188"},{"taxonomy":"post_tag","embeddable":true,"href":"https:\/\/www.europesays.com\/pl\/wp-json\/wp\/v2\/tags?post=173188"}],"curies":[{"name":"wp","href":"https:\/\/api.w.org\/{rel}","templated":true}]}}