{"id":173215,"date":"2025-12-27T06:13:09","date_gmt":"2025-12-27T06:13:09","guid":{"rendered":"https:\/\/www.europesays.com\/pl\/173215\/"},"modified":"2025-12-27T06:13:09","modified_gmt":"2025-12-27T06:13:09","slug":"robert-lewandowski-nie-pozyczyl-pieniedzy-kamilowi-grosickiemu-teraz-zdradzil-powod-przeglad-sportowy-onet","status":"publish","type":"post","link":"https:\/\/www.europesays.com\/pl\/173215\/","title":{"rendered":"Robert Lewandowski nie po\u017cyczy\u0142 pieni\u0119dzy Kamilowi Grosickiemu. Teraz zdradzi\u0142 pow\u00f3d &#8211; Przegl\u0105d Sportowy Onet"},"content":{"rendered":"<ol>\n<li><a href=\"https:\/\/news.google.com\/rss\/articles\/CBMi7gFBVV95cUxPVDRNaF9KWEhSS2pFd1hqZ0hhNk1qWm14QXpZcWtmQjdvMEJMV1dZRkZ2MXFWLVp5alBlbUxVbUZxT3dOajNteWktVnJaOXlVekFPVERab1dVOWlnWXRINEJtMFBnRThzUk9oUnVrdWtlSzdBVXduLVZUVndsaFAzSHVyYmx0YkI3aXRPam1EZmQ0akRDZzlsb05kV1NLekpuT1FVaW1oQUpjVE1yczZfdmcwWTFuM1RfanhlZ1hhOUt3cmdOTTdpbFFNN3FlT3ZmRTlJU1dvR28tT2VRUHg4Rm5ISVl0SnU5aTBZc0R3?oc=5\" target=\"_blank\" rel=\"nofollow noopener\">Robert Lewandowski nie po\u017cyczy\u0142 pieni\u0119dzy Kamilowi Grosickiemu. Teraz zdradzi\u0142 pow\u00f3d<\/a>&nbsp;&nbsp;Przegl\u0105d Sportowy Onet<\/li>\n<li><a href=\"https:\/\/news.google.com\/rss\/articles\/CBMiuAFBVV95cUxONzNneXZLTF9XZGpGcHVsYlZjclRpM1NCZnlrVVJENXVkSVZOZ1J4RFZOd3ZfN1pEa0pOTnBPc2IzalhHS0lxNGVVZ3BBQ3BycVJHaFJOUWx6M0VnVlhCSlVtUUF5Q2wtYlNiUlZOdVA3M0ZNZElidWdEZFFnLVBlQ2k0WjUxdzFNVEw3OG1aaUpYXzZobWFfdWNaYlVlcFVaS3lxaGFCdVdTSE5hS2tNWHVJZDBRdjc0?oc=5\" target=\"_blank\" rel=\"nofollow noopener\">Lewandowski powiedzia\u0142, dlaczego nie po\u017cyczy\u0142 pieni\u0119dzy Grosickiemu<\/a>&nbsp;&nbsp;SportoweFakty<\/li>\n<li><a href=\"https:\/\/news.google.com\/rss\/articles\/CBMipAFBVV95cUxPRnROMkFYTzMyNFV1V1RzYjJTVmtBOS1MVTluNkEtaG9CdUZQdkRfTktOYWJGNmswYWRJaVpxZGJyTWRjSjZYODA2aWk4M1ZTZkpaUXVhU3NWWF8tRlJmOVNxR1NrcGpPWmZBUmNhU0hqWkNSUkphOHcyVTgtWHlvYlVqQUxYYVpHb09ja2pNQnh4ZzJiN0xJeW95Mi1NcVN3M3pMeQ?oc=5\" target=\"_blank\" rel=\"nofollow noopener\">Lewandowski odm\u00f3wi\u0142 po\u017cyczki Grosickiemu. Ujawni\u0142 pow\u00f3d<\/a>&nbsp;&nbsp;Meczyki.pl<\/li>\n<li><a href=\"https:\/\/news.google.com\/rss\/articles\/CBMi2AFBVV95cUxQTmplWk5qandsMmRzMHFORnJYRUItc0UzZDdFTVJZYlJ5Z1otVC0wM3l4MWJkZlNpYUpKX0gtSDViMVc2bGpnZDhfZXhYTXB1WVNseUlyRUJBRmNqcGhZdDBmWVhXUnhrNDdlTWxHMEVNS2puenhZZ19zblBia0VYcFN5cFRXX3dzczViVG41WWV3Y1FKYTlBVGt3R1J3dnBmNmU5STk0NThpWDh6M3FkYmxuSGdFYnR2b0U5Y29qam1VWk5ZdFpTQ0hNcE9Qa0sySTNPSnJLRG4?oc=5\" target=\"_blank\" rel=\"nofollow noopener\">Robert Lewandowski odm\u00f3wi\u0142 po\u017cyczki Kamilowi Grosickiemu. Teraz kapitan Pogoni chce podwy\u017cki w Pogoni Szczecin<\/a>&nbsp;&nbsp;Gol24<\/li>\n<li><a href=\"https:\/\/news.google.com\/rss\/articles\/CBMirAFBVV95cUxObmhKQjkwTXJhUkJpeWlIaTZRQWxtSWNjTmxkaFJZV2ZUVXBxMHNwaVliYnN6dmhGc2duOTlEMmRqZUxPRkZlV214U1BYa2lKVWgwVkZzSl9BdkdiLXNidU0wbHVhZ2RkZV9EVXNtSlRic1V4TUpjMERTOGlza2VUWi1KWmxTQ3JxNXNMdWFpQ0cycmFFdEJDS3lyVkk0dU9ualRzNkFoX1VyWjVC?oc=5\" target=\"_blank\" rel=\"nofollow noopener\">Lewandowski potwierdza: Grosicki poprosi\u0142 go o po\u017cyczk\u0119. Dlatego odm\u00f3wi\u0142<\/a>&nbsp;&nbsp;kanalsportowy.pl<\/li>\n<\/ol>\n","protected":false},"excerpt":{"rendered":"Robert Lewandowski nie po\u017cyczy\u0142 pieni\u0119dzy Kamilowi Grosickiemu. Teraz zdradzi\u0142 pow\u00f3d&nbsp;&nbsp;Przegl\u0105d Sportowy Onet Lewandowski powiedzia\u0142, dlaczego nie po\u017cyczy\u0142 pieni\u0119dzy&hellip;\n","protected":false},"author":2,"featured_media":173216,"comment_status":"","ping_status":"","sticky":false,"template":"","format":"standard","meta":{"footnotes":""},"categories":[5],"tags":[32,33,36,37,27,67,594,34,35,28,31,25,929,42,38,40,39,41,136,128,355,300,47,135,29,30,26,130],"class_list":{"0":"post-173215","1":"post","2":"type-post","3":"status-publish","4":"format-standard","5":"has-post-thumbnail","7":"category-naglowki","8":"tag-breaking-news","9":"tag-breakingnews","10":"tag-featured-news","11":"tag-featurednews","12":"tag-headlines","13":"tag-intextvideo_splayer","14":"tag-kamil_grosicki","15":"tag-latest-news","16":"tag-latestnews","17":"tag-naglowki","18":"tag-najwazniejsze-artykuly","19":"tag-news","20":"tag-pawb","21":"tag-pl","22":"tag-poland","23":"tag-polish","24":"tag-polska","25":"tag-polski","26":"tag-ps_detal_new","27":"tag-psv2","28":"tag-reprezentacja_polski","29":"tag-robert_lewandowski","30":"tag-screening_general","31":"tag-sport_sport","32":"tag-top-stories","33":"tag-topstories","34":"tag-wiadomosci","35":"tag-wiadomosci_sportowe"},"share_on_mastodon":{"url":"https:\/\/pubeurope.com\/@pl\/115790060117223337","error":""},"_links":{"self":[{"href":"https:\/\/www.europesays.com\/pl\/wp-json\/wp\/v2\/posts\/173215","targetHints":{"allow":["GET"]}}],"collection":[{"href":"https:\/\/www.europesays.com\/pl\/wp-json\/wp\/v2\/posts"}],"about":[{"href":"https:\/\/www.europesays.com\/pl\/wp-json\/wp\/v2\/types\/post"}],"author":[{"embeddable":true,"href":"https:\/\/www.europesays.com\/pl\/wp-json\/wp\/v2\/users\/2"}],"replies":[{"embeddable":true,"href":"https:\/\/www.europesays.com\/pl\/wp-json\/wp\/v2\/comments?post=173215"}],"version-history":[{"count":0,"href":"https:\/\/www.europesays.com\/pl\/wp-json\/wp\/v2\/posts\/173215\/revisions"}],"wp:featuredmedia":[{"embeddable":true,"href":"https:\/\/www.europesays.com\/pl\/wp-json\/wp\/v2\/media\/173216"}],"wp:attachment":[{"href":"https:\/\/www.europesays.com\/pl\/wp-json\/wp\/v2\/media?parent=173215"}],"wp:term":[{"taxonomy":"category","embeddable":true,"href":"https:\/\/www.europesays.com\/pl\/wp-json\/wp\/v2\/categories?post=173215"},{"taxonomy":"post_tag","embeddable":true,"href":"https:\/\/www.europesays.com\/pl\/wp-json\/wp\/v2\/tags?post=173215"}],"curies":[{"name":"wp","href":"https:\/\/api.w.org\/{rel}","templated":true}]}}