{"id":173300,"date":"2025-12-27T07:44:08","date_gmt":"2025-12-27T07:44:08","guid":{"rendered":"https:\/\/www.europesays.com\/pl\/173300\/"},"modified":"2025-12-27T07:44:08","modified_gmt":"2025-12-27T07:44:08","slug":"lewandowski-nie-gryzl-sie-w-jezyk-ws-glika-oto-jakie-ma-o-nim-zdanie","status":"publish","type":"post","link":"https:\/\/www.europesays.com\/pl\/173300\/","title":{"rendered":"Lewandowski nie gryz\u0142 si\u0119 w j\u0119zyk ws. Glika. Oto jakie ma o nim zdanie"},"content":{"rendered":"\n<p class=\"contentpart contentpart--default contentpart--text\" data-position=\"0\"><a href=\"https:\/\/sportowefakty.wp.pl\/pilka-nozna\/robert-lewandowski\" rel=\"nofollow noopener\" target=\"_blank\">Robert Lewandowski<\/a>, kapitan <a href=\"https:\/\/sportowefakty.wp.pl\/pilka-nozna\/polska\" rel=\"nofollow noopener\" target=\"_blank\">reprezentacji Polski<\/a>, ujawnia szczeg\u00f3\u0142y dotycz\u0105ce swojego miejsca w dru\u017cynie oraz kontakty z <a href=\"https:\/\/sportowefakty.wp.pl\/pilka-nozna\/kamil-glik\" rel=\"nofollow noopener\" target=\"_blank\">Kamilem Glikiem<\/a>. Podczas wywiadu z Bogdanem Rymanowskim, Lewandowski podkre\u015bli\u0142, \u017ce nie mo\u017cna oczekiwa\u0107 akceptacji od wszystkich cz\u0142onk\u00f3w zespo\u0142u, a kapitan musi wyznacza\u0107 kierunek.<\/p>\n<p class=\"contentpart contentpart--default contentpart--text\" data-position=\"1\">&#8211; Kapitan nie zawsze b\u0119dzie lubiany przez wszystkich. Powinien on wyznacza\u0107 kierunek dla grupy &#8211; m\u00f3wi\u0142 pi\u0142karz. Przyzna\u0142, \u017ce jego oczekiwania wobec koleg\u00f3w mog\u0142y by\u0107 zbyt wysokie, co mia\u0142o wp\u0142yw na relacje.<\/p>\n<p> <img role=\"presentation\" src=\"https:\/\/std.wpcdn.pl\/images\/adv\/placeholder_wp.svg\" loading=\"lazy\" alt=\"\" decoding=\"async\"\/>  <\/p>\n<p class=\"contentpart contentpart--default contentpart--text\" data-position=\"2\">ZOBACZ WIDEO: Fabia\u0144ski zaskoczy\u0142 histori\u0105 z przesz\u0142o\u015bci. &#8222;Podbieg\u0142em i go kopn\u0105\u0142em&#8221;<\/p>\n<p class=\"contentpart contentpart--default contentpart--text\" data-position=\"4\">Lewandowski odni\u00f3s\u0142 si\u0119 r\u00f3wnie\u017c do zarzut\u00f3w Glika o treningi stworzone specjalnie pod niego. Wyja\u015bni\u0142, \u017ce czasami musia\u0142 trenowa\u0107 inaczej z powodu kontuzji, ale decyzje te wynika\u0142y z konieczno\u015bci, a nie z ch\u0119ci manipulowania trenerem. &#8211; S\u0142owa Kamila Glika, \u017ce mia\u0142em treningi pod siebie, s\u0105 fajne pod tez\u0119 &#8211; stwierdzi\u0142.<\/p>\n<p class=\"contentpart contentpart--default contentpart--text\" data-position=\"5\">Pi\u0142karz doda\u0142, \u017ce nigdy nie pr\u00f3bowa\u0142 wp\u0142ywa\u0107 na decyzje trener\u00f3w poza ustalonymi granicami. Zaznaczy\u0142, \u017ce Kamil Glik nigdy nie rozmawia\u0142 z nim bezpo\u015brednio o swoich obiekcjach. &#8211; Je\u015bli Kamil mia\u0142 z tym problem, dlaczego do mnie nie przyszed\u0142? &#8211; pyta\u0142.<\/p>\n<p class=\"contentpart contentpart--default contentpart--text\" data-position=\"6\">Pomimo r\u00f3\u017cnic charakter\u00f3w, Lewandowski nie ma osobistych problem\u00f3w z Glikiem i nie zamierza krytykowa\u0107 go publicznie. Przyznaje, \u017ce cho\u0107 decyzje i spos\u00f3b bycia Glika mog\u0142y wp\u0142yn\u0105\u0107 na os\u0142abienie reprezentacji, to takie konflikty s\u0105 nieuniknione w zespo\u0142ach sportowych.<\/p>\n","protected":false},"excerpt":{"rendered":"Robert Lewandowski, kapitan reprezentacji Polski, ujawnia szczeg\u00f3\u0142y dotycz\u0105ce swojego miejsca w dru\u017cynie oraz kontakty z Kamilem Glikiem. Podczas&hellip;\n","protected":false},"author":2,"featured_media":173301,"comment_status":"","ping_status":"","sticky":false,"template":"","format":"standard","meta":{"footnotes":"","_share_on_mastodon":"0"},"categories":[24],"tags":[541,11176,269,42,38,40,39,41,537,539,273,127,126],"class_list":["post-173300","post","type-post","status-publish","format-standard","has-post-thumbnail","category-sport","tag-kadra-polski","tag-kamil-glik","tag-pilka-nozna","tag-pl","tag-poland","tag-polish","tag-polska","tag-polski","tag-reprezentacja-polski","tag-reprezentacje","tag-robert-lewandowski","tag-sport","tag-sports"],"share_on_mastodon":{"url":"https:\/\/pubeurope.com\/@pl\/115790418395422958","error":""},"_links":{"self":[{"href":"https:\/\/www.europesays.com\/pl\/wp-json\/wp\/v2\/posts\/173300","targetHints":{"allow":["GET"]}}],"collection":[{"href":"https:\/\/www.europesays.com\/pl\/wp-json\/wp\/v2\/posts"}],"about":[{"href":"https:\/\/www.europesays.com\/pl\/wp-json\/wp\/v2\/types\/post"}],"author":[{"embeddable":true,"href":"https:\/\/www.europesays.com\/pl\/wp-json\/wp\/v2\/users\/2"}],"replies":[{"embeddable":true,"href":"https:\/\/www.europesays.com\/pl\/wp-json\/wp\/v2\/comments?post=173300"}],"version-history":[{"count":0,"href":"https:\/\/www.europesays.com\/pl\/wp-json\/wp\/v2\/posts\/173300\/revisions"}],"wp:featuredmedia":[{"embeddable":true,"href":"https:\/\/www.europesays.com\/pl\/wp-json\/wp\/v2\/media\/173301"}],"wp:attachment":[{"href":"https:\/\/www.europesays.com\/pl\/wp-json\/wp\/v2\/media?parent=173300"}],"wp:term":[{"taxonomy":"category","embeddable":true,"href":"https:\/\/www.europesays.com\/pl\/wp-json\/wp\/v2\/categories?post=173300"},{"taxonomy":"post_tag","embeddable":true,"href":"https:\/\/www.europesays.com\/pl\/wp-json\/wp\/v2\/tags?post=173300"}],"curies":[{"name":"wp","href":"https:\/\/api.w.org\/{rel}","templated":true}]}}