{"id":173319,"date":"2025-12-27T07:58:08","date_gmt":"2025-12-27T07:58:08","guid":{"rendered":"https:\/\/www.europesays.com\/pl\/173319\/"},"modified":"2025-12-27T07:58:08","modified_gmt":"2025-12-27T07:58:08","slug":"robert-lewandowski-odpiera-powazne-zarzuty-chronilem-siebie-i-rodzine","status":"publish","type":"post","link":"https:\/\/www.europesays.com\/pl\/173319\/","title":{"rendered":"Robert Lewandowski odpiera powa\u017cne zarzuty. &#8222;Chroni\u0142em siebie i rodzin\u0119&#8221;"},"content":{"rendered":"<p class=\"Paragraph_desktopParagraph__Fd2e9\">\u2014 Ja mam teori\u0119 brutaln\u0105, \u017ce po tym, jak Robert sko\u0144czy gra\u0107 w pi\u0142k\u0119, to nie wiem, czy b\u0119dzie pi\u0142karz, kt\u00f3ry b\u0119dzie z nim sp\u0119dza\u0142 wakacje \u2014 przyzna\u0142 Sebastian Staszewski, autor nieautoryzowanej biografii Roberta Lewandowskiego. W wywiadzie z Bogdanem Rymanowskim dziennikarz wprost przyzna\u0142, \u017ce napastnik ma ci\u0119\u017cki charakter i mo\u017ce by\u0107 trudno si\u0119 z nim przyja\u017ani\u0107. Do tych s\u0142\u00f3w odni\u00f3s\u0142 si\u0119 polski snajper r\u00f3wnie\u017c w rozmowie z redaktorem Rymanowskim.<\/p>\n<p class=\"VideoPlayerText_videoPlayerText__zrtJk\">Dalszy ci\u0105g materia\u0142u pod wideo<\/p>\n<p>Lewandowski chroni\u0142 siebie i swoj\u0105 rodzin\u0119<\/p>\n<p class=\"Paragraph_desktopParagraph__Fd2e9\">Jak si\u0119 okazuje, rzeczywisto\u015b\u0107 jest znacznie bardziej z\u0142o\u017cona. Do\u015bwiadczony napastnik wprost przyzna\u0142, dlaczego jest niedost\u0119pny emocjonalnie i nie chce przyjmowa\u0107 na siebie problem\u00f3w innych os\u00f3b. \u2014 Decyzje, kt\u00f3re podejmowa\u0142em w \u017cyciu, cz\u0119sto wynika\u0142y z tego, \u017ceby chroni\u0107 swoj\u0105 energi\u0119 psychologiczn\u0105 \u2014 zacz\u0105\u0142 w\u0105tek w wywiadzie &#8222;Rymanowski Live&#8221;. \u2014 Na tym najwy\u017cszym poziomie ka\u017cdy sportowiec musi chroni\u0107 swoj\u0105 energi\u0119 \u2014 zaznaczy\u0142, po czym rozwin\u0105\u0142 my\u015bl.<\/p>\n<p class=\"Paragraph_desktopParagraph__Fd2e9\">\u2014 Nas te\u017c kosztuje du\u017co energii \u2014 psychologicznej, mentalnej, fizycznej \u2014 to, \u017ce idziemy na trening, to, jak jeste\u015bmy zm\u0119czeni. To, ile media od nas oczekuj\u0105, jaka jest presja, jakie s\u0105 oczekiwania kibic\u00f3w \u2014 t\u0142umaczy\u0142 zawodnik Barcelony.<\/p>\n<blockquote>\n<p class=\"Paragraph_desktopParagraph__Fd2e9\">Cz\u0119sto \u015bwiadomie chroni\u0142em siebie i swoj\u0105 rodzin\u0119 kosztem pewnie innych os\u00f3b.<\/p>\n<\/blockquote>\n<p class=\"Paragraph_desktopParagraph__Fd2e9\">Lewandowski wprost przyzna\u0142, \u017ce jest niedost\u0119pny, poniewa\u017c skupia si\u0119 na sobie i najbli\u017cszych. \u2014 Podejmuj\u0105c tak\u0105 decyzj\u0119, wiedzia\u0142em, \u017ce podejmuj\u0119 j\u0105 przede wszystkim po to, \u017ceby chroni\u0107 siebie i w\u0142asn\u0105 rodzin\u0119 \u2014 wyzna\u0142.<\/p>\n<p class=\"Paragraph_desktopParagraph__Fd2e9\">\u2014 Je\u015bli ja bym nie pilnowa\u0142 tej swojej energii psychologicznej, tylko by\u0142 na zawo\u0142anie ka\u017cdego i by\u0142 troch\u0119 ma\u0142pk\u0105 w cyrku, gdzie wielokrotnie ludzie oczekiwali czego\u015b ode mnie, to pewnie na d\u0142u\u017csz\u0105 met\u0119 psychicznie bym nie da\u0142 rady. Kosztem innych chroni\u0142em siebie i najbli\u017cszych \u2014 podkre\u015bli\u0142 wprost.<\/p>\n<p class=\"Paragraph_desktopParagraph__Fd2e9\">Pi\u0142karz wyja\u015bni\u0142 swoje podej\u015bcie na przyk\u0142adzie zgrupowa\u0144 kadry, podczas kt\u00f3rych nie ma czasu nawet spotka\u0107 si\u0119 z najbli\u017cszymi, a co dopiero anga\u017cowa\u0107 si\u0119 \u2014 r\u00f3wnie\u017c emocjonalnie \u2014 w inne sprawy, kt\u00f3re nie s\u0105 zwi\u0105zane z jego karier\u0105 czy rodzin\u0105. \u2014 Gdybym bra\u0142 jeszcze na siebie oczekiwania innych przez lata trwania kariery, po prostu bym p\u0119k\u0142 \u2014 skwitowa\u0142.<\/p>\n<p>Brak empatii pom\u00f3g\u0142 Lewandowskiemu w karierze<\/p>\n<p class=\"Paragraph_desktopParagraph__Fd2e9\">W dalszej cz\u0119\u015bci Lewandowski opowiedzia\u0142 o empatii. \u2014 Przyznaj\u0119, \u017ce nie by\u0142em mistrzem we frazach &#8222;przepraszam&#8221; i &#8222;dzi\u0119kuj\u0119&#8221;, ale za to by\u0142em dobry w braniu odpowiedzialno\u015bci za swoje decyzje \u2014 stwierdzi\u0142 stanowczo.<\/p>\n<p class=\"Paragraph_desktopParagraph__Fd2e9\">\u2014 Ja nigdy nie by\u0142em typem osobowo\u015bci mega wra\u017cliwej \u2014 ani do siebie, ani do innych \u2014 i to jest prawda. Pewnie chroni\u0142em siebie tym, \u017ce nie chcia\u0142em bra\u0107 na barki za du\u017co problem\u00f3w innych os\u00f3b albo w og\u00f3le rozwi\u0105zywa\u0107 cudzych problem\u00f3w, \u017ceby nie odwraca\u0107 uwagi od tego, gdzie chc\u0119 doj\u015b\u0107.<\/p>\n<p class=\"Paragraph_desktopParagraph__Fd2e9\">Totalne skupienie si\u0119 na sobie pozwoli\u0142o snajperowi osi\u0105ga\u0107 niesamowite wyniki. \u2014 Ten brak empatii troch\u0119 pomaga\u0142 mi w karierze \u2014 na pewno. Wydaje mi si\u0119, \u017ce te\u017c \u017cycie mnie troch\u0119 tego nauczy\u0142o. Straci\u0142em ojca w wieku 16 lat. Sta\u0142em si\u0119 zamkni\u0119ty na \u015bwiat, na ludzi \u2014 doda\u0142.<\/p>\n<p class=\"Paragraph_desktopParagraph__Fd2e9\">\u2014 Przyznaj\u0119, \u017ce mia\u0142em pewne problemy z empati\u0105, ale one s\u0105 ju\u017c dzisiaj mniejsze. Ale sk\u0105d\u015b to si\u0119 bra\u0142o, jak wcze\u015bniej powiedzia\u0142em \u2014 podsumowa\u0142 napastnik Barcelony.<\/p>\n","protected":false},"excerpt":{"rendered":"\u2014 Ja mam teori\u0119 brutaln\u0105, \u017ce po tym, jak Robert sko\u0144czy gra\u0107 w pi\u0142k\u0119, to nie wiem, czy&hellip;\n","protected":false},"author":2,"featured_media":173320,"comment_status":"","ping_status":"","sticky":false,"template":"","format":"standard","meta":{"footnotes":""},"categories":[24],"tags":[304,303,67,2051,42,38,40,39,41,136,128,300,47,127,135,126],"class_list":{"0":"post-173319","1":"post","2":"type-post","3":"status-publish","4":"format-standard","5":"has-post-thumbnail","7":"category-sport","8":"tag-eres","9":"tag-fc_barcelona","10":"tag-intextvideo_splayer","11":"tag-laliga","12":"tag-pl","13":"tag-poland","14":"tag-polish","15":"tag-polska","16":"tag-polski","17":"tag-ps_detal_new","18":"tag-psv2","19":"tag-robert_lewandowski","20":"tag-screening_general","21":"tag-sport","22":"tag-sport_sport","23":"tag-sports"},"share_on_mastodon":{"url":"https:\/\/pubeurope.com\/@pl\/115790473360576384","error":""},"_links":{"self":[{"href":"https:\/\/www.europesays.com\/pl\/wp-json\/wp\/v2\/posts\/173319","targetHints":{"allow":["GET"]}}],"collection":[{"href":"https:\/\/www.europesays.com\/pl\/wp-json\/wp\/v2\/posts"}],"about":[{"href":"https:\/\/www.europesays.com\/pl\/wp-json\/wp\/v2\/types\/post"}],"author":[{"embeddable":true,"href":"https:\/\/www.europesays.com\/pl\/wp-json\/wp\/v2\/users\/2"}],"replies":[{"embeddable":true,"href":"https:\/\/www.europesays.com\/pl\/wp-json\/wp\/v2\/comments?post=173319"}],"version-history":[{"count":0,"href":"https:\/\/www.europesays.com\/pl\/wp-json\/wp\/v2\/posts\/173319\/revisions"}],"wp:featuredmedia":[{"embeddable":true,"href":"https:\/\/www.europesays.com\/pl\/wp-json\/wp\/v2\/media\/173320"}],"wp:attachment":[{"href":"https:\/\/www.europesays.com\/pl\/wp-json\/wp\/v2\/media?parent=173319"}],"wp:term":[{"taxonomy":"category","embeddable":true,"href":"https:\/\/www.europesays.com\/pl\/wp-json\/wp\/v2\/categories?post=173319"},{"taxonomy":"post_tag","embeddable":true,"href":"https:\/\/www.europesays.com\/pl\/wp-json\/wp\/v2\/tags?post=173319"}],"curies":[{"name":"wp","href":"https:\/\/api.w.org\/{rel}","templated":true}]}}