{"id":173325,"date":"2025-12-27T08:02:23","date_gmt":"2025-12-27T08:02:23","guid":{"rendered":"https:\/\/www.europesays.com\/pl\/173325\/"},"modified":"2025-12-27T08:02:23","modified_gmt":"2025-12-27T08:02:23","slug":"milowy-krok-do-rozpadu-ue","status":"publish","type":"post","link":"https:\/\/www.europesays.com\/pl\/173325\/","title":{"rendered":"Milowy krok do rozpadu UE"},"content":{"rendered":"<p>\u201eNiemcy chc\u0105 ratowa\u0107 przemys\u0142 kosztem pewnej europejskiej r\u00f3wnowagi. Przez wiele dziesi\u0119cioleci wsp\u00f3lna polityka rolna by\u0142a fundamentem polityki europejskiej i\u00a0nagle j\u0105\u00a0rozwalamy. Chwiejemy ca\u0142\u0105 logik\u0105. Je\u015bli stosujemy tak wysokie wymagania sanitarne, klimatyczne i\u00a0nagle wszystko rujnujemy tylko dlatego, \u017ce\u00a0Niemcy sobie nie radz\u0105, to\u00a0wszyscy to\u00a0widz\u0105\u201d &#8211; m\u00f3wi prof. Mieczys\u0142aw Ryba w\u00a0rozmowie z\u00a0portalem wPolityce.pl, komentuj\u0105c d\u0105\u017cenia Brukseli do\u00a0podpisania umowy z\u00a0krajami\u00a0Mercosur.<\/p>\n<p>wPolityce.pl: G\u0142\u00f3wnym beneficjentem umowy z\u00a0krajami Mercosur maj\u0105 by\u0107 Niemcy. Z\u00a0kolei pertraktacje trwaj\u0105 od\u00a01999 roku. Ostatnie lata nie s\u0105\u00a0jednak dla naszych zachodnich s\u0105siad\u00f3w zbyt korzystne, je\u017celi chodzi o\u00a0gospodark\u0119. Intensywne parcie do\u00a0podpisania umowy jest przejawem d\u0142ugoletniej strategii imperialistycznej Niemiec czy dora\u017an\u0105 ch\u0119ci\u0105 ratowania w\u0142asnej\u00a0gospodarki?<\/p>\n<p>Prof. Mieczys\u0142aw Ryba: To\u00a0i\u00a0to. Si\u0142a Niemiec nade wszystko dzisiaj jest oparta nie o\u00a0armi\u0119, ale o\u00a0gospodark\u0119. Od\u00a0jakiego\u015b czasu Niemcy, kiedy okaza\u0142o si\u0119, \u017ce\u00a0s\u0105\u00a0nieefektywni bez taniego rosyjskiego gazu i\u00a0ropy, w\u00a0zwi\u0105zku z\u00a0czym jako lider Europy, zamiast tej Europy broni\u0107, wycofa\u0107 si\u0119 z\u00a0absurd\u00f3w, takich jak Zielony \u0141ad chc\u0105 dzia\u0142a\u0107 na\u00a0zasadzie paso\u017cyta. Nie pcha\u0107 UE\u00a0do\u00a0przodu, ale wysysa\u0107 z\u00a0niej soki. Tym jest umowa z\u00a0Mercosur. Inaczej sobie nie umiej\u0105 poradzi\u0107. Ich gospodarka jest efektywna poprzez uk\u0142ady geopolityczne i\u00a0teraz chc\u0105 j\u0105\u00a0ratowa\u0107 oraz swoj\u0105 imperialn\u0105 pozycj\u0119, ale jak wida\u0107, bunt ju\u017c wybuch\u0142, nie tylko w\u015br\u00f3d kraj\u00f3w mniejszych, kt\u00f3re zaraz mo\u017cna ob\u0142o\u017cy\u0107 sankcjami\u00a0finansowymi.<\/p>\n<p>Cz\u0119sto podnoszon\u0105 kwesti\u0105 jest fakt, \u017ce\u00a0Ameryka Po\u0142udniowa by\u0142a bardzo ch\u0119tnie wykorzystywana przez nazist\u00f3w do\u00a0ucieczki przed sprawiedliwo\u015bci\u0105. Udawali si\u0119 tam ze\u00a0zrabowanymi fortunami, kt\u00f3re pozwala\u0142y na\u00a0dostatnie \u017cycie oraz zakup poka\u017anych maj\u0105tk\u00f3w ziemskich. Z\u00a0kim UE\u00a0tak naprawd\u0119 ma\u00a0podpisa\u0107 umow\u0119, z\u00a0poszczeg\u00f3lnymi krajami Mercosur czy potomkami\u00a0nazist\u00f3w?<\/p>\n<p>Trudno powiedzie\u0107. Prawd\u0105 jest, \u017ce\u00a0nazi\u015bci uciekali do\u00a0r\u00f3\u017cnych kraj\u00f3w. Natomiast to\u00a0ju\u017c jest trzecie pokolenie. Trudno by\u00a0by\u0142o udowodni\u0107, \u017ce\u00a0oni ci\u0105gle my\u015bl\u0105 po\u00a0niemiecku, a\u00a0nie po\u00a0swojemu. To\u00a0s\u0105\u00a0kraje rozwijaj\u0105ce si\u0119 dynamicznie, zw\u0142aszcza Brazylia. Du\u017ce w\u00a0sensie terytorialnym i\u00a0ludno\u015bciowym, bardzo rozwini\u0119te rolniczo, aczkolwiek bez wszystkich wymaga\u0144 sanitarnych, kt\u00f3re s\u0105\u00a0w\u00a0Europie. Im\u00a0jest w\u00a0sumie wszystko jedno, czy b\u0119d\u0105 kupowa\u0107 samochody z\u00a0Niemiec, Stan\u00f3w Zjednoczonych czy Japonii. Wa\u017cne, \u017ceby to\u00a0by\u0142o korzystnie dla nich. Natomiast mamy do\u00a0czynienia przede wszystkim z\u00a0kompletnie rozpaczliw\u0105 pr\u00f3b\u0105 ratowania przemys\u0142u niemieckiego. Kosztem bezpiecze\u0144stwa \u017cywno\u015bciowego naszego\u00a0kontynentu.<\/p>\n<p>Kto tak naprawd\u0119 naciska na\u00a0podpisanie umowy z\u00a0krajami Mercosur. Koncerny czy samo pa\u0144stwo\u00a0niemieckie?<\/p>\n<p>Jest takie powiedzenie, \u017ce\u00a0nie tyle Niemcy maj\u0105 przemys\u0142, co\u00a0przemys\u0142 ma\u00a0w\u00a0posiadaniu niemieckie pa\u0144stwo. Tam jest specyficznie u\u0142o\u017cona struktura, powi\u0105zanie polityki z\u00a0biznesem jest bardzo silne, troch\u0119 na\u00a0innym modelu ni\u017c komunistycznym, ale jest. Si\u0142a przemys\u0142u niemieckiego stanowi o\u00a0sile pa\u0144stwa niemieckiego. Rzeczywi\u015bcie jest tak, \u017ce\u00a0koncerny, do\u00a0jakiego\u015b stopnia mi\u0119dzynarodowe, ale w\u00a0du\u017cym stopniu te\u017c narodowe pr\u0105 do\u00a0podpisania umowy. Natomiast je\u015bli tyle si\u0119 w\u00a0UE\u00a0m\u00f3wi o\u00a0tak zwanym zr\u00f3wnowa\u017conym rozwoju, ten model, kt\u00f3ry jest proponowany, nie ma\u00a0nic wsp\u00f3lnego ze\u00a0zr\u00f3wnowa\u017conym rozwojem. Ratujemy przemys\u0142, nie patrz\u0105c na\u00a0nic. To\u00a0jest sytuacja, powiedzmy sobie szczerze, samob\u00f3jcza. W\u00a0ka\u017cdym tego s\u0142owa znaczeniu. Chc\u0105 ratowa\u0107 przemys\u0142, ale to\u00a0politycy ostatecznie rozstrzygaj\u0105. Niemcy chc\u0105 ratowa\u0107 przemys\u0142 kosztem pewnej europejskiej r\u00f3wnowagi. Przez wiele dziesi\u0119cioleci wsp\u00f3lna polityka rolna by\u0142a fundamentem polityki europejskiej i\u00a0nagle j\u0105\u00a0rozwalamy. Chwiejemy ca\u0142\u0105 logik\u0105. Je\u015bli stosujemy tak wysokie wymagania sanitarne, klimatyczne i\u00a0nagle wszystko rujnujemy tylko dlatego, \u017ce\u00a0Niemcy sobie nie radz\u0105, to\u00a0wszyscy to\u00a0widz\u0105. To\u00a0jest milowy krok do\u00a0rozpadu UE\u00a0jako\u00a0takiej.<\/p>\n<p>Kwestia Mercosur stanie si\u0119 papierkiem lakmusowym dla jedno\u015bci w\u00a0UE? Mo\u017cemy spodziewa\u0107 si\u0119 stanowczego przejawu\u00a0buntu?<\/p>\n<p>Stosowanie zasady podw\u00f3jnej wi\u0119kszo\u015bci w\u00a0wa\u017cnych sprawach, nie jednomy\u015blno\u015bci, ale zasady wi\u0119kszo\u015bciowej, przeg\u0142osowywania w\u00a0spos\u00f3b cyniczny jednymi krajami drugich, samo w\u00a0sobie rodzi pot\u0119\u017cne poczucie niesprawiedliwo\u015bci. Realizuje si\u0119 interesy jednego pa\u0144stwa, ten bunt narasta od\u00a0dawna. Polska, W\u0119gry, sprzeciwy si\u0119 pojawia\u0142y. Teraz ten bunt dotyczy ju\u017c wi\u0119kszych kraj\u00f3w i\u00a0niemieckie media podaj\u0105, \u017ce\u00a0Friedrich Merz nie by\u0142 w\u00a0stanie wymusi\u0107 czy te\u017c w\u00a0uzyska\u0107 zgody Francji oraz W\u0142och. Widzimy, \u017ce\u00a0op\u00f3r si\u0119 poszerza i\u00a0Komisja Europejska nie ma\u00a0specjalnie narz\u0119dzi, \u017ceby przeciwdzia\u0142a\u0107. TSUE mo\u017ce wydawa\u0107 r\u00f3\u017cne wyroki i\u00a0nak\u0142ada\u0107 kary, ale to\u00a0wszystko jest \u015bwiat wirtualny. To\u00a0jest zawieszone w\u00a0wyizolowanej, biurokratycznej pr\u00f3\u017cni. Im\u00a0wi\u0119cej niesprawiedliwo\u015bci i\u00a0nieracjonalno\u015bci w\u00a0UE, oderwania si\u0119 od\u00a0zdrowego rozs\u0105dku w\u00a0gospodarce czy kwestiach ideowych, suwerenno\u015bciowych, tym przed UE\u00a0mniej pewna przysz\u0142o\u015b\u0107. Ona po\u00a0prostu b\u0119dzie trzeszcze\u0107 w\u00a0szwach, bo\u00a0wi\u0119zi narodowe s\u0105\u00a0silniejsze ni\u017c wi\u0119zi\u00a0biurokratyczne.<\/p>\n<p>Czy Polska powinna i\u015b\u0107 za\u00a0ciosem i\u00a0legislacyjnie uporz\u0105dkowa\u0107 wewn\u0119trzn\u0105 kwesti\u0119 \u017cywno\u015bciow\u0105? Zmusi\u0107 zagraniczne sklepy wielkopowierzchniowe, \u017ceby zaopatrywa\u0142y si\u0119 w\u00a0produkty wytwarzane przez polskich rolnik\u00f3w, a\u00a0nie \u015bci\u0105ga\u0107 owoce i\u00a0warzywa\u00a0z\u00a0zagranicy?<\/p>\n<p>Trzeba doko\u0144czy\u0107 projekt PiS o\u00a0stworzeniu pa\u0144stwowo-prywatnego systemu przetw\u00f3rstwa \u017cywno\u015bci. Wiemy o\u00a0tym, \u017ce\u00a0zachodnie koncerny przetwarzaj\u0105 produkty rolne i\u00a0maj\u0105 z\u00a0tego ogromne zyski. Je\u015bli m\u00f3wimy o\u00a0tworzeniu struktury bezpiecze\u0144stwa narodowego &#8211; wydawaniu setek miliard\u00f3w na\u00a0armi\u0119, przeszkolenia, systemu cyberbezpiecze\u0144stwa &#8211; to\u00a0bezpiecze\u0144stwo \u017cywno\u015bciowe nale\u017cy do\u00a0jednego z\u00a0fundament\u00f3w. Je\u015bli my\u015blimy o\u00a0obronie kraju, to\u00a0nie mo\u017cemy pozwoli\u0107 na\u00a0wyko\u0144czenie naszego rolnictwa. Ka\u017cda wojna, jak\u0105 znamy z\u00a0historii, ma\u00a0niesamowicie istotny fundament &#8211; bezpiecze\u0144stwo \u017cywno\u015bciowe. W\u00a0takich kategoriach trzeba do\u00a0tego podej\u015b\u0107. Nie mo\u017cna patrze\u0107, czy Niemcy b\u0119d\u0105 zadowoleni, czy TSUE b\u0119dzie mie\u0107 obiekcje. Nie mo\u017ce by\u0107 tak, \u017ce\u00a0przetw\u00f3rstwo \u017cywno\u015bciowe czy przemys\u0142 b\u0119dzie z\u00a0obcym kapita\u0142em. Trzeba mie\u0107 to\u00a0w\u00a0swoim r\u0119ku. Tak, jak repolonizowali\u015bmy banki po\u00a0to, \u017ceby mie\u0107 bezpiecze\u0144stwo w\u00a0sferze finansowej, tak samo jest\u00a0tutaj.<\/p>\n<p>Prezydent Karol Nawrocki wyrazi\u0142 stanowczy sprzeciw w\u00a0kwestii umowy z\u00a0Mercosur. Podczas zagranicznych wizyt rozmawia\u0142 z\u00a0przyw\u00f3dcami o\u00a0mniejszo\u015bci blokuj\u0105cej. Z\u00a0kolei rz\u0105d zdaje si\u0119 tylko m\u00f3wi\u0107, i\u017c\u00a0jest przeciwko, a\u00a0sama narracja zdaje si\u0119 jest obliczona na\u00a0korzy\u015bci w\u00a0sonda\u017cach. Co\u00a0mo\u017ce zrobi\u0107 prezydent, \u017ceby rz\u0105d do\u0142\u0105czy\u0142 do\u00a0niego w\u00a0faktycznej walce o\u00a0polskich\u00a0rolnik\u00f3w?<\/p>\n<p>Rz\u0105d m\u00f3wi, \u017ce\u00a0jest przeciw, tylko wiemy jak to\u00a0wygl\u0105da. Rz\u0105d przed narodem pr\u0119\u017cy musku\u0142y, a\u00a0na\u00a0zewn\u0105trz jest po\u00a0prostu s\u0142abiutki jak trzcina i\u00a0si\u0119 gnie. Natomiast rzeczywi\u015bcie prezydent mo\u017ce obna\u017ca\u0107 ewentualn\u0105 hipokryzj\u0119 i\u00a0ma\u00a0pewne mo\u017cliwo\u015bci, \u017ceby na\u00a0rz\u0105d naciska\u0107. Oczywi\u015bcie tak si\u0119 podzielono, \u017ce\u00a0prezydent zajmuje si\u0119 bardziej sprawami relacji z\u00a0USA &#8211; ze\u00a0\u015bwiatem pozaeuropejskim. Rz\u0105d ma\u00a0na\u00a0g\u0142owie sprawy europejskie, ale wydaje si\u0119, \u017ce\u00a0ostatnio prezydent przej\u0105\u0142 kontrol\u0119 nad og\u00f3lnym bezpiecze\u0144stwem Polski. Prezydent powinien wywrze\u0107 presj\u0119 poprzez realn\u0105 ofensyw\u0119, wykazuj\u0105c hipokryzj\u0119, je\u015bli si\u0119 pojawi, \u017ceby poruszy\u0107 presj\u0119 spo\u0142eczn\u0105. Protest rolnik\u00f3w z\u00a0ca\u0142ej Europy w\u00a0Brukseli pokazuje, \u017ce\u00a0problem nie jest tylko naszym problem. Jest du\u017co g\u0142\u0119bszy\u00a0i\u00a0wa\u017cniejszy.<\/p>\n<p>Skutki polityki Unii Europejskiej wobec umowy z\u00a0krajami Mercosur w\u00a0kontek\u015bcie globalnej rywalizacji, relacji z\u00a0Rosj\u0105 i\u00a0USA oraz wp\u0142ywu na\u00a0europejski\u00a0przemys\u0142?<\/p>\n<p>Pami\u0119tajmy, \u017ce\u00a0kraje Mercosur patrz\u0105 na\u00a0Rosj\u0119 inaczej. Dla nich to\u00a0nie jest wrogi kraj. Wi\u0119ksze problemy widz\u0105 w\u00a0relacjach z\u00a0USA. Je\u015bli m\u00f3wimy o\u00a0globalnej rywalizacji. Wydaje si\u0119, \u017ce\u00a0tamte kraje nie stoj\u0105 po\u00a0stronie Stan\u00f3w Zjednoczonych. W\u00a0najlepszym wypadku maj\u0105 oboj\u0119tny stosunek. Tego typu fundamentalna deregulacja rynk\u00f3w \u015bwiatowych, w\u00a0tym europejskiego, po\u015brednio wzmacnia uk\u0142ad antyzachodni czy antyameryka\u0144ski. To\u00a0jest system naczy\u0144 po\u0142\u0105czonych. Dlatego nazwa\u0142em dzia\u0142ania UE, Ursuli von der Leyen, Friedricha Merza i\u00a0Berlina rozpaczliwym dzia\u0142aniem. Ratowanie poprzez chwytanie si\u0119 brzytwy. Tutaj nie ma\u00a0strategii. To\u00a0wszystko jest jednym wielkim chaosem. \u017beby ratowa\u0107 przemys\u0142 europejski, trzeba zrezygnowa\u0107 z\u00a0Zielonego \u0141adu, wr\u00f3ci\u0107 do\u00a0normalnej produkcji energii, polityki celnej, tak jak Amerykanie to\u00a0robi\u0105 w\u00a0stosunku do\u00a0\u015bwiata. Nale\u017cy stawia\u0107 wszystko na\u00a0nogach, a\u00a0nie na\u00a0g\u0142owie. Idziemy dalej w\u00a0absurd klimatyczny i\u00a0zawieramy umow\u0119 z\u00a0krajami, kt\u00f3re w\u00a0og\u00f3le si\u0119 tym nie przejmuj\u0105. Nie ma\u00a0tu\u00a0\u017cadnej logiki. To\u00a0wygl\u0105da jak choroba\u00a0psychiczna.<\/p>\n<p>Rozmawia\u0142 Adam\u00a0B\u0105kowski.<\/p>\n<p>CZYTAJ\u00a0R\u00d3WNIE\u017b:<\/p>\n<p>\u2014 <a href=\"https:\/\/wpolityce.pl\/gospodarka\/748868-umowa-ue-mercosur-glosowanie-przelozone-na-styczen\" rel=\"nofollow noopener\" target=\"_blank\">Zaskakuj\u0105ca decyzja ws. UE-Mercosur! G\u0142osowanie ws. klauzul chroni\u0105cych rolnik\u00f3w prze\u0142o\u017cone. To\u00a0ju\u017c druga taka\u00a0sytuacja<\/a><\/p>\n<p>\u2014 <a href=\"https:\/\/wpolityce.pl\/swiat\/748814-mercosur-wraca-jak-bumerang-wiemy-kiedy-glosowanie\" rel=\"nofollow noopener\" target=\"_blank\">Mercosur wraca jak bumerang! Wiemy, kiedy decyduj\u0105ce g\u0142osowanie w\u00a0tej sprawie. W\u00a0tle list od\u00a0Ursuli von der Leyen. Co\u00a0zrobi\u00a0Polska?<\/a><\/p>\n<p>\u2014 <a href=\"https:\/\/wpolityce.pl\/swiat\/748665-die-welt-po-szczycie-ue-w-brukseli-czarny-dzien-dla-merza\" rel=\"nofollow noopener\" target=\"_blank\">\u201eDie Welt\u201d jednoznacznie po\u00a0szczycie UE\u00a0w\u00a0Brukseli: To\u00a0by\u0142 czarny dzie\u0144 dla Friedricha Merza, kt\u00f3ry nie sprosta\u0142 swoim w\u0142asnym\u00a0oczekiwaniom<\/a><\/p>\n<p>\u2014 <a href=\"https:\/\/wpolityce.pl\/gospodarka\/748662-ognisty-glos-ws-mercosur-jest-jeden-to-zabije-rolnictwo\" rel=\"nofollow noopener\" target=\"_blank\">TYLKO U\u00a0NAS. Ognisty: G\u0142os ws. Mercosur jest jeden i\u00a0wsp\u00f3lny, to\u00a0zabije rolnictwo. Bruksela wygl\u0105da, jak re\u017cimowa\u00a0stolica<\/a><\/p>\n","protected":false},"excerpt":{"rendered":"\u201eNiemcy chc\u0105 ratowa\u0107 przemys\u0142 kosztem pewnej europejskiej r\u00f3wnowagi. Przez wiele dziesi\u0119cioleci wsp\u00f3lna polityka rolna by\u0142a fundamentem polityki europejskiej&hellip;\n","protected":false},"author":2,"featured_media":173326,"comment_status":"","ping_status":"","sticky":false,"template":"","format":"standard","meta":{"footnotes":""},"categories":[14],"tags":[32,33,27,34,35,28,31,25,40,41,80,29,30,26,82,83,84],"class_list":{"0":"post-173325","1":"post","2":"type-post","3":"status-publish","4":"format-standard","5":"has-post-thumbnail","7":"category-swiat","8":"tag-breaking-news","9":"tag-breakingnews","10":"tag-headlines","11":"tag-latest-news","12":"tag-latestnews","13":"tag-naglowki","14":"tag-najwazniejsze-artykuly","15":"tag-news","16":"tag-polish","17":"tag-polski","18":"tag-swiat","19":"tag-top-stories","20":"tag-topstories","21":"tag-wiadomosci","22":"tag-world","23":"tag-world-news","24":"tag-worldnews"},"share_on_mastodon":{"url":"https:\/\/pubeurope.com\/@pl\/115790488837980502","error":""},"_links":{"self":[{"href":"https:\/\/www.europesays.com\/pl\/wp-json\/wp\/v2\/posts\/173325","targetHints":{"allow":["GET"]}}],"collection":[{"href":"https:\/\/www.europesays.com\/pl\/wp-json\/wp\/v2\/posts"}],"about":[{"href":"https:\/\/www.europesays.com\/pl\/wp-json\/wp\/v2\/types\/post"}],"author":[{"embeddable":true,"href":"https:\/\/www.europesays.com\/pl\/wp-json\/wp\/v2\/users\/2"}],"replies":[{"embeddable":true,"href":"https:\/\/www.europesays.com\/pl\/wp-json\/wp\/v2\/comments?post=173325"}],"version-history":[{"count":0,"href":"https:\/\/www.europesays.com\/pl\/wp-json\/wp\/v2\/posts\/173325\/revisions"}],"wp:featuredmedia":[{"embeddable":true,"href":"https:\/\/www.europesays.com\/pl\/wp-json\/wp\/v2\/media\/173326"}],"wp:attachment":[{"href":"https:\/\/www.europesays.com\/pl\/wp-json\/wp\/v2\/media?parent=173325"}],"wp:term":[{"taxonomy":"category","embeddable":true,"href":"https:\/\/www.europesays.com\/pl\/wp-json\/wp\/v2\/categories?post=173325"},{"taxonomy":"post_tag","embeddable":true,"href":"https:\/\/www.europesays.com\/pl\/wp-json\/wp\/v2\/tags?post=173325"}],"curies":[{"name":"wp","href":"https:\/\/api.w.org\/{rel}","templated":true}]}}