{"id":173412,"date":"2025-12-27T08:57:11","date_gmt":"2025-12-27T08:57:11","guid":{"rendered":"https:\/\/www.europesays.com\/pl\/173412\/"},"modified":"2025-12-27T08:57:11","modified_gmt":"2025-12-27T08:57:11","slug":"tworcy-ambitnego-moda-do-gothica-2-przerywaja-cisze-w-ulepszone-kroniki-myrtany-zagramy-w-przyszlym-roku","status":"publish","type":"post","link":"https:\/\/www.europesays.com\/pl\/173412\/","title":{"rendered":"Tw\u00f3rcy ambitnego moda do Gothica 2 przerywaj\u0105 cisz\u0119. W ulepszone Kroniki Myrtany zagramy w przysz\u0142ym roku"},"content":{"rendered":"<p>Cho&amp;cacute; Kroniki Myrtany ukaza&amp;lstrok;y si&amp;eogon; 4 lata temu, to tw\u00f3rcy popularnej modyfikacji nie powiedzieli ostatniego s&amp;lstrok;owa. Po d&amp;lstrok;ugim okresie ciszy opublikowali nowy zwiastun wersji 2.0, nazywanej te&amp;zdot; Mod of The Decade Edition, og&amp;lstrok;aszaj&amp;aogon;c przybli&amp;zdot;on&amp;aogon; dat&amp;eogon; premiery.<\/p>\n<p>Nowa wersja Kronik Myrtany to co&amp;sacute; wi&amp;eogon;cej, ni&amp;zdot; wprowadzaj&amp;aogon;cy poprawki patch. W grze pojawi si&amp;eogon; sporo nowej zawarto&amp;sacute;ci &#8211; przedmiot\u00f3w, lokacji, przeciwnik\u00f3w, zlece&amp;nacute;, a tak&amp;zdot;e nowe mechaniki dotycz&amp;aogon;ce walki, minigier czy zmiany wygl&amp;aogon;du g&amp;lstrok;\u00f3wnego bohatera. Rozbudowana zostanie &amp;sacute;cie&amp;zdot;ka grania magiem i forteca Wilczych syn\u00f3w, a r\u00f3wnocze&amp;sacute;nie z &amp;lstrok;atk&amp;aogon; uka&amp;zdot;e si&amp;eogon; DLC, dodaj&amp;aogon;ce do gry nowy poziom trudno&amp;sacute;ci &#8211; Harcore Mode.<\/p>\n<p>W poprzednim, o<a href=\"https:\/\/www.eurogamer.pl\/najlepszy-mod-do-gothic-2-to-juz-wlasciwie-nowa-gra-zobaczcie-jak-zmienia-sie-kroniki-myrtany\" rel=\"nofollow noopener\" target=\"_blank\">publikowanym rok temu zwiastunie<\/a> tw\u00f3rcy unikali podawania konkretnej daty premiery, pozostaj&amp;aogon;c przy stanowisku \u201euka&amp;zdot;e si&amp;eogon;, kiedy b&amp;eogon;dzie gotowe\u201d. Z najnowszej zapowiedzi dowiadujemy si&amp;eogon;, &amp;zdot;e w Kroniki Myrtany w wersji 2.0 zagramy w 2026 roku.<\/p>\n<p><a class=\"button video\" href=\"https:\/\/www.youtube.com\/watch?v=mCOmywv3Fwk\" rel=\"noopener nofollow\" target=\"_blank\">Zobacz na YouTube<\/a><\/p>\n<p>Zapowied&amp;zacute; nie precyzuje, kiedy dok&amp;lstrok;adnie nast&amp;aogon;pi premiera \u2013 mo&amp;zdot;e to by&amp;cacute; r\u00f3wnie dobrze kilka miesi&amp;eogon;cy, jak i ca&amp;lstrok;y rok. Nale&amp;zdot;y jednak pami&amp;eogon;ta&amp;cacute;, &amp;zdot;e jest to projekt non-profit, tworzony w du&amp;zdot;ej cz&amp;eogon;&amp;sacute;ci hobbystycznie, wi&amp;eogon;c podawanie dok&amp;lstrok;adnych dat raczej nie sprawdza si&amp;eogon; w takich przypadkach.<\/p>\n<p>Najnowszy zwiastun nie prezentuje zbyt wiele nowej zawarto&amp;sacute;ci &#8211; widzimy w nim jedynie g&amp;lstrok;\u00f3wnego bohatera, Marvina, zastanawiaj&amp;aogon;cego si&amp;eogon; nad umieszczonym na tablicy og&amp;lstrok;oszeniowej trudnym zleceniem. Pod koniec klipu widzimy, &amp;zdot;e przygl&amp;aogon;da on si&amp;eogon; kartce z napisem \u201e2026\u201d. Wi&amp;eogon;cej nowej zawarto&amp;sacute;ci mo&amp;zdot;emy zobaczy&amp;cacute; w <a href=\"https:\/\/www.eurogamer.pl\/kroniki-myrtany-dostana-edycje-moda-dekady-z-nowym-trybem-gry\" rel=\"nofollow noopener\" target=\"_blank\">poprzednich zwiastunach<\/a>.<\/p>\n","protected":false},"excerpt":{"rendered":"Cho&amp;cacute; Kroniki Myrtany ukaza&amp;lstrok;y si&amp;eogon; 4 lata temu, to tw\u00f3rcy popularnej modyfikacji nie powiedzieli ostatniego s&amp;lstrok;owa. Po d&amp;lstrok;ugim&hellip;\n","protected":false},"author":2,"featured_media":173413,"comment_status":"","ping_status":"","sticky":false,"template":"","format":"standard","meta":{"footnotes":""},"categories":[20],"tags":[120,118,119,42,38,40,39,41,116,114,115,121,117],"class_list":{"0":"post-173412","1":"post","2":"type-post","3":"status-publish","4":"format-standard","5":"has-post-thumbnail","7":"category-nauka-i-technika","8":"tag-nauka","9":"tag-nauka-i-technika","10":"tag-naukatechnika","11":"tag-pl","12":"tag-poland","13":"tag-polish","14":"tag-polska","15":"tag-polski","16":"tag-science","17":"tag-science-and-technology","18":"tag-sciencetechnology","19":"tag-technika","20":"tag-technology"},"share_on_mastodon":{"url":"https:\/\/pubeurope.com\/@pl\/115790705131889302","error":""},"_links":{"self":[{"href":"https:\/\/www.europesays.com\/pl\/wp-json\/wp\/v2\/posts\/173412","targetHints":{"allow":["GET"]}}],"collection":[{"href":"https:\/\/www.europesays.com\/pl\/wp-json\/wp\/v2\/posts"}],"about":[{"href":"https:\/\/www.europesays.com\/pl\/wp-json\/wp\/v2\/types\/post"}],"author":[{"embeddable":true,"href":"https:\/\/www.europesays.com\/pl\/wp-json\/wp\/v2\/users\/2"}],"replies":[{"embeddable":true,"href":"https:\/\/www.europesays.com\/pl\/wp-json\/wp\/v2\/comments?post=173412"}],"version-history":[{"count":0,"href":"https:\/\/www.europesays.com\/pl\/wp-json\/wp\/v2\/posts\/173412\/revisions"}],"wp:featuredmedia":[{"embeddable":true,"href":"https:\/\/www.europesays.com\/pl\/wp-json\/wp\/v2\/media\/173413"}],"wp:attachment":[{"href":"https:\/\/www.europesays.com\/pl\/wp-json\/wp\/v2\/media?parent=173412"}],"wp:term":[{"taxonomy":"category","embeddable":true,"href":"https:\/\/www.europesays.com\/pl\/wp-json\/wp\/v2\/categories?post=173412"},{"taxonomy":"post_tag","embeddable":true,"href":"https:\/\/www.europesays.com\/pl\/wp-json\/wp\/v2\/tags?post=173412"}],"curies":[{"name":"wp","href":"https:\/\/api.w.org\/{rel}","templated":true}]}}