{"id":173420,"date":"2025-12-27T09:03:15","date_gmt":"2025-12-27T09:03:15","guid":{"rendered":"https:\/\/www.europesays.com\/pl\/173420\/"},"modified":"2025-12-27T09:03:15","modified_gmt":"2025-12-27T09:03:15","slug":"najwieksze-metamorfozy-gwiazd-w-2025-r-rekordzista-schudl-ponad-50-kg","status":"publish","type":"post","link":"https:\/\/www.europesays.com\/pl\/173420\/","title":{"rendered":"Najwi\u0119ksze metamorfozy gwiazd w 2025 r. Rekordzista schud\u0142 ponad 50 kg"},"content":{"rendered":"<p>W minionym roku nie brakowa\u0142o zaskocze\u0144. Wiele gwiazd rodzimego i zagranicznego show-biznesu zaskakiwa\u0142o swoich fan\u00f3w metamorfozami. Nadmierne kilogramy zrzuci\u0142a m.in. <a href=\"https:\/\/plejada.pl\/temat\/aneta-zajac-aktorka\/f21n0bw\" id=\"4cf6fc19-b71f-4cfc-98e5-b34f6936badc\" rel=\"nofollow noopener\" target=\"_blank\">Aneta Zaj\u0105c<\/a>, kt\u00f3ra wielokrotnie zachwyca\u0142a na czerwonych dywanach. Fani nie kryli zaniepokojenia wygl\u0105dem <a href=\"https:\/\/plejada.pl\/temat\/christina-aguilera\/efj3qjn\" id=\"2a05d01a-6a15-40fa-8a99-c51c6da85459\" rel=\"nofollow noopener\" target=\"_blank\">Christiny Aguilery<\/a>, kt\u00f3ra \u2014 zdaniem wielu \u2014 przesta\u0142a przypomina\u0107 sam\u0105 siebie. Nie mo\u017cna r\u00f3wnie\u017c zapomnie\u0107 o Klaudii Klimczyk, znanej szerzej jako &#8222;Mama na obrotach&#8221;, kt\u00f3ra zrzuci\u0142a blisko 35 kg. <a href=\"https:\/\/plejada.pl\/temat\/blanka-lipinska\/0qwccvm\" id=\"55184c05-1f37-4357-90e5-131436705508\" rel=\"nofollow noopener\" target=\"_blank\">Blanka Lipi\u0144ska<\/a> postawi\u0142a na &#8222;ostre ci\u0119cie&#8221;, a <a href=\"https:\/\/plejada.pl\/temat\/borys-szyc\/x8kf3k7\" id=\"52f94d9d-22c6-4623-ac23-cb3c9c05bc0e\" rel=\"nofollow noopener\" target=\"_blank\">Borys Szyc<\/a> nie\u017ale wyrze\u017abi\u0142 swoj\u0105 sylwetk\u0119. Zobaczcie najwi\u0119ksze metamorfozy 2025 r.<\/p>\n<p> Galeria zdj\u0119\u0107    Klaudia Klimczyk (&#8222;Mama na obrotach&#8221;) w 2024 r. i 2025 r.    <img src=\"https:\/\/www.europesays.com\/pl\/wp-content\/uploads\/2025\/12\/lgmk9lBaHR0cHM6Ly9vY2RuLmV1L3B1bHNjbXMvTURBXy9mZDYwOTc1Yjg0MzNmNGYwNzBkM2VhZThmNWY4MjA1NC5wbmeRlQLNB.jpeg\" height=\"530\" width=\"940\" alt=\"Klaudia Klimczyk (&quot;Mama na obrotach&quot;) w 2024 r. i 2025 r.\" loading=\"lazy\" decoding=\"async\" class=\"ods-c-image__img ods-c-image__img--placeholder\"\/>     1\/10   <\/p>\n<p>Piotr Andrzejczak, mamanaobrotach24h \/ MW Media<\/p>\n<p class=\"ods-c-gallery__item__description\">Klaudia Klimczyk, znana w mediach spo\u0142eczno\u015bciowych jako &#8222;Mama na obrotach&#8221;, <a href=\"https:\/\/www.onet.pl\/styl-zycia\/plejada\/mama-na-obrotach-schudla-37-kg-zdradzila-jak-wyglada-jej-typowy-dzien\/dk9j7k1,0898b825\" rel=\"nofollow noopener\" target=\"_blank\">w ci\u0105gu roku zdo\u0142a\u0142a zgubi\u0107 a\u017c 37 kg<\/a>. Jak sama przyzna\u0142a, wszystko zacz\u0119\u0142o si\u0119 od tego, \u017ce przez kilka miesi\u0119cy zmaga\u0142a si\u0119 z intensywnym b\u00f3lem plec\u00f3w, kt\u00f3ry utrudnia\u0142 jej codzienne funkcjonowanie. Pocz\u0105tkowo win\u0119 za dyskomfort zrzuca\u0142a na niewygodny materac czy chrapanie m\u0119\u017ca. Dopiero po zrzuceniu nadmiernych kilogram\u00f3w zauwa\u017cy\u0142a znaczn\u0105 popraw\u0119. Dzi\u015b zachwyca odmienionym wygl\u0105dem. <\/p>\n<p>\u2014 Przez par\u0119 miesi\u0119cy bola\u0142o mnie w plecach. Zwala\u0142am to na z\u0142y sen, na wyle\u017ca\u0142y materac czy na m\u0119\u017ca, kt\u00f3ry chrapie. Kiedy schud\u0142am te 37 kg, to materac zosta\u0142, b\u00f3l odpu\u015bci\u0142 i m\u0105\u017c te\u017c zosta\u0142. Zrzucenie kilogram\u00f3w poprawi\u0142o mi komfort \u017cycia \u2014 \u017cartowa\u0142a w &#8222;Pytaniu na \u015bniadanie&#8221;.<\/p>\n<p>    Borys Szyc w 2024 r. i 2025 r.    <img src=\"https:\/\/www.europesays.com\/pl\/wp-content\/uploads\/2025\/12\/knik9lBaHR0cHM6Ly9vY2RuLmV1L3B1bHNjbXMvTURBXy9jMWRjNTQ0Yzc5MDcxODgxMTA5YjUwNTI4NmE2ZDBiMi5qcGeRlQLNB.jpeg\" height=\"530\" width=\"940\" alt=\"Borys Szyc w 2024 r. i 2025 r.\" loading=\"lazy\" decoding=\"async\" class=\"ods-c-image__img ods-c-image__img--placeholder\"\/>     2\/10   <\/p>\n<p>Piotr Andrzejczak, instagram.com\/borys.szyc \/ MW Media<\/p>\n<p class=\"ods-c-gallery__item__description\">Borys Szyc w minionym roku przyci\u0105gn\u0105\u0142 uwag\u0119 nie tylko kreacjami aktorskimi, ale tak\u017ce przemian\u0105 fizyczn\u0105. Aktor, kt\u00f3ry wcze\u015bniej nie stroni\u0142 od szczerych wyzna\u0144 na temat swojej walki z wag\u0105 i zdrowiem, regularnie chwali\u0142 si\u0119 w mediach spo\u0142eczno\u015bciowych wyrze\u017abion\u0105 sylwetk\u0105. <\/p>\n<p>Aktor w zaledwie cztery miesi\u0105ce <a href=\"https:\/\/plejada.pl\/newsy\/borys-szyc-schudl-15-kg-w-cztery-miesiace-odstawil-tylko-te-dwa-produkty\/vlp9hcn\" rel=\"nofollow noopener\" target=\"_blank\">zrzuci\u0142 blisko 15 kg<\/a>. Na pytanie o najwi\u0119ksze wyrzeczenia, przyzna\u0142, \u017ce ca\u0142kowicie zrezygnowa\u0142 z cukru, co pocz\u0105tkowo stanowi\u0142o dla niego du\u017ce wyzwanie. &#8222;[Uciekam] Od s\u0142odyczy, kt\u00f3re uwielbiam. Zw\u0142aszcza lody. W og\u00f3le od cukru ca\u0142ego. Cukier jest niestety mocnym narkotykiem. Ja lubi\u0142em s\u0142odycze w przer\u00f3\u017cnej postaci i zupe\u0142nie z nich zrezygnowa\u0142em. W moje urodziny pierwszy raz zjad\u0142em kawa\u0142ek tortu&#8221; \u2014 zdradzi\u0142 Szyc w rozmowie z Jastrz\u0105b Post.<\/p>\n<p>       Aneta Zaj\u0105c w 2024 r. i 2025 r.    <img src=\"https:\/\/www.europesays.com\/pl\/wp-content\/uploads\/2025\/12\/oS1k9lBaHR0cHM6Ly9vY2RuLmV1L3B1bHNjbXMvTURBXy85MmYyYTZkYWI1N2NkYzU1ZTdkZTIwNjkxYmNlNjY1NC5qcGeRlQLNB.jpeg\" height=\"530\" width=\"940\" alt=\"Aneta Zaj\u0105c w 2024 r. i 2025 r.\" loading=\"lazy\" decoding=\"async\" class=\"ods-c-image__img ods-c-image__img--placeholder\"\/>     3\/10   <\/p>\n<p>Andras Szilagyi \/ MW Media<\/p>\n<p class=\"ods-c-gallery__item__description\">Dla Anety Zaj\u0105c bie\u017c\u0105cy rok okaza\u0142 si\u0119 prze\u0142omowy. Aktorka <a href=\"https:\/\/plejada.pl\/newsy\/spektakularna-metamorfoza-anety-zajac-zdradza-czym-zastapila-slodycze\/d7yvjm1\" rel=\"nofollow noopener\" target=\"_blank\">postanowi\u0142a zadba\u0107 o siebie<\/a> w spos\u00f3b kompleksowy, zaczynaj\u0105c od bada\u0144. Cho\u0107 gwiazda serialu &#8222;Pierwsza mi\u0142o\u015b\u0107&#8221; nie zdradzi\u0142a, co u niej zdiagnozowano, wielokrotnie apelowa\u0142a, by przed rozpocz\u0119ciem jakiejkolwiek diety czy planu treningowego konsultowa\u0107 si\u0119 ze specjalist\u0105. \u015awiadome podej\u015bcie okaza\u0142o si\u0119 kluczowe w jej przemianie. <\/p>\n<p>Aktorka unika rozm\u00f3w na temat konkretnej wagi sprzed metamorfozy czy po. W zamian skupia si\u0119 na prawid\u0142owo\u015bci swojego BMI. &#8222;Ciesz\u0119 si\u0119, \u017ce moje BMI w ko\u0144cu jest w normie. W styczniu by\u0142am jeszcze w oty\u0142o\u015bci I stopnia \u2013 dzi\u015b jestem w zupe\u0142nie innym miejscu. Jestem wdzi\u0119czna sobie za to, \u017ce przez te sze\u015b\u0107 miesi\u0119cy naprawd\u0119 zadba\u0142am o zdrowie. To m\u00f3j ma\u0142y sukces&#8221; \u2014 pisa\u0142a w mediach spo\u0142eczno\u015bciowych.<\/p>\n<p>    Joanna Liszowska w 2024 r. i 2025 r.     <img src=\"https:\/\/www.europesays.com\/pl\/wp-content\/uploads\/2025\/12\/xlpk9lBaHR0cHM6Ly9vY2RuLmV1L3B1bHNjbXMvTURBXy9hN2ZjMjlkYWE1NzNhZDNlNzhkYWRjMGVkMjQ0Y2I4ZC5qcGeRlQLNB.jpeg\" height=\"530\" width=\"940\" alt=\"Joanna Liszowska w 2024 r. i 2025 r. \" loading=\"lazy\" decoding=\"async\" class=\"ods-c-image__img ods-c-image__img--placeholder\"\/>     4\/10   <\/p>\n<p>Andras Szilagyi, Piotr Andrzejczak \/ MW Media<\/p>\n<p class=\"ods-c-gallery__item__description\">Joanna Liszowska w minionym roku zaskoczy\u0142a opini\u0119 publiczn\u0105. Aktorka wybra\u0142a si\u0119 na koncert Lady Gagi, gdzie zaprezentowa\u0142a swoj\u0105 osza\u0142amiaj\u0105c\u0105 metamorfoz\u0119. Chwil\u0119 p\u00f3\u017aniej, gwiazda pojawi\u0142a si\u0119 w nowej ods\u0142onie na gali rozdania Telekamer &#8222;Tele Tygodnia&#8221;. Z dum\u0105 prezentuje szczup\u0142\u0105 sylwetk\u0119 i odwa\u017cne stylizacje, kt\u00f3re podkre\u015blaj\u0105 jej nowy wizerunek. Uwag\u0119 jednak przykuwa zupe\u0142nie odmieniona fryzura \u2013 proste w\u0142osy i grzywka zamiast charakterystycznej burzy lok\u00f3w. <\/p>\n<p>       Blanka Lipi\u0144ska w 2025 r.    <img src=\"https:\/\/www.europesays.com\/pl\/wp-content\/uploads\/2025\/12\/Sopk9lBaHR0cHM6Ly9vY2RuLmV1L3B1bHNjbXMvTURBXy9mMTVlMDczZTVjZjIwNjJmOGVhYzQ4ZDgwODgwMWZmMC5qcGeRlQLNB.jpeg\" height=\"530\" width=\"940\" alt=\"Blanka Lipi\u0144ska w 2025 r.\" loading=\"lazy\" decoding=\"async\" class=\"ods-c-image__img ods-c-image__img--placeholder\"\/>     5\/10   <\/p>\n<p>Pi\u0119tka Mieszko, https:\/\/www.instagram.com\/blanka_lipinska\/ \/ AKPA<\/p>\n<p class=\"ods-c-gallery__item__description\">Blanka Lipi\u0144ska nie boi si\u0119 eksperymentowa\u0107 z w\u0142osami. W 2025 r. pokaza\u0142a szereg nowych fryzur. Po raz pierwszy w &#8222;ostrym ci\u0119ciu&#8221; zaprezentowa\u0142a si\u0119 Gali Gwiazd Plejady 2025. W\u00f3wczas <a href=\"https:\/\/plejada.pl\/wideo\/blanka-lipinska-przeszla-zaskakujaca-metamorfoze-nagle-lupnelam-30-kg-do-przodu\/tv4w540\" rel=\"nofollow noopener\" target=\"_blank\">w rozmowie z Plejad\u0105 m\u00f3wi\u0142a<\/a>: <\/p>\n<p>\u2014 Zrobi\u0142am to z wygody. Powa\u017cnie. Te moje g\u0142upie pomys\u0142y po prostu z trzewi je wyci\u0105gam. Zdania s\u0105 podzielone na ten temat, je\u017celi chodzi o moich obserwator\u00f3w na przyk\u0142ad na Instagramie. Cz\u0119\u015b\u0107 z nich twierdzi, \u017ce zabra\u0142am sobie kobieco\u015b\u0107, bo poprzednia fryzura by\u0142a dobra. Chcia\u0142abym zaznaczy\u0107, \u017ce poprzednia fryzura to by\u0142 zwi\u0105zany bobek na \u015brodku g\u0142owy gumk\u0105. Osobi\u015bcie uwa\u017cam, \u017ce ta fryzura jest top, jest mi wygodnie. <\/p>\n<p>Niedawno celebrytka pochwali\u0142a si\u0119 kolejn\u0105 metamorfoz\u0105.  Radykalna zmiana by\u0142a spowodowana z\u0142\u0105 kondycj\u0105 jej w\u0142os\u00f3w, kt\u00f3re ucierpia\u0142y w wyniku trwa\u0142ej ondulacji. Jak sama przyzna\u0142a, <a href=\"https:\/\/plejada.pl\/newsy\/blanka-lipinska-znow-zaszalala-z-wlosami-po-metamorfozie-skakala-z-radosci\/j4lfmr4\" rel=\"nofollow noopener\" target=\"_blank\">decyzja o kr\u00f3tkim ci\u0119ciu by\u0142a dla niej wyzwaniem<\/a>. <\/p>\n<p>    Lotek w 2023 r. i 2025 r.    <img src=\"https:\/\/www.europesays.com\/pl\/wp-content\/uploads\/2025\/12\/k-6k9lBaHR0cHM6Ly9vY2RuLmV1L3B1bHNjbXMvTURBXy85MGQwY2U1OTE1ODc2MzliZTZmYjNjNzI4MDY5Njg2MC5qcGeRlQLNB.jpeg\" height=\"530\" width=\"940\" alt=\"Lotek w 2023 r. i 2025 r.\" loading=\"lazy\" decoding=\"async\" class=\"ods-c-image__img ods-c-image__img--placeholder\"\/>     6\/10   <\/p>\n<p>Karol Makurat\/REPORTER, youtube.com\/@kanal_balans \/ East News<\/p>\n<p class=\"ods-c-gallery__item__description\">\u0141ukasz &#8222;Lotek&#8221; Lodkowski jest jednym z najpopularniejszych polskich stand-uper\u00f3w. Osoby, kt\u00f3re dawno nie widzia\u0142y komika, z pewno\u015bci\u0105 zdziwione s\u0105 jego fizyczn\u0105 przemian\u0105 \u2014 <a href=\"https:\/\/plejada.pl\/newsy\/lukasz-lotek-lodkowski-zmienil-sie-nie-do-poznania-schudl-ponad-50-kg\/j5jffen\" rel=\"nofollow noopener\" target=\"_blank\">w ostatnich miesi\u0105cach schud\u0142 ponad 50 kg<\/a>. Du\u017ca w tym zas\u0142uga zmiany w \u017cywieniu, a tak\u017ce odstawienia alkoholu. <\/p>\n<p>&#8222;Wiem, \u017ce jak si\u0119 napij\u0119, to nast\u0119pnego dnia nie zrobi\u0119 aktywno\u015bci ani diety, trac\u0119 motywacj\u0119 do tego, co chc\u0119 zrobi\u0107 i przede wszystkim strac\u0119 energi\u0119, kt\u00f3r\u0105 mam&#8221; \u2014 m\u00f3wi\u0142 w podca\u015bcie &#8222;Balans&#8221;.<\/p>\n<p>       Lindsay Lohan w 2014 r. i 2025 r.    <img src=\"https:\/\/www.europesays.com\/pl\/wp-content\/uploads\/2025\/12\/p4Pk9lBaHR0cHM6Ly9vY2RuLmV1L3B1bHNjbXMvTURBXy9iZjM1NzI5Y2JkMTYyNWQwNzg3YThhOGQ1MWJjY2Y1Yy5qcGeRlQLNB.jpeg\" height=\"529\" width=\"940\" alt=\"Lindsay Lohan w 2014 r. i 2025 r.\" loading=\"lazy\" decoding=\"async\" class=\"ods-c-image__img ods-c-image__img--placeholder\"\/>     7\/10   <\/p>\n<p>Everett Collection \/ Shutterstock<\/p>\n<p class=\"ods-c-gallery__item__description\">O Lindsay Lohan zrobi\u0142o si\u0119 g\u0142o\u015bno na nowo w 2025 r. g\u0142\u00f3wnie za spraw\u0105 drugiej cze\u015bci filmu &#8222;Zakr\u0119cony pi\u0105tek&#8221;. Aktorka nie tylko zachwyci\u0142a kolejn\u0105 kreacj\u0105 aktorsk\u0105, ale r\u00f3wnie\u017c urod\u0105. <a href=\"https:\/\/plejada.pl\/newsy\/lindsay-lohan-zmienila-sie-nie-do-poznania-jej-sekret-sok-laser-i-dubaj\/vqm3590\" rel=\"nofollow noopener\" target=\"_blank\">Po ujawnieniu swojego nowego wygl\u0105du<\/a> gwiazda postanowi\u0142a podzieli\u0107 si\u0119 szczeg\u00f3\u0142ami swojej rutyny piel\u0119gnacyjnej. Jaki jest jej sekret? <\/p>\n<p>&#8222;Codziennie rano pij\u0119 sok z marchewki, imbiru, cytryny, oliwy i jab\u0142ka. Pij\u0119 tak\u017ce du\u017co zielonej herbaty, bardzo du\u017co wody. Uwielbiam piklowane buraki, dodaj\u0119 je do wszystkiego&#8221; \u2014 t\u0142umaczy\u0142a. &#8222;Mam bzika na punkcie mojej sk\u00f3ry i zdrowia. Codziennie rano nak\u0142adam plastry na oczy, pij\u0119 du\u017co zielonej herbaty i stosuj\u0119 laserowe zabiegi dla sk\u00f3ry&#8221; \u2014 doda\u0142a w rozmowie z Chloe Fineman w &#8222;Saturday Night Live&#8221;.<\/p>\n<p>    Christina Aguilera w 2025 r.    <img src=\"https:\/\/www.europesays.com\/pl\/wp-content\/uploads\/2025\/12\/lDek9lBaHR0cHM6Ly9vY2RuLmV1L3B1bHNjbXMvTURBXy9iNTIyZTdiZjhmYzBjMjhhOWU1OWY0YjhiN2I3ZmYwMC5qcGeRlQLNB.jpeg\" height=\"530\" width=\"940\" alt=\"Christina Aguilera w 2025 r.\" loading=\"lazy\" decoding=\"async\" class=\"ods-c-image__img ods-c-image__img--placeholder\"\/>     8\/10   <\/p>\n<p>tiktok.com\/@xtina \/ Matria\u0142y &#8222;Na prawach cytatu&#8221;<\/p>\n<p class=\"ods-c-gallery__item__description\">Christina Aguilera w ostatnim czasie zaskoczy\u0142a  metamorfoz\u0105. Artystka sporo schud\u0142a, a efektami swojej przemiany regularnie dzieli si\u0119 w mediach spo\u0142eczno\u015bciowych. Internauci jednak nie s\u0105 przekonani do zmiany w jej wygl\u0105dzie. <a href=\"https:\/\/plejada.pl\/newsy\/olsniewajaca-christina-aguilera-znow-zaniepokoila-fanow-ona-nie-brzmi-jak-christina\/61j3egx\" rel=\"nofollow noopener\" target=\"_blank\">Jej nowy wizerunek wywo\u0142a\u0142 spore kontrowersje<\/a>, a fani, wci\u0105\u017c podkre\u015blaj\u0105, \u017ce wokalistka &#8222;nie wygl\u0105d, a nawet nie brzmi&#8221; jak Aguilera. <\/p>\n<p>&#8222;Gdyby jej imi\u0119 nie by\u0142oby do\u0142\u0105czone do tego wideo, nie mia\u0142abym poj\u0119cia, kto to jest&#8221;, &#8222;Od zawsze jestem wielkim fanem, ale wybaczcie, ona nie wygl\u0105da i nie brzmi jak Christina Aguilera&#8221;, &#8222;Zdecydowanie odwiedzi\u0142a tego samego chirurga, co Kris Jenner&#8221;, &#8222;Gdzie jest Christina?&#8221; \u2014 pisz\u0105 u\u017cytkownicy w sieci.<\/p>\n<p>       Kris Jenner w 2025 r.    <img src=\"https:\/\/www.europesays.com\/pl\/wp-content\/uploads\/2025\/12\/fkXk9lBaHR0cHM6Ly9vY2RuLmV1L3B1bHNjbXMvTURBXy82NDZjZDYzMzQzYWQwN2UyZDAxOWJjOWMyY2YyNGNmZi5qcGeRlQLNB.jpeg\" height=\"530\" width=\"940\" alt=\"Kris Jenner w 2025 r.\" loading=\"lazy\" decoding=\"async\" class=\"ods-c-image__img ods-c-image__img--placeholder\"\/>     9\/10   <\/p>\n<p>https:\/\/www.instagram.com\/krisjenner\/ \/ Matria\u0142y &#8222;Na prawach cytatu&#8221;<\/p>\n<p class=\"ods-c-gallery__item__description\">Kris Jenner nie ukrywa, \u017ce liczne zmiany wygl\u0105du i zabiegi s\u0105 &#8222;jej sposobem na starzenie si\u0119 z godno\u015bci\u0105&#8221;. W tym roku zaskoczy\u0142a wieloma zmianami. Jedn\u0105 z nich by\u0142y blond w\u0142osy oraz lifting twarzy,<a href=\"https:\/\/plejada.pl\/newsy\/kris-jenner-nie-przestaje-zaskakiwac-fani-zszokowani-nowa-metamorfoza-kto-to\/j5c1hlr\" rel=\"nofollow noopener\" target=\"_blank\">o czym sama powiedzia\u0142a<\/a> w wywiadzie dla &#8222;Vouge Arabia&#8221;, potwierdzaj\u0105c tym samym doniesienia znanych chirurg\u00f3w. <\/p>\n<p>    Kelly Osbourne w 2024 r. i 2025 r.    <img src=\"https:\/\/www.europesays.com\/pl\/wp-content\/uploads\/2025\/12\/vY6k9lBaHR0cHM6Ly9vY2RuLmV1L3B1bHNjbXMvTURBXy84MjFkOGY3YWMyMjYwZWI1MjEwZDBiYjRiOWJhNDZmMS5qcGeRlQLNB.jpeg\" height=\"530\" width=\"940\" alt=\"Kelly Osbourne w 2024 r. i 2025 r.\" loading=\"lazy\" decoding=\"async\" class=\"ods-c-image__img ods-c-image__img--placeholder\"\/>     10\/10   <\/p>\n<p>instagram.com\/kellyosbourne\/ \/ Matria\u0142y &#8222;Na prawach cytatu&#8221;<\/p>\n<p class=\"ods-c-gallery__item__description\">Kelly Osbourne niedawno zaniepokoi\u0142a opini\u0119 publiczn\u0105 swoim wygl\u0105dem. Przypomnijmy, \u017ce w lipcu tego roku prze\u017cy\u0142a rodzinn\u0105 tragedi\u0105. Zmar\u0142 jej ojciec i legenda heavy metalu Ozzy Osbourne. Od tamtego czasu 41-latka mocno schud\u0142a, a internauci nie kryj\u0105 wobec tego krytycznych komentarzy. <\/p>\n<p>Brytyjka niedawno postanowi\u0142a sama <a href=\"https:\/\/plejada.pl\/newsy\/gorzki-apel-kelly-osbourne-do-hejterow-to-obrzydliwe-i-mam-tego-dosc\/v11m16j\" rel=\"nofollow noopener\" target=\"_blank\">odnie\u015b\u0107 si\u0119 do krytyki<\/a>, z kt\u00f3r\u0105 przysz\u0142o jej si\u0119 mierzy\u0107. &#8222;Jestem tu tylko po to, \u017ceby powiedzie\u0107: &#8222;Czego ode mnie oczekujecie? Jak mam teraz wygl\u0105da\u0107?&#8221;. To, \u017ce wstaj\u0119 z \u0142\u00f3\u017cka, stawiam czo\u0142a \u017cyciu i staram si\u0119 by\u0107 kim\u015b wi\u0119cej ni\u017c wystarczaj\u0105c\u0105, zas\u0142uguje na pochwa\u0142\u0119&#8221; \u2014 przekaza\u0142a w mediach spo\u0142eczno\u015bciowych. <\/p>\n<p>&#8222;Piszecie, \u017ce wygl\u0105dam na chor\u0105. No c\u00f3\u017c, w\u0142a\u015bnie teraz jestem chora. Moje \u017cycie wywr\u00f3ci\u0142o si\u0119 do g\u00f3ry nogami. Nie rozumiem, jak ludzie oczekuj\u0105, \u017ce wr\u00f3c\u0119 do formy i b\u0119d\u0119 udawa\u0107, \u017ce wszystko w moim \u017cyciu jest w porz\u0105dku, skoro tak nie jest&#8221; \u2014 kontynuowa\u0142a, nawi\u0105zuj\u0105c do \u015bmierci swojego ojca.<\/p>\n<p>Dzi\u0119kujemy, \u017ce przeczyta\u0142a\u015b\/e\u015b nasz artyku\u0142 do ko\u0144ca. W serwisie Plejada.pl ka\u017cdego dnia piszemy o najwa\u017cniejszych wydarzeniach show-biznesowych. B\u0105d\u017a na bie\u017c\u0105co i obserwuj Plejad\u0119 w <a href=\"http:\/\/news.google.com\/publications\/CAAiEF0PeAlb7W1llpV_mwV2rL4qFAgKIhBdD3gJW-1tZZaVf5sFdqy-?hl=pl&amp;gl=PL&amp;ceid=PL%3Apl\" rel=\"nofollow noopener\" target=\"_blank\">Wiadomo\u015bciach Google<\/a>. Odwied\u017a nas tak\u017ce na <a href=\"http:\/\/facebook.com\/plejadapl\" rel=\"nofollow noopener\" target=\"_blank\">Facebooku<\/a> , <a href=\"http:\/\/instagram.com\/plejadapl\/\" rel=\"nofollow noopener\" target=\"_blank\">Instagramie<\/a>, <a href=\"http:\/\/youtube.com\/c\/plejada\" rel=\"nofollow noopener\" target=\"_blank\">YouTubie<\/a> i <a href=\"http:\/\/tiktok.com\/@plejada_pl\" rel=\"nofollow noopener\" target=\"_blank\">TikToku<\/a>. <\/p>\n<p>Chcesz podzieli\u0107 si\u0119 ciekawym newsem lub zaproponowa\u0107 temat? Skontaktuj si\u0119 z nami, pisz\u0105c maila na adres: plejada@redakcjaonet.pl.<\/p>\n<p>  <script async src=\"\/\/www.instagram.com\/embed.js\"><\/script><script async src=\"\/\/www.tiktok.com\/embed.js\"><\/script><\/p>\n","protected":false},"excerpt":{"rendered":"W minionym roku nie brakowa\u0142o zaskocze\u0144. Wiele gwiazd rodzimego i zagranicznego show-biznesu zaskakiwa\u0142o swoich fan\u00f3w metamorfozami. Nadmierne kilogramy&hellip;\n","protected":false},"author":2,"featured_media":173421,"comment_status":"","ping_status":"","sticky":false,"template":"","format":"standard","meta":{"footnotes":""},"categories":[22],"tags":[7109,1100,8053,31346,122,15582,34049,34046,5669,34048,34047,48,125,46,42,38,40,39,41,34050,123,47,1323],"class_list":{"0":"post-173420","1":"post","2":"type-post","3":"status-publish","4":"format-standard","5":"has-post-thumbnail","7":"category-rozrywka","8":"tag-aneta_zajac","9":"tag-blanka_lipinska","10":"tag-borys_szyc","11":"tag-christina_aguilera","12":"tag-entertainment","13":"tag-joanna_liszowska","14":"tag-kelly_osbourne","15":"tag-klaudia_klimczyk","16":"tag-kris_jenner","17":"tag-lindsay_lohan","18":"tag-lukasz_lotek_lodkowski","19":"tag-nat_styl","20":"tag-newsy","21":"tag-omp","22":"tag-pl","23":"tag-poland","24":"tag-polish","25":"tag-polska","26":"tag-polski","27":"tag-przemiany_metamorfozy_","28":"tag-rozrywka","29":"tag-screening_general","30":"tag-uroda"},"share_on_mastodon":{"url":"https:\/\/pubeurope.com\/@pl\/115790729013679612","error":""},"_links":{"self":[{"href":"https:\/\/www.europesays.com\/pl\/wp-json\/wp\/v2\/posts\/173420","targetHints":{"allow":["GET"]}}],"collection":[{"href":"https:\/\/www.europesays.com\/pl\/wp-json\/wp\/v2\/posts"}],"about":[{"href":"https:\/\/www.europesays.com\/pl\/wp-json\/wp\/v2\/types\/post"}],"author":[{"embeddable":true,"href":"https:\/\/www.europesays.com\/pl\/wp-json\/wp\/v2\/users\/2"}],"replies":[{"embeddable":true,"href":"https:\/\/www.europesays.com\/pl\/wp-json\/wp\/v2\/comments?post=173420"}],"version-history":[{"count":0,"href":"https:\/\/www.europesays.com\/pl\/wp-json\/wp\/v2\/posts\/173420\/revisions"}],"wp:featuredmedia":[{"embeddable":true,"href":"https:\/\/www.europesays.com\/pl\/wp-json\/wp\/v2\/media\/173421"}],"wp:attachment":[{"href":"https:\/\/www.europesays.com\/pl\/wp-json\/wp\/v2\/media?parent=173420"}],"wp:term":[{"taxonomy":"category","embeddable":true,"href":"https:\/\/www.europesays.com\/pl\/wp-json\/wp\/v2\/categories?post=173420"},{"taxonomy":"post_tag","embeddable":true,"href":"https:\/\/www.europesays.com\/pl\/wp-json\/wp\/v2\/tags?post=173420"}],"curies":[{"name":"wp","href":"https:\/\/api.w.org\/{rel}","templated":true}]}}