{"id":173426,"date":"2025-12-27T09:07:19","date_gmt":"2025-12-27T09:07:19","guid":{"rendered":"https:\/\/www.europesays.com\/pl\/173426\/"},"modified":"2025-12-27T09:07:19","modified_gmt":"2025-12-27T09:07:19","slug":"tajemnicze-osiedle-przy-ul-starodeby-w-warszawie-od-lat-budzi-ogromne-zainteresowanie-i-pozostaje-jedna-z","status":"publish","type":"post","link":"https:\/\/www.europesays.com\/pl\/173426\/","title":{"rendered":"Tajemnicze osiedle przy ul. Starod\u0119by w\u00a0Warszawie od lat budzi ogromne zainteresowanie i\u00a0pozostaje jedn\u0105 z&#8230;"},"content":{"rendered":"<p class=\"Paragraph_desktopPostParagraph__6f0Vh\">Tajemnicze osiedle przy ul. Starod\u0119by w Warszawie od lat budzi ogromne zainteresowanie i pozostaje jedn\u0105 z najwi\u0119kszych lokalnych zagadek.<\/p>\n<p class=\"Paragraph_desktopPostParagraph__6f0Vh\">Sk\u0142ada si\u0119 z pi\u0119ciu pi\u0119ciopi\u0119trowych budynk\u00f3w, w kt\u00f3rych znajduje si\u0119 oko\u0142o 200 mieszka\u0144. Cho\u0107 powsta\u0142o ponad 20 lat temu, przez ca\u0142y ten czas pozostawa\u0142o ca\u0142kowicie niezamieszkane. Najnowsze informacje wskazuj\u0105 jednak, \u017ce po ponad dw\u00f3ch dekadach do osiedla wreszcie b\u0119d\u0105 mogli wprowadzi\u0107 si\u0119 pierwsi lokatorzy.<\/p>\n<p class=\"Paragraph_desktopPostParagraph__6f0Vh\">Jak poinformowa\u0142a Gazeta Wyborcza w swoim serwisie, do mieszka\u0144 mo\u017cna si\u0119 ju\u017c wprowadza\u0107 od wrze\u015bnia tego roku. Syn jednego z pierwotnych inwestor\u00f3w poinformowa\u0142, \u017ce na lokator\u00f3w czeka prawie 70 lokali. Niekt\u00f3re z nich to kawalerki, inne maj\u0105 nawet ponad 80 metr\u00f3w. Mieszkania b\u0119dzie mo\u017cna jednak wy\u0142\u0105cznie wynajmowa\u0107. Wed\u0142ug informacji Gazety Wyborczej problemem tak d\u0142ugiego przestoju by\u0142 konflikt mi\u0119dzy wsp\u00f3lnikami.<\/p>\n<p class=\"Paragraph_desktopPostParagraph__6f0Vh\">Wi\u0119cej w materiale: <a href=\"https:\/\/www.onet.pl\/turystyka\/szaryburekpl\/200-pustych-mieszkan-czekalo-na-lokatorow-od-20-lat-jest-final-sprawy\/4l6cd2m,30bc1058\" id=\"2307bbee-eb49-4603-ad7e-b1914fee273f\" rel=\"nofollow noopener\" target=\"_blank\">https:\/\/www.onet.pl\/turystyka\/szaryburekpl\/200-pustych-mieszkan-czekalo-na-lokatorow-od-20-lat-jest-final-sprawy\/4l6cd2m,30bc1058<\/a><\/p>\n<p><img decoding=\"async\" class=\"Image_image__0tuHp Image_autoHeight__f2n87 \" height=\"610\" width=\"940\" src=\"https:\/\/www.europesays.com\/pl\/wp-content\/uploads\/2025\/12\/jznk9kuTURBXy81MzVmYThkMi0yMWNlLTQwMjAtOWY0OC0xNmEwNjEwY2E2MTkuanBlZ5GVAs0DrADDw94AA6EwAaExAaEzww.jpeg\" alt=\"post author attached image c657b840-48c1-4065-b9bf-3c0629f26a6e for post\" loading=\"lazy\" \/><\/p>\n","protected":false},"excerpt":{"rendered":"Tajemnicze osiedle przy ul. Starod\u0119by w Warszawie od lat budzi ogromne zainteresowanie i pozostaje jedn\u0105 z najwi\u0119kszych lokalnych&hellip;\n","protected":false},"author":2,"featured_media":173427,"comment_status":"","ping_status":"","sticky":false,"template":"","format":"standard","meta":{"footnotes":""},"categories":[12],"tags":[32,33,36,37,27,34,35,28,31,53,25,52,68,51,55,42,38,40,39,41,47,196,24799,29,30,50,26],"class_list":{"0":"post-173426","1":"post","2":"type-post","3":"status-publish","4":"format-standard","5":"has-post-thumbnail","7":"category-polska","8":"tag-breaking-news","9":"tag-breakingnews","10":"tag-featured-news","11":"tag-featurednews","12":"tag-headlines","13":"tag-latest-news","14":"tag-latestnews","15":"tag-naglowki","16":"tag-najwazniejsze-artykuly","17":"tag-new_header","18":"tag-news","19":"tag-onet3","20":"tag-onet3d","21":"tag-onet3d_2i","22":"tag-phx","23":"tag-pl","24":"tag-poland","25":"tag-polish","26":"tag-polska","27":"tag-polski","28":"tag-screening_general","29":"tag-styl_zycia","30":"tag-szaryburekpl","31":"tag-top-stories","32":"tag-topstories","33":"tag-v2021","34":"tag-wiadomosci"},"share_on_mastodon":{"url":"https:\/\/pubeurope.com\/@pl\/115790744574521156","error":""},"_links":{"self":[{"href":"https:\/\/www.europesays.com\/pl\/wp-json\/wp\/v2\/posts\/173426","targetHints":{"allow":["GET"]}}],"collection":[{"href":"https:\/\/www.europesays.com\/pl\/wp-json\/wp\/v2\/posts"}],"about":[{"href":"https:\/\/www.europesays.com\/pl\/wp-json\/wp\/v2\/types\/post"}],"author":[{"embeddable":true,"href":"https:\/\/www.europesays.com\/pl\/wp-json\/wp\/v2\/users\/2"}],"replies":[{"embeddable":true,"href":"https:\/\/www.europesays.com\/pl\/wp-json\/wp\/v2\/comments?post=173426"}],"version-history":[{"count":0,"href":"https:\/\/www.europesays.com\/pl\/wp-json\/wp\/v2\/posts\/173426\/revisions"}],"wp:featuredmedia":[{"embeddable":true,"href":"https:\/\/www.europesays.com\/pl\/wp-json\/wp\/v2\/media\/173427"}],"wp:attachment":[{"href":"https:\/\/www.europesays.com\/pl\/wp-json\/wp\/v2\/media?parent=173426"}],"wp:term":[{"taxonomy":"category","embeddable":true,"href":"https:\/\/www.europesays.com\/pl\/wp-json\/wp\/v2\/categories?post=173426"},{"taxonomy":"post_tag","embeddable":true,"href":"https:\/\/www.europesays.com\/pl\/wp-json\/wp\/v2\/tags?post=173426"}],"curies":[{"name":"wp","href":"https:\/\/api.w.org\/{rel}","templated":true}]}}