{"id":173621,"date":"2025-12-27T11:15:11","date_gmt":"2025-12-27T11:15:11","guid":{"rendered":"https:\/\/www.europesays.com\/pl\/173621\/"},"modified":"2025-12-27T11:15:11","modified_gmt":"2025-12-27T11:15:11","slug":"tak-lewandowski-wychowuje-corki-ujawnil-rodzice-w-polsce-moga-byc-zaskoczeni-przeglad-sportowy-onet","status":"publish","type":"post","link":"https:\/\/www.europesays.com\/pl\/173621\/","title":{"rendered":"Tak Lewandowski wychowuje c\u00f3rki. Ujawni\u0142. Rodzice w Polsce mog\u0105 by\u0107 zaskoczeni &#8211; Przegl\u0105d Sportowy Onet"},"content":{"rendered":"<ol>\n<li><a href=\"https:\/\/news.google.com\/rss\/articles\/CBMiwgFBVV95cUxPVXk2ZWFPdHlnU3JxcTRGSkkyNEl1VXRva01MalNxQlc3cHd3cUlUbi0xbDZjOGF6aVFpRmgtMjRBQnIxVFppUHVqaGFNcldZMDVSTWtWQ3l6V2J6NlJLcjkzOFZvSzJMWV9GdktOUUVoZVZ3TXFVZ3g5V2pDajVLZ0ZiRkhlOXBrTjVaQW45VTFvc0w0bUxGeTJGWURUbjlCTTUwMG11VUNqeTJxODB3ZGdLREpZeUtGNFRvUG5DcEp6QQ?oc=5\" target=\"_blank\" rel=\"nofollow noopener\">Tak Lewandowski wychowuje c\u00f3rki. Ujawni\u0142. Rodzice w Polsce mog\u0105 by\u0107 zaskoczeni<\/a>&nbsp;&nbsp;Przegl\u0105d Sportowy Onet<\/li>\n<li><a href=\"https:\/\/news.google.com\/rss\/articles\/CBMirAFBVV95cUxPR1JQT3hWYkZHdml5WGZBU2IyaTJ5UUFuMkZ1d1g2Uko4YkliYV9MUlYwU2ZVa054SmlCTWhjLWRydFpvRkhhLWtiR2xvb3dBV00xZzBLaTcxUV82alZ0VmlORWlGeElaQWVCZHViU1k5RVV5YzFYTGZVcEZlVmh1c2xtU3hXSFE2LTJHZEZwZGdib3NlaEhRN0xiUnFQOGkwa3FnZ3VfUGNaamdW?oc=5\" target=\"_blank\" rel=\"nofollow noopener\">C\u00f3rki Lewandowskiego korzystaj\u0105 ze smartfon\u00f3w? Wszystko jasne<\/a>&nbsp;&nbsp;SportoweFakty<\/li>\n<li><a href=\"https:\/\/news.google.com\/rss\/articles\/CBMixgFBVV95cUxOTTk0a3IxZmNxYzc5akNnLVVwbjlxb05oclFvTjBaZ08tTW1pTmotOFN0WERNWXlQZFFkYThaMjIxRFl5Z3VIb0VRSTFreXZoRHdTTFNVUi1QMDVMcGJELU5hX3kzMUUtRURnSmlQYVlQMWh6ZWlzU2cxMFA5RlpENUFreXZyLVo0MExZXzlkY21rM0FjaUtqamhEUVdyb095T1VtMDhnSGdIa1VsX1BFaURuQzJMZVMtX2Y2eEoycUN1YVdMX1E?oc=5\" target=\"_blank\" rel=\"nofollow noopener\">Lewy szczerze o wychowaniu c\u00f3rek. Pad\u0142o mocne wyznanie<\/a>&nbsp;&nbsp;Plotek.pl<\/li>\n<li><a href=\"https:\/\/news.google.com\/rss\/articles\/CBMiqgFBVV95cUxNaFdWdEI2bjZKcnRhdi1CM0tKMkNWanJFaWJUcjdaNG9LUGtLSFQ4eE9FcHBQNnpZVzFtU2ZpWDZBN2V0TnhQcXBtV29XRGZXZVgxRFpuMDRVa1ItczFFS0RNVWtRRHVUSlVzdlpHRGlVd0NWTEVmc2hnb2ZKcF9VMnl6NVdvZGVFZWZhLUxjZ2doa21wSGNwMGxVN3pnU0F2R0Z2NThNMDNwQQ?oc=5\" target=\"_blank\" rel=\"nofollow noopener\">Lewandowskiemu \u0142amie si\u0119 g\u0142os, gdy o tym m\u00f3wi. &#8222;Szkli mi si\u0119 oko&#8221;<\/a>&nbsp;&nbsp;Sport.pl<\/li>\n<li><a href=\"https:\/\/news.google.com\/rss\/articles\/CBMivwFBVV95cUxNSHZvRFhUcDQtaWR6dFBwWGJneTNka3BKak00cFlvb3hwUFU0ME9JWmJiV0FvSkpzY1BTdlFQVmRlXzd1QXFuN2NjWnMteVZwdGd3VTA5OVp6cmp5RHhCcUpHTFJnV3hkRGRvYU1aTFFuMW9BUGNxYlBOeXFTYUctWnlnTHhJNG5OZWxNWnhrNVRlbWpoaEtRY01nMmpDMUlHakh2NFZGenNzNXRVUnhNUGFwd0hZNy1jYnJralZQTQ?oc=5\" target=\"_blank\" rel=\"nofollow noopener\">Lewandowski dosta\u0142 pytanie o ojca. Nie waha\u0142 si\u0119, prawda wysz\u0142a na jaw<\/a>&nbsp;&nbsp;Sport w INTERIA.PL<\/li>\n<\/ol>\n","protected":false},"excerpt":{"rendered":"Tak Lewandowski wychowuje c\u00f3rki. Ujawni\u0142. Rodzice w Polsce mog\u0105 by\u0107 zaskoczeni&nbsp;&nbsp;Przegl\u0105d Sportowy Onet C\u00f3rki Lewandowskiego korzystaj\u0105 ze smartfon\u00f3w?&hellip;\n","protected":false},"author":2,"featured_media":173622,"comment_status":"","ping_status":"","sticky":false,"template":"","format":"standard","meta":{"footnotes":""},"categories":[24],"tags":[304,303,67,129,42,38,40,39,41,136,128,300,47,127,126,655],"class_list":{"0":"post-173621","1":"post","2":"type-post","3":"status-publish","4":"format-standard","5":"has-post-thumbnail","7":"category-sport","8":"tag-eres","9":"tag-fc_barcelona","10":"tag-intextvideo_splayer","11":"tag-ofsajd","12":"tag-pl","13":"tag-poland","14":"tag-polish","15":"tag-polska","16":"tag-polski","17":"tag-ps_detal_new","18":"tag-psv2","19":"tag-robert_lewandowski","20":"tag-screening_general","21":"tag-sport","22":"tag-sports","23":"tag-styl_zycia_lifestyle_"},"share_on_mastodon":{"url":"https:\/\/pubeurope.com\/@pl\/115791247702105208","error":""},"_links":{"self":[{"href":"https:\/\/www.europesays.com\/pl\/wp-json\/wp\/v2\/posts\/173621","targetHints":{"allow":["GET"]}}],"collection":[{"href":"https:\/\/www.europesays.com\/pl\/wp-json\/wp\/v2\/posts"}],"about":[{"href":"https:\/\/www.europesays.com\/pl\/wp-json\/wp\/v2\/types\/post"}],"author":[{"embeddable":true,"href":"https:\/\/www.europesays.com\/pl\/wp-json\/wp\/v2\/users\/2"}],"replies":[{"embeddable":true,"href":"https:\/\/www.europesays.com\/pl\/wp-json\/wp\/v2\/comments?post=173621"}],"version-history":[{"count":0,"href":"https:\/\/www.europesays.com\/pl\/wp-json\/wp\/v2\/posts\/173621\/revisions"}],"wp:featuredmedia":[{"embeddable":true,"href":"https:\/\/www.europesays.com\/pl\/wp-json\/wp\/v2\/media\/173622"}],"wp:attachment":[{"href":"https:\/\/www.europesays.com\/pl\/wp-json\/wp\/v2\/media?parent=173621"}],"wp:term":[{"taxonomy":"category","embeddable":true,"href":"https:\/\/www.europesays.com\/pl\/wp-json\/wp\/v2\/categories?post=173621"},{"taxonomy":"post_tag","embeddable":true,"href":"https:\/\/www.europesays.com\/pl\/wp-json\/wp\/v2\/tags?post=173621"}],"curies":[{"name":"wp","href":"https:\/\/api.w.org\/{rel}","templated":true}]}}