{"id":173623,"date":"2025-12-27T11:16:08","date_gmt":"2025-12-27T11:16:08","guid":{"rendered":"https:\/\/www.europesays.com\/pl\/173623\/"},"modified":"2025-12-27T11:16:08","modified_gmt":"2025-12-27T11:16:08","slug":"wyprasowana-izabela-macudzinska-jest-nie-do-poznania-w-brazowej-peruce-duzo-lepiej-niz-w-blondzie-foto","status":"publish","type":"post","link":"https:\/\/www.europesays.com\/pl\/173623\/","title":{"rendered":"Wyprasowana Izabela Macudzi\u0144ska jest nie do poznania w br\u0105zowej peruce. &#8222;DU\u017bO LEPIEJ ni\u017c w blondzie&#8221; (FOTO)"},"content":{"rendered":"<p>Izabela Macudzi\u0144ska niejednokrotnie udowodni\u0142a, \u017ce nie boi si\u0119 eksperymentowa\u0107, je\u015bli chodzi o\u00a0sw\u00f3j wizerunek. Ostatnimi czasy gwie\u017adzie &#8222;Kr\u00f3lowych \u017cycia&#8221; i\u00a0&#8222;Diabelnie boskich&#8221; zamarzy\u0142 si\u0119 nieco bardziej naturalny &#8222;look&#8221;, w\u00a0zwi\u0105zku z\u00a0czym pozby\u0142a si\u0119 kwasu w\u00a0ustach oraz doczep\u00f3w, stawiaj\u0105c na kr\u00f3tkiego boba.<\/p>\n<p>W jednej kwestii Macudzi\u0144ska od lat by\u0142a jednak konsekwentna. Fryzura celebrytki wiele razy zmienia\u0142a d\u0142ugo\u015b\u0107, jednak zawsze by\u0142y to odcienie jasnego blondu. Ostatnio 41-latka zacz\u0119\u0142a powoli odchodzi\u0107 od platyny. P\u00f3ki co jednak woli posi\u0142kowa\u0107 si\u0119 perukami.<\/p>\n<p>Izabela z\u00a0&#8222;Kr\u00f3lowych \u017cycia&#8221; o\u00a0poprawianiu urody: &#8222;Zgadzam si\u0119 ze\u00a0stwierdzeniem, \u017ce nie ma\u00a0ludzi brzydkich. S\u0105 tylko biedni&#8221; <\/p>\n<p>Leniuchuj\u0105c z\u00a0rodzin\u0105 w\u00a0domu podczas \u015bwi\u0105t Macudzi\u0144ska postanowi\u0142a raz zaszale\u0107 ze swoim wizerunkiem i\u00a0zaprezentowa\u0107 si\u0119 instagramowej &#8222;publiczno\u015bci&#8221; w\u00a0wydaniu, kt\u00f3rego jej fani jeszcze nie widzieli. Gwiazda trzeciego sezonu &#8222;Kr\u00f3lowej przetrwania&#8221; pochwali\u0142a si\u0119 metamorfoz\u0105, ukazuj\u0105c si\u0119 jako brunetka. <\/p>\n<p>Co powiecie na br\u0105z. Taki prezencik \u015bwi\u0105teczny od Laluny &#8211;\u00a0pochwali\u0142a si\u0119 Iza.<\/p>\n<p>Ciemny kolor na g\u0142owie celebrytki bardzo przypad\u0142 do gustu jej licznym fankom, na co wskazywa\u0142y mno\u017c\u0105ce si\u0119 pod zdj\u0119ciami jak grzyby po deszczu komplementy. <\/p>\n<p>Wooow \u015blicznie; Du\u017co lepiej ni\u017c w\u00a0blondzie; Wygl\u0105dasz jak nastolatka &#8211;\u00a0chwalili j\u0105 interauci.<\/p>\n","protected":false},"excerpt":{"rendered":"Izabela Macudzi\u0144ska niejednokrotnie udowodni\u0142a, \u017ce nie boi si\u0119 eksperymentowa\u0107, je\u015bli chodzi o\u00a0sw\u00f3j wizerunek. Ostatnimi czasy gwie\u017adzie &#8222;Kr\u00f3lowych \u017cycia&#8221;&hellip;\n","protected":false},"author":2,"featured_media":173624,"comment_status":"","ping_status":"","sticky":false,"template":"","format":"standard","meta":{"footnotes":""},"categories":[22],"tags":[122,42,38,40,39,41,123],"class_list":{"0":"post-173623","1":"post","2":"type-post","3":"status-publish","4":"format-standard","5":"has-post-thumbnail","7":"category-rozrywka","8":"tag-entertainment","9":"tag-pl","10":"tag-poland","11":"tag-polish","12":"tag-polska","13":"tag-polski","14":"tag-rozrywka"},"share_on_mastodon":{"url":"https:\/\/pubeurope.com\/@pl\/115791251555729081","error":""},"_links":{"self":[{"href":"https:\/\/www.europesays.com\/pl\/wp-json\/wp\/v2\/posts\/173623","targetHints":{"allow":["GET"]}}],"collection":[{"href":"https:\/\/www.europesays.com\/pl\/wp-json\/wp\/v2\/posts"}],"about":[{"href":"https:\/\/www.europesays.com\/pl\/wp-json\/wp\/v2\/types\/post"}],"author":[{"embeddable":true,"href":"https:\/\/www.europesays.com\/pl\/wp-json\/wp\/v2\/users\/2"}],"replies":[{"embeddable":true,"href":"https:\/\/www.europesays.com\/pl\/wp-json\/wp\/v2\/comments?post=173623"}],"version-history":[{"count":0,"href":"https:\/\/www.europesays.com\/pl\/wp-json\/wp\/v2\/posts\/173623\/revisions"}],"wp:featuredmedia":[{"embeddable":true,"href":"https:\/\/www.europesays.com\/pl\/wp-json\/wp\/v2\/media\/173624"}],"wp:attachment":[{"href":"https:\/\/www.europesays.com\/pl\/wp-json\/wp\/v2\/media?parent=173623"}],"wp:term":[{"taxonomy":"category","embeddable":true,"href":"https:\/\/www.europesays.com\/pl\/wp-json\/wp\/v2\/categories?post=173623"},{"taxonomy":"post_tag","embeddable":true,"href":"https:\/\/www.europesays.com\/pl\/wp-json\/wp\/v2\/tags?post=173623"}],"curies":[{"name":"wp","href":"https:\/\/api.w.org\/{rel}","templated":true}]}}