{"id":173656,"date":"2025-12-27T11:37:12","date_gmt":"2025-12-27T11:37:12","guid":{"rendered":"https:\/\/www.europesays.com\/pl\/173656\/"},"modified":"2025-12-27T11:37:12","modified_gmt":"2025-12-27T11:37:12","slug":"to-bedzie-ostatecznosc-tworca-avatara-ma-zaskakujacy-plan","status":"publish","type":"post","link":"https:\/\/www.europesays.com\/pl\/173656\/","title":{"rendered":"To b\u0119dzie ostateczno\u015b\u0107. Tw\u00f3rca &#8222;Avatara&#8221; ma zaskakuj\u0105cy plan"},"content":{"rendered":"<p>&#8222;Avatar&#8221; to projekt \u017cycia Jamesa Camerona. Utytu\u0142owany re\u017cyser po\u015bwi\u0119ci\u0142 niemal dwie dekady \u017cycia filmom o\u00a0\u015bwiecie Pandory i\u00a0jego niebieskosk\u00f3rych mieszka\u0144cach, Na&#8217;vi. Ka\u017cda z\u00a0produkcji by\u0142a fenomenem finansowym i\u00a0technologicznym, wywo\u0142uj\u0105c emocje w\u015br\u00f3d mi\u0142o\u015bnik\u00f3w kina na ca\u0142ym \u015bwiecie. Najnowsza ods\u0142ona cyklu, zatytu\u0142owana <a href=\"https:\/\/film.wp.pl\/pandora-w-plomieniach-avatar-ogien-i-popiol-w-emocjonalnym-zenicie-recenzja-7233027567127456a\" rel=\"noopener noreferrer nofollow\" target=\"_blank\">&#8222;Avatar: Ogie\u0144 i\u00a0popi\u00f3\u0142&#8221;<\/a>, trafi\u0142a do kin 19 grudnia.<\/p>\n<p>Cameron zaplanowa\u0142 pi\u0119\u0107 film\u00f3w z\u00a0serii &#8222;Avatar&#8221;. Nie oznacza to jednak, \u017ce tyle tytu\u0142\u00f3w ujrzy \u015bwiat\u0142o dzienne. Kontynuacja cyklu jest uzale\u017cniona od sukcesu finansowego filmu &#8222;Avatar: Ogie\u0144 i\u00a0popi\u00f3\u0142&#8221;. Co stanie si\u0119, je\u015bli widowisko poradzi sobie poni\u017cej oczekiwa\u0144? Cameron przygotowa\u0142 plan awaryjny na wypadek, gdyby trzeci film o\u00a0Pandorze mia\u0142 by\u0107 ostatnim z\u00a0serii.<\/p>\n<p>&#8222;Odyseja&#8221; &#8211;\u00a0monumentalne widowisko. Oto zwiastun <\/p>\n<p><a href=\"https:\/\/film.wp.pl\/james-cameron-temat-5846881672237441\" rel=\"noopener noreferrer nofollow\" target=\"_blank\">Cameron<\/a> w\u00a0rozmowie z\u00a0serwisem &#8222;Entertainment Weekly&#8221; powiedzia\u0142, \u017ce je\u015bli czwarta i\u00a0pi\u0105ta cz\u0119\u015b\u0107 &#8222;Avatara&#8221; nie powstan\u0105, to zorganizuje konferencj\u0119 prasow\u0105. Opowie w\u00f3wczas, jak zaplanowa\u0142 poprowadzenie niezrealizowanych w\u0105tk\u00f3w, w\u0142\u0105cznie z\u00a0zako\u0144czeniem ca\u0142ej serii.<\/p>\n<p>&#8211; Nie wiem, czy saga b\u0119dzie kontynuowana. Mam nadziej\u0119, \u017ce tak. Ale wiecie, za ka\u017cdym razem musimy dowodzi\u0107, \u017ce to przedsi\u0119wzi\u0119cie jest op\u0142acalne. Je\u015bli z\u00a0jakiego\u015b powodu nie uda nam si\u0119 nakr\u0119ci\u0107 4. i\u00a05. cz\u0119\u015bci, zwo\u0142am konferencj\u0119 prasow\u0105 i\u00a0opowiem wam, co planowali\u015bmy. Mo\u017ce by\u0107? &#8211;\u00a0powiedzia\u0142 re\u017cyser. <\/p>\n<p>Cameron wspomnia\u0142, \u017ce jego innym pomys\u0142em jest opublikowanie w\u00a0formie ksi\u0105\u017ckowej scenariuszy do &#8222;Avatara 4&#8221; i\u00a0&#8222;Avatara 5&#8221;. &#8211;\u00a0Opracowali\u015bmy tak wiele element\u00f3w kultury, historii i\u00a0pobocznych detali. Chcia\u0142bym stworzy\u0107 co\u015b, co odda\u0142oby ten poziom szczeg\u00f3\u0142owo\u015bci &#8211;\u00a0powiedzia\u0142 tw\u00f3rca.<\/p>\n<p>Dwa filmy z\u00a0serii &#8222;Avatar&#8221; to jedne z\u00a0najbardziej dochodowych widowisk w\u00a0historii <a href=\"https:\/\/film.wp.pl\/kino-temat-5984465933329537\" rel=\"noopener noreferrer nofollow\" target=\"_blank\">kina<\/a>, kt\u00f3re przekroczy\u0142y barier\u0119 2\u00a0mld dol. na ca\u0142ym \u015bwiecie. Najnowsza ods\u0142ona serii te\u017c radzi sobie bardzo dobrze &#8211;\u00a0film przebi\u0142 poziom 500 mln dol. wp\u0142yw\u00f3w na ca\u0142ym \u015bwiecie po tygodniu wy\u015bwietlania w\u00a0kinach.<\/p>\n","protected":false},"excerpt":{"rendered":"&#8222;Avatar&#8221; to projekt \u017cycia Jamesa Camerona. Utytu\u0142owany re\u017cyser po\u015bwi\u0119ci\u0142 niemal dwie dekady \u017cycia filmom o\u00a0\u015bwiecie Pandory i\u00a0jego niebieskosk\u00f3rych&hellip;\n","protected":false},"author":2,"featured_media":173657,"comment_status":"","ping_status":"","sticky":false,"template":"","format":"standard","meta":{"footnotes":""},"categories":[22],"tags":[122,42,38,40,39,41,123],"class_list":{"0":"post-173656","1":"post","2":"type-post","3":"status-publish","4":"format-standard","5":"has-post-thumbnail","7":"category-rozrywka","8":"tag-entertainment","9":"tag-pl","10":"tag-poland","11":"tag-polish","12":"tag-polska","13":"tag-polski","14":"tag-rozrywka"},"share_on_mastodon":{"url":"https:\/\/pubeurope.com\/@pl\/115791334160401567","error":""},"_links":{"self":[{"href":"https:\/\/www.europesays.com\/pl\/wp-json\/wp\/v2\/posts\/173656","targetHints":{"allow":["GET"]}}],"collection":[{"href":"https:\/\/www.europesays.com\/pl\/wp-json\/wp\/v2\/posts"}],"about":[{"href":"https:\/\/www.europesays.com\/pl\/wp-json\/wp\/v2\/types\/post"}],"author":[{"embeddable":true,"href":"https:\/\/www.europesays.com\/pl\/wp-json\/wp\/v2\/users\/2"}],"replies":[{"embeddable":true,"href":"https:\/\/www.europesays.com\/pl\/wp-json\/wp\/v2\/comments?post=173656"}],"version-history":[{"count":0,"href":"https:\/\/www.europesays.com\/pl\/wp-json\/wp\/v2\/posts\/173656\/revisions"}],"wp:featuredmedia":[{"embeddable":true,"href":"https:\/\/www.europesays.com\/pl\/wp-json\/wp\/v2\/media\/173657"}],"wp:attachment":[{"href":"https:\/\/www.europesays.com\/pl\/wp-json\/wp\/v2\/media?parent=173656"}],"wp:term":[{"taxonomy":"category","embeddable":true,"href":"https:\/\/www.europesays.com\/pl\/wp-json\/wp\/v2\/categories?post=173656"},{"taxonomy":"post_tag","embeddable":true,"href":"https:\/\/www.europesays.com\/pl\/wp-json\/wp\/v2\/tags?post=173656"}],"curies":[{"name":"wp","href":"https:\/\/api.w.org\/{rel}","templated":true}]}}