{"id":173678,"date":"2025-12-27T11:51:10","date_gmt":"2025-12-27T11:51:10","guid":{"rendered":"https:\/\/www.europesays.com\/pl\/173678\/"},"modified":"2025-12-27T11:51:10","modified_gmt":"2025-12-27T11:51:10","slug":"oliwia-bieniuk-wspomina-anne-przybylska-w-dniu-jej-urodzin","status":"publish","type":"post","link":"https:\/\/www.europesays.com\/pl\/173678\/","title":{"rendered":"Oliwia Bieniuk wspomina Ann\u0119 Przybylsk\u0105 w dniu jej urodzin"},"content":{"rendered":"<p class=\"typography ids-typeset-body ids-typeset-body--preset-large link paragraph ids-paragraph ids-paragraph--default\"><a href=\"https:\/\/www.pomponik.pl\/gwiazdy-i-produkcje-anna-przybylska,gsbi,128\" target=\"_blank\" rel=\"nofollow noopener\">Anna Przybylska<\/a> prze\u017cy\u0142a zaledwie 36 lat, jednak swoim \u017cyciorysem mog\u0142aby obdzieli\u0107 kilka os\u00f3b. M\u0142odo wysz\u0142a za m\u0105\u017c i rozwiod\u0142a si\u0119 zaledwie kilka miesi\u0119cy p\u00f3\u017aniej.<\/p>\n<p>Anna Przybylska zrazi\u0142a si\u0119 do ma\u0142\u017ce\u0144stwa<\/p>\n<p class=\"typography ids-typeset-body ids-typeset-body--preset-large link paragraph ids-paragraph ids-paragraph--default\">Z drugim ukochanym, <a href=\"https:\/\/www.pomponik.pl\/gwiazdy-i-produkcje-jaroslaw-bieniuk,gsbi,428\" target=\"_blank\" rel=\"nofollow noopener\">Jaros\u0142awem Bieniukiem<\/a>\u00a0nie zdecydowa\u0142a si\u0119 na \u015blub, jednak okre\u015bla\u0142a go mianem m\u0119\u017ca i, jak podkre\u015blali jej bliscy, bardzo powa\u017cnie traktowa\u0142a ich zwi\u0105zek.<\/p>\n<p class=\"typography ids-typeset-body ids-typeset-body--preset-large link paragraph ids-paragraph ids-paragraph--default\">Gdy Bieniuk podpisa\u0142 kontrakt z tureckim klubem pi\u0142karskim, zaryzykowa\u0142a swoj\u0105 karier\u0105 i przeprowadzi\u0142a si\u0119 wraz z dzie\u0107mi do Antalyi.\u00a0Przez wiele lat godzi\u0142a karier\u0119 aktorsk\u0105 z \u017cyciem rodzinnym i wychowaniem dwojga, a potem trojga dzieci.<\/p>\n<p>Powsta\u0142 film biograficzny o Annie Przybylskiej<\/p>\n<p class=\"typography ids-typeset-body ids-typeset-body--preset-large link paragraph ids-paragraph ids-paragraph--default\">Trzy lata temu powsta\u0142 film, zatytu\u0142owany prosto i przejmuj\u0105co: &#8222;Ania&#8221;. Na potrzeby filmu swoimi osobistymi wspomnieniami podzielili si\u0119 bliscy przyjaciele i wsp\u00f3\u0142pracownicy aktorki.<\/p>\n<p class=\"typography ids-typeset-body ids-typeset-body--preset-large link paragraph ids-paragraph ids-paragraph--default\">Znalaz\u0142y si\u0119 tam wypowiedzi <a href=\"https:\/\/www.pomponik.pl\/tagi-pawel-wawrzecki,tId,136089\" target=\"_blank\" rel=\"nofollow noopener\">Paw\u0142a Wawrzeckiego<\/a>, kt\u00f3ry zaprzyja\u017ani\u0142 si\u0119 z Przybylsk\u0105 na planie &#8222;Daleko od noszy&#8221;, <a href=\"https:\/\/www.pomponik.pl\/gwiazdy-i-produkcje-cezary-pazura,gsbi,823\" target=\"_blank\" rel=\"nofollow noopener\">Cezarego Pazury,<\/a> z kt\u00f3rym zagra\u0142a w &#8222;Karierze Nikosia Dyzmy&#8221; i wieloletniej przyjaci\u00f3\u0142ki, <a href=\"https:\/\/www.pomponik.pl\/tagi-katarzyna-bujakiewicz,tId,137578\" target=\"_blank\" rel=\"nofollow noopener\">Katarzyny Bujakiewicz<\/a>.<\/p>\n<p class=\"typography ids-typeset-body ids-typeset-body--preset-large link paragraph ids-paragraph ids-paragraph--default\">Swoj\u0105 ostatni\u0105 rozmow\u0119 z Przybylsk\u0105 wspomina\u0142 w filmie <a href=\"https:\/\/www.pomponik.pl\/gwiazdy-i-produkcje-andrzej-piaseczny,gsbi,588\" target=\"_blank\" rel=\"nofollow noopener\">Andrzej Piaseczny<\/a>, kt\u00f3ry przyja\u017ani\u0142 si\u0119 od 1998 roku, gdy poznali si\u0119 na planie &#8222;Z\u0142otopolskich&#8221;, a <a href=\"https:\/\/www.pomponik.pl\/gwiazdy-i-produkcje-agustin-egurrola,gsbi,233\" target=\"_blank\" rel=\"nofollow noopener\">Agustin Egurrola<\/a> wyzna\u0142, \u017ce ju\u017c sam nie pami\u0119ta, jak wiele razy namawia\u0142 Przybylsk\u0105 na udzia\u0142 w<a href=\"https:\/\/www.pomponik.pl\/gwiazdy-i-produkcje-taniec-z-gwiazdami,gsbi,69\" target=\"_blank\" rel=\"nofollow noopener\">\u00a0&#8222;Ta\u0144cu z gwiazdami&#8221;.<\/a> Jak potem wyzna\u0142 na Instagramie, dopiero po projekcji filmu zrozumia\u0142, dlaczego odmawia\u0142a:<\/p>\n<p class=\"typography ids-typeset-body ids-typeset-body--preset-large link paragraph ids-paragraph ids-paragraph--default\">&#8222;M\u00f3wi\u0142a, \u017ce nie ma na to przestrzeni. Po obejrzeniu tego filmu sta\u0142o si\u0119 to oczywiste&#8221;.<\/p>\n<p>Anna Przybylska: \u017cy\u0142a dla rodziny<\/p>\n<p class=\"typography ids-typeset-body ids-typeset-body--preset-large link paragraph ids-paragraph ids-paragraph--default\">Dla Przybylskiej zawsze najwa\u017cniejsza by\u0142a rodzina. Jak wspomina\u0142a Katarzyna Bujakiewicz: &#8222;dom musia\u0142 pachnie\u0107 obiadem&#8221;.<\/p>\n<p class=\"typography ids-typeset-body ids-typeset-body--preset-large link paragraph ids-paragraph ids-paragraph--default\">Dzieci aktorki, zw\u0142aszcza najstarsza, <a href=\"https:\/\/www.pomponik.pl\/gwiazdy-i-produkcje-oliwia-bieniuk,gsbi,458\" target=\"_blank\" rel=\"nofollow noopener\">Oliwia Bieniuk<\/a>, kt\u00f3ra sp\u0119dzi\u0142a z mam\u0105 najwi\u0119cej czasu, lubi\u0105 wspomina\u0107, jak cudowne dzieci\u0144stwo im zapewni\u0142a.<\/p>\n<p class=\"typography ids-typeset-body ids-typeset-body--preset-large link paragraph ids-paragraph ids-paragraph--default\">Z okazji przypadaj\u0105cych 26 grudnia urodzin aktorki c\u00f3rka zamie\u015bci\u0142a na Instastories zdj\u0119cie z rodzinnego albumu. Przedstawia j\u0105 i brata tul\u0105cych si\u0119 do mamy na tle hotelowego basenu. Nie zdecydowa\u0142a si\u0119 na \u017caden komentarz, po prostu zamie\u015bci\u0142a szare serduszko.<\/p>\n<p class=\"typography ids-typeset-body ids-typeset-body--preset-large link paragraph ids-paragraph ids-paragraph--default\">Zobacz te\u017c:<\/p>\n<p class=\"typography ids-typeset-body ids-typeset-body--preset-large link paragraph ids-paragraph ids-paragraph--default\"><a href=\"https:\/\/www.pomponik.pl\/plotki\/news-nagle-oliwii-bieniuk-puscily-nerwy-i-wyznala-o-rodzicach-sly,nId,22450784\" target=\"_blank\" rel=\"nofollow noopener\">Nagle Oliwii Bieniuk pu\u015bci\u0142y nerwy i wyzna\u0142a o rodzicach. &#8222;S\u0142ysza\u0142am to ju\u017c tyle razy&#8221;<\/a><\/p>\n<p class=\"typography ids-typeset-body ids-typeset-body--preset-large link paragraph ids-paragraph ids-paragraph--default\"><a href=\"https:\/\/www.pomponik.pl\/gwiazdy-telewizji\/news-nerwowo-u-corki-przybylskiej-oliwia-musiala-podjac-zdecydowa,nId,8030880\" target=\"_blank\" rel=\"nofollow noopener\">Nerwowo u c\u00f3rki Przybylskiej. Oliwia musia\u0142a podj\u0105\u0107 zdecydowane kroki<\/a><\/p>\n<p class=\"typography ids-typeset-body ids-typeset-body--preset-large link paragraph ids-paragraph ids-paragraph--default\"><a href=\"https:\/\/www.pomponik.pl\/plotki\/news-radosna-oliwia-bieniuk-oficjalnie-potwierdzila-doniesienia-t,nId,8029389\" target=\"_blank\" rel=\"nofollow noopener\">Radosna Oliwia Bieniuk oficjalnie potwierdzi\u0142a doniesienia. To musia\u0142o si\u0119 tak sko\u0144czy\u0107<\/a><\/p>\n<p>Ewa Chodakowska o relacji z Lewandowsk\u0105. Co my\u015bli o diecie gwiazd?pomponik.pl<\/p>\n","protected":false},"excerpt":{"rendered":"Anna Przybylska prze\u017cy\u0142a zaledwie 36 lat, jednak swoim \u017cyciorysem mog\u0142aby obdzieli\u0107 kilka os\u00f3b. M\u0142odo wysz\u0142a za m\u0105\u017c i&hellip;\n","protected":false},"author":2,"featured_media":173679,"comment_status":"","ping_status":"","sticky":false,"template":"","format":"standard","meta":{"footnotes":""},"categories":[22],"tags":[122,42,38,40,39,41,123],"class_list":{"0":"post-173678","1":"post","2":"type-post","3":"status-publish","4":"format-standard","5":"has-post-thumbnail","7":"category-rozrywka","8":"tag-entertainment","9":"tag-pl","10":"tag-poland","11":"tag-polish","12":"tag-polska","13":"tag-polski","14":"tag-rozrywka"},"share_on_mastodon":{"url":"https:\/\/pubeurope.com\/@pl\/115791389212778122","error":""},"_links":{"self":[{"href":"https:\/\/www.europesays.com\/pl\/wp-json\/wp\/v2\/posts\/173678","targetHints":{"allow":["GET"]}}],"collection":[{"href":"https:\/\/www.europesays.com\/pl\/wp-json\/wp\/v2\/posts"}],"about":[{"href":"https:\/\/www.europesays.com\/pl\/wp-json\/wp\/v2\/types\/post"}],"author":[{"embeddable":true,"href":"https:\/\/www.europesays.com\/pl\/wp-json\/wp\/v2\/users\/2"}],"replies":[{"embeddable":true,"href":"https:\/\/www.europesays.com\/pl\/wp-json\/wp\/v2\/comments?post=173678"}],"version-history":[{"count":0,"href":"https:\/\/www.europesays.com\/pl\/wp-json\/wp\/v2\/posts\/173678\/revisions"}],"wp:featuredmedia":[{"embeddable":true,"href":"https:\/\/www.europesays.com\/pl\/wp-json\/wp\/v2\/media\/173679"}],"wp:attachment":[{"href":"https:\/\/www.europesays.com\/pl\/wp-json\/wp\/v2\/media?parent=173678"}],"wp:term":[{"taxonomy":"category","embeddable":true,"href":"https:\/\/www.europesays.com\/pl\/wp-json\/wp\/v2\/categories?post=173678"},{"taxonomy":"post_tag","embeddable":true,"href":"https:\/\/www.europesays.com\/pl\/wp-json\/wp\/v2\/tags?post=173678"}],"curies":[{"name":"wp","href":"https:\/\/api.w.org\/{rel}","templated":true}]}}