{"id":173731,"date":"2025-12-27T12:26:08","date_gmt":"2025-12-27T12:26:08","guid":{"rendered":"https:\/\/www.europesays.com\/pl\/173731\/"},"modified":"2025-12-27T12:26:08","modified_gmt":"2025-12-27T12:26:08","slug":"wyda%c2%b3o-sie-jak-agnieszka-chylinska-zachowa%c2%b3a-sie-po-wyj%c2%b6ciu-ze-studia-tvn-szok","status":"publish","type":"post","link":"https:\/\/www.europesays.com\/pl\/173731\/","title":{"rendered":"Wyda\u00b3o si\u00ea, jak Agnieszka Chyli\u00f1ska zachowa\u00b3a si\u00ea po wyj\u00b6ciu ze studia TVN. Szok"},"content":{"rendered":"<p class=\"art_paragraph\"><a href=\"https:\/\/www.plotek.pl\/agnieszka-chylinska\" class=\"art_link\" rel=\"nofollow noopener\" target=\"_blank\">Agnieszka Chyli\u0144ska<\/a> pojawi\u0142a si\u0119 w programie &#8222;Autentyczny&#8221;. To wyj\u0105tkowy format TVN-u, w kt\u00f3rym\u00a0osoby w spektrum autyzmu wcielaj\u0105 si\u0119 w rol\u0119 dziennikarzy i maj\u0105 okazj\u0119 przeprowadzi\u0107 wywiady z <a href=\"https:\/\/www.plotek.pl\/plotek\/0,0.html#anchorLink\" rel=\"nofollow noopener\" target=\"_blank\">gwiazdami<\/a>. Odcinek z udzia\u0142em piosenkarki wyemitowano 25 grudnia. Ujawniono, co si\u0119 dzia\u0142o za kulisami, gdy\u00a0wokalistka opu\u015bci\u0142a studio stacji.\u00a0<\/p>\n<p>\n    Zobacz wideo Jak rozpozna\u0107, \u017ce dziecko ma autyzm? &#8222;Uk\u0142adanie samochodzik\u00f3w w rz\u0119dzie, machanie r\u0105czkami&#8221;\n  <\/p>\n<p> Agnieszka Chyli\u0144ska zdoby\u0142a si\u0119 na wyj\u0105tkowy gest. To zrobi\u0142a po nagraniu &#8222;Autentycznych&#8221;<\/p>\n<p class=\"art_paragraph\">Na facebookowym profilu Fundacja REPI &#8211; Fundacja Rozwoju Edukacji, Pracy, Integracji pojawi\u0142 si\u0119 wpis, w kt\u00f3rym opisano, jak <a href=\"https:\/\/www.plotek.pl\/agnieszka-chylinska#anchorLink\" rel=\"nofollow noopener\" target=\"_blank\">Chyli\u00f1ska<\/a> zachowa\u0142a si\u0119 po nagraniu programu &#8222;Autentyczni&#8221;. Okazuje si\u0119, \u017ce piosenkarka\u00a0podesz\u0142a do pana Edwarda Lusztyna, kt\u00f3ry by\u0142 jednym z uczestnik\u00f3w formatu\u00a0z wokalistk\u0105 . &#8222;Zapyta\u0142a, dlaczego jest smutny. Pan Edward powiedzia\u0142, \u017ce nie zd\u0105\u017cy\u0142 zada\u0107 ani jednego pytania&#8221; &#8211; czytamy w po\u015bcie. &#8222;<a href=\"https:\/\/www.plotek.pl\/agnieszka-chylinska#anchorLink\" rel=\"nofollow noopener\" target=\"_blank\">Agnieszka Chyli\u00f1ska<\/a> kucn\u0119\u0142a obok niego i powiedzia\u0142a, \u017ce jest dla niego. Poprosi\u0142a o kartk\u0119 z pytaniami, przeczyta\u0142a je, pochwali\u0142a i zapyta\u0142a, czy sam je przygotowa\u0142. Odpowiedzia\u0142, \u017ce tak. Po\u015bwi\u0119ci\u0142a Panu Edwardowi tyle czasu, ile potrzebowa\u0142. Odpowiedzia\u0142a na wszystkie pytania. Bez po\u015bpiechu. Bez kamer&#8221; &#8211; relacjonowano. &#8222;Dla nas to w\u0142a\u015bnie jest sens programu 'Autentyczni&#8217;. Uwa\u017cno\u015b\u0107. Relacja. Prawdziwe spotkanie cz\u0142owieka z cz\u0142owiekiem&#8221; &#8211; podkre\u015blono.\u00a0<\/p>\n<p class=\"art_paragraph\">Internauci nie kryli poruszenia gestem wokalistki. &#8222;Agnieszka super, bezkonkurencyjna. Kobieta wra\u017cliwa&#8221;, &#8222;Aga to autentyczny, wspania\u0142y cz\u0142owiek o ogromnym serduchu&#8221;, &#8222;Bo trafi\u0142 na cz\u0142owieka z dusz\u0105, a taka jest Agnieszka Chyli\u0144ska&#8221;, &#8222;No i to jest osoba autentyczna, a przy tym uwa\u017cna&#8221; &#8211; pisali w komentarzach pod postem.\u00a0<\/p>\n<p> Agnieszka Chyli\u0144ska o wychowaniu syna w spektrum autyzmu. Mog\u0142a liczy\u0107 na pomoc bliskich\u00a0<\/p>\n<p class=\"art_paragraph\">W programie wokalistka poruszy\u0142a temat wychowania syna. To w\u0142a\u015bnie po jego narodzinach\u00a0kwesti\u0119 \u017cycia w spektrum autyzmu pozna\u0142a od podszewki. Chyli\u0144ska podkre\u015bli\u0142a, \u017ce od pocz\u0105tku mog\u0142a liczy\u0107 na wsparcie najbli\u017cszych os\u00f3b. Nie chcia\u0142a prosi\u0107 nikogo o pomoc. W programie zaapelowa\u0142a do innych rodzic\u00f3w, aby nie pope\u0142niali tego samego b\u0142\u0119du. &#8211; Ja mia\u0142am to szcz\u0119\u015bcie, \u017ce mia\u0142am wsparcie &#8211; i mojej mamy, i te\u015bciowej. Nie chcia\u0142am z niej korzysta\u0107, bo nie chcia\u0142am potem, \u017ceby kto\u015b powiedzia\u0142: &#8222;no wiesz, to dzi\u0119ki mnie&#8221;. Wi\u0119c si\u0119 umordowa\u0142am &#8211; przyzna\u0142a. Wi\u0119cej dowiecie si\u0119 tutaj: <a href=\"https:\/\/www.plotek.pl\/plotek\/7,111485,32492871,agnieszka-chylinska-o-wychowywaniu-dziecka-w-spektrum-pytalam.html\" class=\"art_link\" rel=\"dofollow noopener\" target=\"_blank\">Agnieszka Chyli\u0144ska o wychowywaniu dziecka w spektrum. &#8222;Pyta\u0142am, dlaczego ja?&#8221;<\/a><\/p>\n","protected":false},"excerpt":{"rendered":"Agnieszka Chyli\u0144ska pojawi\u0142a si\u0119 w programie &#8222;Autentyczny&#8221;. To wyj\u0105tkowy format TVN-u, w kt\u00f3rym\u00a0osoby w spektrum autyzmu wcielaj\u0105 si\u0119&hellip;\n","protected":false},"author":2,"featured_media":173732,"comment_status":"","ping_status":"","sticky":false,"template":"","format":"standard","meta":{"footnotes":""},"categories":[22],"tags":[122,42,38,40,39,41,123],"class_list":{"0":"post-173731","1":"post","2":"type-post","3":"status-publish","4":"format-standard","5":"has-post-thumbnail","7":"category-rozrywka","8":"tag-entertainment","9":"tag-pl","10":"tag-poland","11":"tag-polish","12":"tag-polska","13":"tag-polski","14":"tag-rozrywka"},"share_on_mastodon":{"url":"https:\/\/pubeurope.com\/@pl\/115791526967188881","error":""},"_links":{"self":[{"href":"https:\/\/www.europesays.com\/pl\/wp-json\/wp\/v2\/posts\/173731","targetHints":{"allow":["GET"]}}],"collection":[{"href":"https:\/\/www.europesays.com\/pl\/wp-json\/wp\/v2\/posts"}],"about":[{"href":"https:\/\/www.europesays.com\/pl\/wp-json\/wp\/v2\/types\/post"}],"author":[{"embeddable":true,"href":"https:\/\/www.europesays.com\/pl\/wp-json\/wp\/v2\/users\/2"}],"replies":[{"embeddable":true,"href":"https:\/\/www.europesays.com\/pl\/wp-json\/wp\/v2\/comments?post=173731"}],"version-history":[{"count":0,"href":"https:\/\/www.europesays.com\/pl\/wp-json\/wp\/v2\/posts\/173731\/revisions"}],"wp:featuredmedia":[{"embeddable":true,"href":"https:\/\/www.europesays.com\/pl\/wp-json\/wp\/v2\/media\/173732"}],"wp:attachment":[{"href":"https:\/\/www.europesays.com\/pl\/wp-json\/wp\/v2\/media?parent=173731"}],"wp:term":[{"taxonomy":"category","embeddable":true,"href":"https:\/\/www.europesays.com\/pl\/wp-json\/wp\/v2\/categories?post=173731"},{"taxonomy":"post_tag","embeddable":true,"href":"https:\/\/www.europesays.com\/pl\/wp-json\/wp\/v2\/tags?post=173731"}],"curies":[{"name":"wp","href":"https:\/\/api.w.org\/{rel}","templated":true}]}}