{"id":173745,"date":"2025-12-27T12:33:08","date_gmt":"2025-12-27T12:33:08","guid":{"rendered":"https:\/\/www.europesays.com\/pl\/173745\/"},"modified":"2025-12-27T12:33:08","modified_gmt":"2025-12-27T12:33:08","slug":"nieziemska-przemiana-nicolas-cage-wcieli-sie-w-role-legendy","status":"publish","type":"post","link":"https:\/\/www.europesays.com\/pl\/173745\/","title":{"rendered":"Nieziemska przemiana. Nicolas Cage wcieli si\u0119 w rol\u0119 legendy"},"content":{"rendered":"<p>Nicolas Cage do\u0142\u0105czy do swojego aktorskiego portfolio kolejn\u0105 nietypow\u0105 rol\u0119. Znany z\u00a0wielu ikonicznych kreacji gwiazdor wcieli si\u0119 w\u00a0Johna Maddena, legendarnego trenera futbolu ameryka\u0144skiego. Platforma streamingowa <a href=\"https:\/\/film.wp.pl\/amazon-prime-video-temat-6069110270510209\" rel=\"noopener noreferrer nofollow\" target=\"_blank\">Prime Video<\/a> opublikowa\u0142a zwiastun filmu &#8222;Madden&#8221;, w\u00a0kt\u00f3rym mo\u017cemy podziwia\u0107 aktora w\u00a0nowej charakteryzacji.<\/p>\n<p>Film w\u00a0re\u017cyserii Davida O. Russella opowie o\u00a0najwa\u017cniejszych wydarzeniach w\u00a0karierze Johna Maddena &#8211;\u00a0od skromnych pocz\u0105tk\u00f3w, przez trenera Oakland Raiders i\u00a0przygod\u0119 komentatorsk\u0105, a\u017c po symbol gier wideo &#8222;John Madden Football&#8221; i\u00a0&#8222;Madden NFL&#8221;. Tw\u00f3rca widowiska ma na swoim re\u017cyserskim koncie m.in. <a href=\"https:\/\/film.wp.pl\/american-hustle-temat-6023753270772353\" rel=\"noopener noreferrer nofollow\" target=\"_blank\">&#8222;American Hustle&#8221;<\/a>, &#8222;Poradnik pozytywnego my\u015blenia&#8221; czy &#8222;Amsterdam&#8221;.<\/p>\n<p>Cage w\u00a0zwiastunie filmu jest nie do poznania. Charakteryzacja doda\u0142a aktorowi kilogram\u00f3w, \u017ceby upodobni\u0107 go do legendy futbolu ameryka\u0144skiego. Wraz z\u00a0nim w\u00a0filmie wyst\u0105pi\u0105 <a href=\"https:\/\/film.wp.pl\/christian-bale-temat-5846881662910849\" rel=\"noopener noreferrer nofollow\" target=\"_blank\">Christian Bale<\/a>, John Mulaney, Kathryn Hahn, Sienna Miller i\u00a0Shane Gillis. Bale wciela si\u0119 w\u00a0filmie w\u00a0rol\u0119 nie\u017cyj\u0105cego ju\u017c w\u0142a\u015bciciela Oakland Raiders, Ala Davisa.<\/p>\n<p>Premiera &#8222;Madden&#8221; na platformie Prime Video jest zaplanowana na 26 listopada 2026 r., czyli \u015awi\u0119to Dzi\u0119kczynienia. Na razie nie wiadomo, czy tytu\u0142 otrzyma dystrybucj\u0119 kinow\u0105.<\/p>\n","protected":false},"excerpt":{"rendered":"Nicolas Cage do\u0142\u0105czy do swojego aktorskiego portfolio kolejn\u0105 nietypow\u0105 rol\u0119. Znany z\u00a0wielu ikonicznych kreacji gwiazdor wcieli si\u0119 w\u00a0Johna&hellip;\n","protected":false},"author":2,"featured_media":173746,"comment_status":"","ping_status":"","sticky":false,"template":"","format":"standard","meta":{"footnotes":""},"categories":[22],"tags":[122,42,38,40,39,41,123],"class_list":{"0":"post-173745","1":"post","2":"type-post","3":"status-publish","4":"format-standard","5":"has-post-thumbnail","7":"category-rozrywka","8":"tag-entertainment","9":"tag-pl","10":"tag-poland","11":"tag-polish","12":"tag-polska","13":"tag-polski","14":"tag-rozrywka"},"share_on_mastodon":{"url":"https:\/\/pubeurope.com\/@pl\/115791554556668630","error":""},"_links":{"self":[{"href":"https:\/\/www.europesays.com\/pl\/wp-json\/wp\/v2\/posts\/173745","targetHints":{"allow":["GET"]}}],"collection":[{"href":"https:\/\/www.europesays.com\/pl\/wp-json\/wp\/v2\/posts"}],"about":[{"href":"https:\/\/www.europesays.com\/pl\/wp-json\/wp\/v2\/types\/post"}],"author":[{"embeddable":true,"href":"https:\/\/www.europesays.com\/pl\/wp-json\/wp\/v2\/users\/2"}],"replies":[{"embeddable":true,"href":"https:\/\/www.europesays.com\/pl\/wp-json\/wp\/v2\/comments?post=173745"}],"version-history":[{"count":0,"href":"https:\/\/www.europesays.com\/pl\/wp-json\/wp\/v2\/posts\/173745\/revisions"}],"wp:featuredmedia":[{"embeddable":true,"href":"https:\/\/www.europesays.com\/pl\/wp-json\/wp\/v2\/media\/173746"}],"wp:attachment":[{"href":"https:\/\/www.europesays.com\/pl\/wp-json\/wp\/v2\/media?parent=173745"}],"wp:term":[{"taxonomy":"category","embeddable":true,"href":"https:\/\/www.europesays.com\/pl\/wp-json\/wp\/v2\/categories?post=173745"},{"taxonomy":"post_tag","embeddable":true,"href":"https:\/\/www.europesays.com\/pl\/wp-json\/wp\/v2\/tags?post=173745"}],"curies":[{"name":"wp","href":"https:\/\/api.w.org\/{rel}","templated":true}]}}