{"id":173803,"date":"2025-12-27T13:03:14","date_gmt":"2025-12-27T13:03:14","guid":{"rendered":"https:\/\/www.europesays.com\/pl\/173803\/"},"modified":"2025-12-27T13:03:14","modified_gmt":"2025-12-27T13:03:14","slug":"beda-zmiany-we-wdowiej-rencie-decyzja-juz-jest-podjeta-rzad-zrobil-to-po-cichu-wprowadzili-nowe-zasady-i-nowy-prog-dochodowy","status":"publish","type":"post","link":"https:\/\/www.europesays.com\/pl\/173803\/","title":{"rendered":"B\u0119d\u0105 zmiany we wdowiej rencie. Decyzja ju\u017c jest podj\u0119ta. Rz\u0105d zrobi\u0142 to po cichu. Wprowadzili nowe zasady i nowy pr\u00f3g dochodowy"},"content":{"rendered":"<p>Ka\u017cdego dnia kto\u015b sk\u0142ada wniosek z nadziej\u0105, \u017ce po \u015bmierci wsp\u00f3\u0142ma\u0142\u017conka pa\u0144stwo nie zostawi go bez wsparcia. Ka\u017cdego dnia co dziesi\u0105ta osoba s\u0142yszy: \u201enie przys\u0142uguje\u201d. Bo cho\u0107 renta wdowia mia\u0142a by\u0107 ulg\u0105, dla wielu staje si\u0119 rozczarowaniem. Biurokratyczny mur, zbudowany z przepis\u00f3w i limit\u00f3w, skutecznie oddziela ich od pomocy. Jednak szykuj\u0105 si\u0119 zmiany. Rz\u0105d ju\u017c podj\u0105\u0142 decyzj\u0119<\/p>\n<p>Dzi\u015b wdowa lub wdowiec mog\u0105 otrzyma\u0107 \u015bwiadczenie, je\u015bli ich obecna emerytura nie przekracza 5634 z\u0142 brutto. Kto ma wi\u0119cej \u2013 nie dostanie nic. I cho\u0107 wiadomo ju\u017c, \u017ce limit wzro\u015bnie, to wzrost b\u0119dzie symboliczny.<\/p>\n<p>Cisza w eterze. Rz\u0105d podj\u0105\u0142 decyzj\u0119 po cichu<\/p>\n<p>Wed\u0142ug przepis\u00f3w limit ma by\u0107 waloryzowany tak, jak emerytury i renty. Tyle \u017ce \u2013 jak ustali\u0142 fakt.pl \u2013 rz\u0105d wybra\u0142 najni\u017cszy mo\u017cliwy wariant. Zgodnie z rozporz\u0105dzeniem opublikowanym w Dzienniku Ustaw, podwy\u017cka wyniesie tyle co inflacja plus 20 proc. realnego wzrostu p\u0142ac. Z rz\u0105dowych prognoz wynika, \u017ce to zaledwie 4,9 proc.<\/p>\n<p>Decyzj\u0119 przyj\u0119to po cichu \u2013 bez konferencji, bez komunikatu rzecznika rz\u0105du Adama Sz\u0142apki, bez oficjalnego og\u0142oszenia. \u201eFakt\u201d zauwa\u017ca, \u017ce o szczeg\u00f3\u0142ach Polacy dowiedzieli si\u0119 dopiero po publikacji rozporz\u0105dzenia.<\/p>\n<p>Limit p\u00f3jdzie w g\u00f3r\u0119, ale niewiele<\/p>\n<p>Z wylicze\u0144 \u201eGazety Pomorskiej\u201d wynika, \u017ce od marca 2026 roku limit renty wdowiej wzro\u015bnie do 5912,91 z\u0142 brutto \u2013 to zaledwie 276,18 z\u0142 wi\u0119cej ni\u017c dzi\u015b. W praktyce nie oznacza to niczego prze\u0142omowego. Ten wzrost wystarczy jedynie po to, by po przysz\u0142orocznej waloryzacji emerytury cz\u0119\u015b\u0107 senior\u00f3w nie straci\u0142a prawa do \u015bwiadczenia.<\/p>\n<p>\u201eTo za ma\u0142o\u201d \u2013 m\u00f3wi\u0105 wdowy i wdowcy<\/p>\n<p>G\u0142os emeryt\u00f3w jest coraz g\u0142o\u015bniejszy. \u201eTo za ma\u0142o\u201d \u2013 powtarzaj\u0105. Bo w pierwotnym projekcie limit mia\u0142 wynosi\u0107 trzykrotno\u015b\u0107 przeci\u0119tnej emerytury. Dzi\u015b by\u0142oby to ok. 12 tys. z\u0142 brutto. Tymczasem rz\u0105d odsuwa ten temat \u2013 m\u00f3wi o ewaluacji programu dopiero w 2028 roku. Do tego czasu nikt nie obiecuje rewolucji.<\/p>\n<p>Dalszy ci\u0105g materia\u0142u pod wideo<\/p>\n<p>Najwi\u0119kszy b\u00f3l? Wiek<\/p>\n<p>Jednak to nie limit najbardziej boli. Najwi\u0119cej emocji wzbudza wiek. Dzi\u015b wdowa ma prawo do renty, je\u015bli owdowia\u0142a po 55. roku \u017cycia, wdowiec \u2013 po 60.. Kto straci\u0142 ma\u0142\u017conka wcze\u015bniej, mo\u017ce jedynie bezsilnie roz\u0142o\u017cy\u0107 r\u0119ce.<\/p>\n<p>Do Rzecznika Praw Obywatelskich trafiaj\u0105 skargi. Seniorzy m\u00f3wi\u0105 wprost: to jawna dyskryminacja. Bo przecie\u017c strata bliskiej osoby boli tak samo \u2013 niezale\u017cnie od tego, czy ma si\u0119 45, 55 czy 65 lat.<\/p>\n<p>Co dalej? Kropla w morzu potrzeb<\/p>\n<p>Na razie zasady s\u0105 jasne, cho\u0107 dla wielu \u2013 brutalne. Mo\u017cna pobiera\u0107 jedno \u015bwiadczenie w ca\u0142o\u015bci i 15 proc. drugiego. Dopiero od 2027 roku ten udzia\u0142 wzro\u015bnie do 25 proc.<\/p>\n<p>Dla tysi\u0119cy starszych os\u00f3b, kt\u00f3re z dnia na dzie\u0144 zosta\u0142y same, to jednak wci\u0105\u017c kropla w morzu potrzeb.<\/p>\n","protected":false},"excerpt":{"rendered":"Ka\u017cdego dnia kto\u015b sk\u0142ada wniosek z nadziej\u0105, \u017ce po \u015bmierci wsp\u00f3\u0142ma\u0142\u017conka pa\u0144stwo nie zostawi go bez wsparcia. Ka\u017cdego&hellip;\n","protected":false},"author":2,"featured_media":173804,"comment_status":"","ping_status":"","sticky":false,"template":"","format":"standard","meta":{"footnotes":""},"categories":[16],"tags":[113,112,42,38,40,39,41,13757,13759,16112],"class_list":{"0":"post-173803","1":"post","2":"type-post","3":"status-publish","4":"format-standard","5":"has-post-thumbnail","7":"category-biznes","8":"tag-biznes","9":"tag-business","10":"tag-pl","11":"tag-poland","12":"tag-polish","13":"tag-polska","14":"tag-polski","15":"tag-renta-wdowia","16":"tag-renta-wdowia-warunki","17":"tag-zmiana-przepisow"},"share_on_mastodon":{"url":"https:\/\/pubeurope.com\/@pl\/115791672707094827","error":""},"_links":{"self":[{"href":"https:\/\/www.europesays.com\/pl\/wp-json\/wp\/v2\/posts\/173803","targetHints":{"allow":["GET"]}}],"collection":[{"href":"https:\/\/www.europesays.com\/pl\/wp-json\/wp\/v2\/posts"}],"about":[{"href":"https:\/\/www.europesays.com\/pl\/wp-json\/wp\/v2\/types\/post"}],"author":[{"embeddable":true,"href":"https:\/\/www.europesays.com\/pl\/wp-json\/wp\/v2\/users\/2"}],"replies":[{"embeddable":true,"href":"https:\/\/www.europesays.com\/pl\/wp-json\/wp\/v2\/comments?post=173803"}],"version-history":[{"count":0,"href":"https:\/\/www.europesays.com\/pl\/wp-json\/wp\/v2\/posts\/173803\/revisions"}],"wp:featuredmedia":[{"embeddable":true,"href":"https:\/\/www.europesays.com\/pl\/wp-json\/wp\/v2\/media\/173804"}],"wp:attachment":[{"href":"https:\/\/www.europesays.com\/pl\/wp-json\/wp\/v2\/media?parent=173803"}],"wp:term":[{"taxonomy":"category","embeddable":true,"href":"https:\/\/www.europesays.com\/pl\/wp-json\/wp\/v2\/categories?post=173803"},{"taxonomy":"post_tag","embeddable":true,"href":"https:\/\/www.europesays.com\/pl\/wp-json\/wp\/v2\/tags?post=173803"}],"curies":[{"name":"wp","href":"https:\/\/api.w.org\/{rel}","templated":true}]}}