{"id":173805,"date":"2025-12-27T13:04:14","date_gmt":"2025-12-27T13:04:14","guid":{"rendered":"https:\/\/www.europesays.com\/pl\/173805\/"},"modified":"2025-12-27T13:04:14","modified_gmt":"2025-12-27T13:04:14","slug":"zelenski-leci-do-trumpa-bedzie-przelom-w-ukrainie-nie-wszyscy-eksperci-sa-optymistami","status":"publish","type":"post","link":"https:\/\/www.europesays.com\/pl\/173805\/","title":{"rendered":"Ze\u0142enski leci do Trumpa. B\u0119dzie prze\u0142om w Ukrainie? Nie wszyscy eksperci s\u0105 optymistami"},"content":{"rendered":"<p>W niedziel\u0119 o 15.00 [21.00 czasu polskiego] Donald Trump, prezydent USA, i Wo\u0142odymyr Ze\u0142enski, prezydent Ukrainy, spotkaj\u0105 si\u0119, by om\u00f3wi\u0107 plan pokojowy dla Kijowa. Jak zapowiada Ze\u0142enski, rozmowy maj\u0105 dotyczy\u0107 gwarancji bezpiecze\u0144stwa oraz kwestii terytorialnych. Ponadto ukrai\u0144ski prezydent chce przedyskutowa\u0107 z Trumpem, w jaki spos\u00f3b mo\u017cna wywrze\u0107 dodatkow\u0105 presj\u0119 na Rosj\u0119.<\/p>\n<p>Czy plan pokojowy dla Ukrainy jest ju\u017c na wyci\u0105gni\u0119cie r\u0119ki \u2014 czy jednak grozi mu fiasko? Spytali\u015bmy o to ekspert\u00f3w od polityki mi\u0119dzynarodowej i bezpiecze\u0144stwa.<\/p>\n<p>20 punkt\u00f3w Wo\u0142odymyra Ze\u0142enskiego<\/p>\n<p class=\"ods-c-paragraph \">Rankiem 24 grudnia prezydent Ukrainy Ze\u0142enski po raz pierwszy szczeg\u00f3\u0142owo przedstawi\u0142 rosyjsko-ukrai\u0144ski plan pokojowy. 20 punkt\u00f3w w du\u017cej mierze opiera si\u0119 na propozycjach rz\u0105du ameryka\u0144skiego i przewiduje m.in. <a href=\"https:\/\/wiadomosci.onet.pl\/politico\/usa-oferuja-ukrainie-gwarancje-na-wzor-artykulu-5-nato-jest-jednak-pewne-ale-kulisy\/8vekvqs\" id=\"6bfdf480-5fc9-48d2-b942-309530fe26d5\" rel=\"nofollow noopener\" target=\"_blank\">gwarancje bezpiecze\u0144stwa dla Ukrainy wzorowane na art. 5 NATO<\/a>.<\/p>\n<p>Dalszy ci\u0105g artyku\u0142u pod materia\u0142em wideo<\/p>\n<p class=\"ods-c-paragraph \">Wcze\u015bniej Amerykanie zaproponowali <a href=\"https:\/\/www.onet.pl\/informacje\/onetwiadomosci\/plan-pokojowy-dla-ukrainy-szokujace-szczegoly-ujawnily-prawdziwe-zamiary-trumpa\/fspbp9s,79cfc278\" id=\"b1b44a57-9f4c-4613-b0ee-de5f87140fef\" rel=\"nofollow noopener\" target=\"_blank\">28-punktowy &#8222;plan pokojowy&#8221;<\/a>, kt\u00f3ry ze wzgl\u0119du na swoje prorosyjskie zapisy <a href=\"https:\/\/www.onet.pl\/informacje\/onetwiadomosci\/witold-jurasz-dwa-ukryte-cele-skandalicznego-planu-pokojowego-dla-ukrainy\/1eex46d,79cfc278\" id=\"d7e56e1c-3436-47e4-adf8-2be70810f5b0\" rel=\"nofollow noopener\" target=\"_blank\">spotka\u0142 si\u0119 z ostr\u0105 krytyk\u0105<\/a> i zosta\u0142 odpowiednio zmodyfikowany. W pi\u0105tek Ze\u0142enski og\u0142osi\u0142, \u017ce 20-punktowy plan jest gotowy &#8222;w 90 proc.&#8221;. Jednak to, czy Trump i Ze\u0142enski podpisz\u0105 go w niedziel\u0119, wci\u0105\u017c pozostaje niejasne.<\/p>\n<p>&#8222;Trump jasno pokazuje, \u017ce to on jest negocjatorem, a nie Europejczycy&#8221;   <\/p>\n<p class=\"ods-c-paragraph \">Dr Erich Vad, ekspert do spraw wojskowo\u015bci, jest optymist\u0105. \u2014 Takie spotkania nie s\u0105 organizowane po to, by rozmowy ko\u0144czy\u0142y si\u0119 fiaskiem \u2014 ocenia w rozmowie z &#8222;Bildem&#8221;. \u2014 Najbardziej kontrowersyjne kwestie planu pokojowego zosta\u0142y ju\u017c wcze\u015bniej rozwi\u0105zane przez negocjator\u00f3w, m.in. podczas szczytu w Berlinie. Mimo to spotkanie Trumpa z Ze\u0142enskim jest bardzo wa\u017cne<\/p>\n<p><img decoding=\"async\" src=\"https:\/\/www.europesays.com\/pl\/wp-content\/uploads\/2025\/12\/v-yk9lBaHR0cHM6Ly9vY2RuLmV1L3B1bHNjbXMvTURBXy8xN2E3ZTUzNDQyNWI3OTk1MzAzM2Q5MmJjZDMzYTYwZS5qcGeRlQLNB.jpeg\" height=\"606\" width=\"940\" alt=\"Kanclerz Niemiec Friedrich Merz, przewodnicz\u0105ca Komisji Europejskiej Ursula von der Leyen, prezydent Ukrainy Wo\u0142odymyr Ze\u0142enski, specjalny wys\u0142annik USA Steve Witkoff oraz Jared Kushner, zi\u0119\u0107 prezydenta USA Donalda Trumpa. Berlin, 15 grudnia 2025 r.\" loading=\"lazy\" class=\"ods-c-image__img ods-c-image__img--viewport-width\"\/><\/p>\n<p>Kanclerz Niemiec Friedrich Merz, przewodnicz\u0105ca Komisji Europejskiej Ursula von der Leyen, prezydent Ukrainy Wo\u0142odymyr Ze\u0142enski, specjalny wys\u0142annik USA Steve Witkoff oraz Jared Kushner, zi\u0119\u0107 prezydenta USA Donalda Trumpa. Berlin, 15 grudnia 2025 r.Lisi Niesner\/Reuters\/Pool\/dpa \/ PAP<\/p>\n<p class=\"ods-c-paragraph \">\u2014 Samym tym, \u017ce Ze\u0142enski spotyka si\u0119 z nim osobi\u015bcie, Trump jasno pokazuje: <a href=\"https:\/\/wiadomosci.onet.pl\/swiat\/trump-w-rozmowie-z-politico-zelenski-nie-ma-nic-dopoki-tego-nie-zatwierdze\/zxxhxtc\" id=\"99da8564-c917-4f60-9a5e-33f05dad8401\" rel=\"nofollow noopener\" target=\"_blank\">to on jest negocjatorem<\/a>, a nie Europejczycy! I to jest dla niego kluczowe \u2014 analizuje Vad. \u2014 Jednocze\u015bnie prezydent USA wychodzi naprzeciw Ze\u0142enskiemu i jego europejskim sojusznikom, zapraszaj\u0105c go w og\u00f3le do sto\u0142u negocjacyjnego.<\/p>\n<p class=\"ods-c-paragraph \">To oznacza, \u017ce Ze\u0142enski nie mo\u017ce ryzykowa\u0107 samodzielnych dzia\u0142a\u0144 z przyw\u00f3dcami europejskimi. Musi jasno da\u0107 do zrozumienia, \u017ce to Trump ma decyduj\u0105cy g\u0142os.<\/p>\n<p>Trump zaprosi\u0142 Ze\u0142enskiego na Floryd\u0119. &#8222;To zmienia charakter rozmowy&#8221;<\/p>\n<p class=\"ods-c-paragraph \">Z t\u0105 diagnoz\u0105 zgadza si\u0119 Nico Lange, doradca polityczny zwi\u0105zany z niemieck\u0105 parti\u0105 CDU. \u2014 Ukraina i USA maj\u0105 teraz dobrze uzgodniony 20-punktowy plan. <a href=\"https:\/\/wiadomosci.onet.pl\/swiat\/sa-dobre-pomysly-zelenski-zabral-glos-po-rozmowach-z-delegacja-usa\/cj7l6ns\" id=\"c8bc77c0-00d5-45ce-80c0-503535c99a01\" rel=\"nofollow noopener\" target=\"_blank\">Ostatnie rozmowy Ze\u0142enskiego z Witkoffem i Kushnerem<\/a> przebieg\u0142y lepiej ni\u017c wcze\u015bniejsze \u2014 ocenia.<\/p>\n<p><img decoding=\"async\" src=\"https:\/\/www.europesays.com\/pl\/wp-content\/uploads\/2025\/12\/13Ck9lBaHR0cHM6Ly9vY2RuLmV1L3B1bHNjbXMvTURBXy9mYWRmNDg1YzNkZGI2MmFiN2MyOTVhODFhN2ZhMDg4YS5qcGeRlQLNB.jpeg\" height=\"627\" width=\"940\" alt=\"Mar-a-Lago, prywatna rezydencja Donalda Trumpa w West Palm Beach na Florydzie\" loading=\"lazy\" class=\"ods-c-image__img ods-c-image__img--viewport-width\"\/><\/p>\n<p>Mar-a-Lago, prywatna rezydencja Donalda Trumpa w West Palm Beach na FlorydzieEPA\/CRISTOBAL HERRERA-ULASHKEVICH \/ PAP<\/p>\n<p class=\"ods-c-paragraph \">\u2014 To, \u017ce Ze\u0142enski zaoferowa\u0142 zawieszenie broni na Bo\u017ce Narodzenie, a <a href=\"https:\/\/wiadomosci.onet.pl\/swiat\/rosjanie-zaatakowali-w-boze-narodzenie-nie-zyje-kobieta-sa-tez-ranni\/ebspes5\" id=\"c099b749-faf6-4167-852f-8f92383e351b\" rel=\"nofollow noopener\" target=\"_blank\">Putin to odrzuci\u0142<\/a>, nie spodoba\u0142o si\u0119 Trumpowi. Fakt, \u017ce Ze\u0142enski spotka si\u0119 z Trumpem nieoficjalnie w Mar-a-Lago, a nie formalnie w Gabinecie Owalnym, zmienia charakter rozmowy. Kluczowe b\u0119dzie to, czy po tym spotkaniu Trump b\u0119dzie got\u00f3w zwi\u0119kszy\u0107 presj\u0119 na Putina \u2014 wyja\u015bnia Lange.<\/p>\n<p>   &#8222;Dla Trumpa to uci\u0105\u017cliwa przeszkoda na drodze do normalizacji relacji z Rosj\u0105&#8221;<\/p>\n<p class=\"ods-c-paragraph \">Nie wszyscy podzielaj\u0105 ten optymizm. Prof. Peter Neumann, ekspert do spraw bezpiecze\u0144stwa, w\u0105tpi, by podczas zaplanowanego spotkania &#8222;uda\u0142o si\u0119 osi\u0105gn\u0105\u0107 prze\u0142om korzystny dla Ukrainy&#8221;.<\/p>\n<p><img decoding=\"async\" src=\"https:\/\/www.europesays.com\/pl\/wp-content\/uploads\/2025\/10\/x95k9lBaHR0cHM6Ly9vY2RuLmV1L3B1bHNjbXMvTURBXy9hNTRlNTRkM2NmYTM4NGYyNzNkYzkwOWVlNzU5YThmYi5qcGeRlQLNB.jpeg\" height=\"569\" width=\"940\" alt=\"Prezydent USA Donald Trump wita prezydenta Rosji W\u0142adimira Putina podczas spotkania w Anchorage na Alasce, 15 sierpnia 2025 r.\" loading=\"lazy\" class=\"ods-c-image__img ods-c-image__img--viewport-width\"\/><\/p>\n<p>Prezydent USA Donald Trump wita prezydenta Rosji W\u0142adimira Putina podczas spotkania w Anchorage na Alasce, 15 sierpnia 2025 r.SERGEY BOBYLEV\/SPUTNIK\/KREMLIN POOL \/ POOL \/ PAP<\/p>\n<p class=\"ods-c-paragraph \">Jego zdaniem problemem jest to, \u017ce Trump nie postrzega ukrai\u0144skiego prezydenta jako r\u00f3wnorz\u0119dnego partnera. \u2014 Dla niego Ukraina to uci\u0105\u017cliwa przeszkoda na drodze do normalizacji relacji z Rosj\u0105, prawdziwego celu geopolitycznego Trumpa \u2014 wyja\u015bnia prof. Neumann w rozmowie z &#8222;Bildem&#8221;.<\/p>\n<p class=\"ods-c-paragraph \">Ekspert ocenia, \u017ce sam fakt spotkania by\u0142by ju\u017c sukcesem, je\u015bli Ze\u0142enski zdo\u0142a przekona\u0107 Trumpa, &#8222;jak bardzo gotowa na kompromis jest Ukraina&#8221;. \u2014 A tak\u017ce jak wa\u017cne s\u0105 realne gwarancje bezpiecze\u0144stwa, aby wojna nie wybuch\u0142a ponownie za rok czy dwa. I jak politycznie niemo\u017cliwe jest przekazanie Rosji kolejnych terytori\u00f3w \u2014 dodaje ekspert.<\/p>\n","protected":false},"excerpt":{"rendered":"W niedziel\u0119 o 15.00 [21.00 czasu polskiego] Donald Trump, prezydent USA, i Wo\u0142odymyr Ze\u0142enski, prezydent Ukrainy, spotkaj\u0105 si\u0119,&hellip;\n","protected":false},"author":2,"featured_media":173806,"comment_status":"","ping_status":"","sticky":false,"template":"","format":"standard","meta":{"footnotes":""},"categories":[14],"tags":[56,32,33,44,27,76,34,35,28,31,48,25,46,40,41,87,47,80,29,30,415,71,26,309,82,83,84],"class_list":{"0":"post-173805","1":"post","2":"type-post","3":"status-publish","4":"format-standard","5":"has-post-thumbnail","7":"category-swiat","8":"tag-article_premium","9":"tag-breaking-news","10":"tag-breakingnews","11":"tag-donald_trump","12":"tag-headlines","13":"tag-inwazja_rosji_na_ukraine","14":"tag-latest-news","15":"tag-latestnews","16":"tag-naglowki","17":"tag-najwazniejsze-artykuly","18":"tag-nat_styl","19":"tag-news","20":"tag-omp","21":"tag-polish","22":"tag-polski","23":"tag-rosja","24":"tag-screening_general","25":"tag-swiat","26":"tag-top-stories","27":"tag-topstories","28":"tag-ukraina","29":"tag-usa","30":"tag-wiadomosci","31":"tag-wolodymyr_zelenski","32":"tag-world","33":"tag-world-news","34":"tag-worldnews"},"share_on_mastodon":{"url":"https:\/\/pubeurope.com\/@pl\/115791676716382366","error":""},"_links":{"self":[{"href":"https:\/\/www.europesays.com\/pl\/wp-json\/wp\/v2\/posts\/173805","targetHints":{"allow":["GET"]}}],"collection":[{"href":"https:\/\/www.europesays.com\/pl\/wp-json\/wp\/v2\/posts"}],"about":[{"href":"https:\/\/www.europesays.com\/pl\/wp-json\/wp\/v2\/types\/post"}],"author":[{"embeddable":true,"href":"https:\/\/www.europesays.com\/pl\/wp-json\/wp\/v2\/users\/2"}],"replies":[{"embeddable":true,"href":"https:\/\/www.europesays.com\/pl\/wp-json\/wp\/v2\/comments?post=173805"}],"version-history":[{"count":0,"href":"https:\/\/www.europesays.com\/pl\/wp-json\/wp\/v2\/posts\/173805\/revisions"}],"wp:featuredmedia":[{"embeddable":true,"href":"https:\/\/www.europesays.com\/pl\/wp-json\/wp\/v2\/media\/173806"}],"wp:attachment":[{"href":"https:\/\/www.europesays.com\/pl\/wp-json\/wp\/v2\/media?parent=173805"}],"wp:term":[{"taxonomy":"category","embeddable":true,"href":"https:\/\/www.europesays.com\/pl\/wp-json\/wp\/v2\/categories?post=173805"},{"taxonomy":"post_tag","embeddable":true,"href":"https:\/\/www.europesays.com\/pl\/wp-json\/wp\/v2\/tags?post=173805"}],"curies":[{"name":"wp","href":"https:\/\/api.w.org\/{rel}","templated":true}]}}