{"id":173807,"date":"2025-12-27T13:05:09","date_gmt":"2025-12-27T13:05:09","guid":{"rendered":"https:\/\/www.europesays.com\/pl\/173807\/"},"modified":"2025-12-27T13:05:09","modified_gmt":"2025-12-27T13:05:09","slug":"warszawa-wielki-pozar-targowiska-na-bakalarskiej-50-strazakow-w-akcji","status":"publish","type":"post","link":"https:\/\/www.europesays.com\/pl\/173807\/","title":{"rendered":"Warszawa. Wielki po\u017car targowiska na Bakalarskiej. 50 stra\u017cak\u00f3w w akcji"},"content":{"rendered":"<p>Po\u017car targowiska przy Bakalarskiejw Warszawie\u00a0<\/p>\n<p class=\"art_paragraph\">Po\u017car przy ulicy Bakalarskiej wybuch\u0142 oko\u0142o godziny 1:00 w nocy z 26 na 27 grudnia. Obecnie sytuacja jest ju\u017c pod kontrol\u0105 stra\u017cak\u00f3w, cho\u0107 w szczytowym momencie po\u017car gasi\u0142o a\u017c 12 zast\u0119p\u00f3w.\u00a0&#8211; Obecnie ogie\u0144 jest dogaszany. Cz\u0119\u015b\u0107 zast\u0119p\u00f3w opu\u015bci\u0142a ju\u017c miejsce akcji. Nikt na skutek po\u017caru nie zosta\u0142 poszkodowany &#8211;\u00a0m\u00f3wi\u0142\u00a0Interii\u00a0oko\u0142o godz. 9:00\u00a0m\u0142odszy kapitan Rados\u0142aw Le\u015bniak\u00a0z Pa\u0144stwowej Stra\u017cy Po\u017carnej w Warszawie.\u00a0<\/p>\n<p>Zapali\u0142y si\u0119 kontenery<\/p>\n<p class=\"art_paragraph\">Na targowisku na warszawskich W\u0142ochach p\u0142on\u0119\u0142y kontenery morskie przerobione na targowe lokale us\u0142ugowe.\u00a0&#8222;Z obj\u0119tych po\u017carem kontener\u00f3w wyniesiono 6 butli gazowych\u00a0&#8211;\u00a0wszystkie sprawdzone kamerami termowizyjnymi, bez oznak nagrzania. Na miejscu pracowa\u0142 r\u00f3wnie\u017c P-Gaz oraz samoch\u00f3d rozpoznania chemicznego&#8221; &#8211; czytamy w komunikacie Komendy Miejskiej PSP w Warszawie.\u00a0Stra\u017cacy dodaj\u0105 tak\u017ce, \u017ce &#8222;po ugaszeniu po\u017caru, obiekty oddymiono i dok\u0142adnie skontrolowano kamerami termowizyjnymi. Nie stwierdzono zarzewi ognia&#8221;.\u00a0<\/p>\n<p>        Zobacz wideo<\/p>\n<p>            Ci\u0119\u017car\u00f3wka p\u0142on\u0119\u0142a na autostradzie A4! Policjanci pomagali gasi\u0107 po\u017car\n    <\/p>\n<p>50 stra\u017cak\u00f3w w akcji. Przyczyny po\u017caru ustali policja\u00a0<\/p>\n<p class=\"art_paragraph\">Akcja ga\u015bnicza trwa\u0142a ponad 5 godzin. Bra\u0142o w niej udzia\u0142 niemal 50 stra\u017cak\u00f3w.\u00a0Na czas pracy s\u0142u\u017cb ulica by\u0142a zamkni\u0119ta w obydwu kierunkach.\u00a0Teraz na miejscu b\u0119dzie pracowa\u0142a policja, kt\u00f3rej specjali\u015bci b\u0119d\u0105 mieli za zadanie ustali\u0107 dok\u0142adne przyczyny wybuchu po\u017caru na targowisku\u00a0przy ulicy Bakalarskiej.\u00a0<\/p>\n<p class=\"art_paragraph\">Czytaj tak\u017ce: <a href=\"https:\/\/wiadomosci.gazeta.pl\/pogoda-i-klimat\/7,198071,32494066,mroz-snieg-i-gololedz-ponad-polowa-polski-w-alertach.html\" class=\"art_link\" rel=\"dofollow noopener\" target=\"_blank\">Mr\u00f3z, \u015bnieg i go\u0142oled\u017a. Ponad po\u0142owa Polski w alertach<\/a><\/p>\n<p>\u0179r\u00f3d\u0142a:\u00a0Komenda Miejska PSP m.st. Warszawy (facebook), Interia\u00a0<\/p>\n","protected":false},"excerpt":{"rendered":"Po\u017car targowiska przy Bakalarskiejw Warszawie\u00a0 Po\u017car przy ulicy Bakalarskiej wybuch\u0142 oko\u0142o godziny 1:00 w nocy z 26 na&hellip;\n","protected":false},"author":2,"featured_media":173808,"comment_status":"","ping_status":"","sticky":false,"template":"","format":"standard","meta":{"footnotes":""},"categories":[12],"tags":[32,33,36,37,27,34,35,28,31,25,42,38,40,39,41,29,30,26],"class_list":{"0":"post-173807","1":"post","2":"type-post","3":"status-publish","4":"format-standard","5":"has-post-thumbnail","7":"category-polska","8":"tag-breaking-news","9":"tag-breakingnews","10":"tag-featured-news","11":"tag-featurednews","12":"tag-headlines","13":"tag-latest-news","14":"tag-latestnews","15":"tag-naglowki","16":"tag-najwazniejsze-artykuly","17":"tag-news","18":"tag-pl","19":"tag-poland","20":"tag-polish","21":"tag-polska","22":"tag-polski","23":"tag-top-stories","24":"tag-topstories","25":"tag-wiadomosci"},"share_on_mastodon":{"url":"https:\/\/pubeurope.com\/@pl\/115791680700812964","error":""},"_links":{"self":[{"href":"https:\/\/www.europesays.com\/pl\/wp-json\/wp\/v2\/posts\/173807","targetHints":{"allow":["GET"]}}],"collection":[{"href":"https:\/\/www.europesays.com\/pl\/wp-json\/wp\/v2\/posts"}],"about":[{"href":"https:\/\/www.europesays.com\/pl\/wp-json\/wp\/v2\/types\/post"}],"author":[{"embeddable":true,"href":"https:\/\/www.europesays.com\/pl\/wp-json\/wp\/v2\/users\/2"}],"replies":[{"embeddable":true,"href":"https:\/\/www.europesays.com\/pl\/wp-json\/wp\/v2\/comments?post=173807"}],"version-history":[{"count":0,"href":"https:\/\/www.europesays.com\/pl\/wp-json\/wp\/v2\/posts\/173807\/revisions"}],"wp:featuredmedia":[{"embeddable":true,"href":"https:\/\/www.europesays.com\/pl\/wp-json\/wp\/v2\/media\/173808"}],"wp:attachment":[{"href":"https:\/\/www.europesays.com\/pl\/wp-json\/wp\/v2\/media?parent=173807"}],"wp:term":[{"taxonomy":"category","embeddable":true,"href":"https:\/\/www.europesays.com\/pl\/wp-json\/wp\/v2\/categories?post=173807"},{"taxonomy":"post_tag","embeddable":true,"href":"https:\/\/www.europesays.com\/pl\/wp-json\/wp\/v2\/tags?post=173807"}],"curies":[{"name":"wp","href":"https:\/\/api.w.org\/{rel}","templated":true}]}}