{"id":173819,"date":"2025-12-27T13:11:08","date_gmt":"2025-12-27T13:11:08","guid":{"rendered":"https:\/\/www.europesays.com\/pl\/173819\/"},"modified":"2025-12-27T13:11:08","modified_gmt":"2025-12-27T13:11:08","slug":"zelenski-rosja-zaatakowala-ukraine-prawie-500-dronami-i-40-rakietami-na-zywo-wyborcza-pl","status":"publish","type":"post","link":"https:\/\/www.europesays.com\/pl\/173819\/","title":{"rendered":"Ze\u0142enski: Rosja zaatakowa\u0142a Ukrain\u0119 prawie 500 dronami i 40 rakietami [NA \u017bYWO] &#8211; Wyborcza.pl"},"content":{"rendered":"<ol>\n<li><a href=\"https:\/\/news.google.com\/rss\/articles\/CBMiYEFVX3lxTE5VaTF3NDVSa2tDZmcyN2dWb1lQUVRUa2hJQ3FsM2oxYzBheXVmb2NKc3p4MzJFV29GQ2xmRzF2RURIdGVuU3hGLUloNUg5d3hmRjJ5NDZnM0I4RHVvWExjZA?oc=5\" target=\"_blank\" rel=\"nofollow noopener\">Ze\u0142enski: Rosja zaatakowa\u0142a Ukrain\u0119 prawie 500 dronami i 40 rakietami [NA \u017bYWO]<\/a>&nbsp;&nbsp;Wyborcza.pl<\/li>\n<li><a href=\"https:\/\/news.google.com\/rss\/articles\/CBMisAFBVV95cUxOVUdYN255dy1MMlMtS3Q1clZETEZwcHB4U2FDOTlrZ1p6bUJaaTlyTG9jTzNya3k2NVk0RGxJaWRNLTJCUVFjOEw5THE0X05FWWZWQWQya0ZDOVUyMFRzS183T2V3ZEtCWXFKX0puWWJMNUlWQ0hPWWZkc19JcUxLQU5RMjZXNjJGMGpRdEktMTRDQnlqLUlrX2k4MEwxX3FBbEFGdFNrTmVCbVFoMXRNMw?oc=5\" target=\"_blank\" rel=\"nofollow noopener\">Polska poderwa\u0142a my\u015bliwce. Lotniska w Rzeszowie i Lublinie ju\u017c wznowi\u0142y dzia\u0142alno\u015b\u0107<\/a>&nbsp;&nbsp;RMF24<\/li>\n<li><a href=\"https:\/\/news.google.com\/rss\/articles\/CBMipAFBVV95cUxOd1Y3WXNvZzRqUExCanlFVjhSZFpTYXJmdmQwMmZvZjRSQThrbmdVMDQyaVdLVzhnV0gxY1hQcDVqamtWdGh6OTdicmMwcDlLaVh6WUdfTjUtTEQ4UDB5T2gtMjFqZTRveEQxeDA2dEZPcXZodll5dkhYV1ItMjU0SGs2aG5xZHBkZTN6SDRyb2h3MnRPcGR2T1JqOERaZ0tIR3ZsNw?oc=5\" target=\"_blank\" rel=\"nofollow noopener\">Nocny atak Rosji na stolic\u0119 Ukrainy. Nowe informacje o rannych<\/a>&nbsp;&nbsp;Onet Wiadomo\u015bci<\/li>\n<li><a href=\"https:\/\/news.google.com\/rss\/articles\/CBMinwFBVV95cUxOX05KWEZkNzlRX2hqY3dQNnZUalpCUzUyeDhHWld6NnBBY3BDQnllcWs1bl9qU1lCa20tQTZrSlQyX3BCVHhLb3pYdmtrN2YwcDdOZlZyTWtIc1l3eWJLYkJyWWptS19VakRSRzRpOHRHaTZJR2N4cGd0bEVyTjZ2M3FhYnB5bkRtdUdfV0NXbEdIaFhFbWpnakx5MDYzX0E?oc=5\" target=\"_blank\" rel=\"nofollow noopener\">Polska poderwa\u0142a my\u015bliwce przez &#8222;aktywno\u015b\u0107 Rosji&#8221;. Wstrzymano operacje na dw\u00f3ch lotniskach<\/a>&nbsp;&nbsp;Business Insider Polska<\/li>\n<li><a href=\"https:\/\/news.google.com\/rss\/articles\/CBMilwFBVV95cUxNNG1TN1dvUnpIeU9HUldQRmo3Y2ZjdEl6cmpnNHd1S1ZMal9vT0p5MkZXaV85X3hhU3VWLU1Sbm14ZWlHN29ZekFJVWFCT3VZMFpGdFhQdjVrdzZFMU1welE1UUg1U1BfTUZjZlFxUXlVaWpwemcxcDAxLW1xSkhLZ1FrS2E4aE5rczlPTHoxVmJhTnRYRXZN?oc=5\" target=\"_blank\" rel=\"nofollow noopener\">Ostrza\u0142 rakietowy trwa. Budynki w Kijowie p\u0142on\u0105 od rana<\/a>&nbsp;&nbsp;WP Wiadomo\u015bci<\/li>\n<\/ol>\n","protected":false},"excerpt":{"rendered":"Ze\u0142enski: Rosja zaatakowa\u0142a Ukrain\u0119 prawie 500 dronami i 40 rakietami [NA \u017bYWO]&nbsp;&nbsp;Wyborcza.pl Polska poderwa\u0142a my\u015bliwce. Lotniska w Rzeszowie&hellip;\n","protected":false},"author":2,"featured_media":173820,"comment_status":"","ping_status":"","sticky":false,"template":"","format":"standard","meta":{"footnotes":""},"categories":[14],"tags":[32,33,27,34,35,28,31,25,40,41,80,29,30,26,82,83,84],"class_list":{"0":"post-173819","1":"post","2":"type-post","3":"status-publish","4":"format-standard","5":"has-post-thumbnail","7":"category-swiat","8":"tag-breaking-news","9":"tag-breakingnews","10":"tag-headlines","11":"tag-latest-news","12":"tag-latestnews","13":"tag-naglowki","14":"tag-najwazniejsze-artykuly","15":"tag-news","16":"tag-polish","17":"tag-polski","18":"tag-swiat","19":"tag-top-stories","20":"tag-topstories","21":"tag-wiadomosci","22":"tag-world","23":"tag-world-news","24":"tag-worldnews"},"share_on_mastodon":{"url":"https:\/\/pubeurope.com\/@pl\/115791703887463066","error":""},"_links":{"self":[{"href":"https:\/\/www.europesays.com\/pl\/wp-json\/wp\/v2\/posts\/173819","targetHints":{"allow":["GET"]}}],"collection":[{"href":"https:\/\/www.europesays.com\/pl\/wp-json\/wp\/v2\/posts"}],"about":[{"href":"https:\/\/www.europesays.com\/pl\/wp-json\/wp\/v2\/types\/post"}],"author":[{"embeddable":true,"href":"https:\/\/www.europesays.com\/pl\/wp-json\/wp\/v2\/users\/2"}],"replies":[{"embeddable":true,"href":"https:\/\/www.europesays.com\/pl\/wp-json\/wp\/v2\/comments?post=173819"}],"version-history":[{"count":0,"href":"https:\/\/www.europesays.com\/pl\/wp-json\/wp\/v2\/posts\/173819\/revisions"}],"wp:featuredmedia":[{"embeddable":true,"href":"https:\/\/www.europesays.com\/pl\/wp-json\/wp\/v2\/media\/173820"}],"wp:attachment":[{"href":"https:\/\/www.europesays.com\/pl\/wp-json\/wp\/v2\/media?parent=173819"}],"wp:term":[{"taxonomy":"category","embeddable":true,"href":"https:\/\/www.europesays.com\/pl\/wp-json\/wp\/v2\/categories?post=173819"},{"taxonomy":"post_tag","embeddable":true,"href":"https:\/\/www.europesays.com\/pl\/wp-json\/wp\/v2\/tags?post=173819"}],"curies":[{"name":"wp","href":"https:\/\/api.w.org\/{rel}","templated":true}]}}