{"id":173821,"date":"2025-12-27T13:12:34","date_gmt":"2025-12-27T13:12:34","guid":{"rendered":"https:\/\/www.europesays.com\/pl\/173821\/"},"modified":"2025-12-27T13:12:34","modified_gmt":"2025-12-27T13:12:34","slug":"zabojstwo-mai-z-mlawy-sad-podjal-nowa-decyzje-2","status":"publish","type":"post","link":"https:\/\/www.europesays.com\/pl\/173821\/","title":{"rendered":"Zab\u00f3jstwo Mai z M\u0142awy. S\u0105d podj\u0105\u0142 now\u0105 decyzj\u0119"},"content":{"rendered":"<p class=\"ods-c-paragraph \">W czwartek w P\u0142ocku odby\u0142 si\u0119 briefing prasowy po czynno\u015bciach procesowych z udzia\u0142em Bartosza G., podejrzanego o zab\u00f3jstwo 16-letniej Mai z M\u0142awy. <a href=\"https:\/\/www.onet.pl\/informacje\/onetwiadomosci\/podejrzany-o-zabojstwo-mai-z-mlawy-jest-w-polsce-nieoficjalnie-jest-data\/t325rkg,79cfc278\" id=\"81772bbc-1c36-4d80-be63-ca973872f496\" rel=\"nofollow noopener\" target=\"_blank\">M\u0119\u017cczyzna we wtorek wieczorem zosta\u0142 przetransportowany z Grecji do Polski.<\/a><\/p>\n<p class=\"ods-c-paragraph \">Jak przekaza\u0142 podczas briefingu rzecznik prasowy Prokuratury Okr\u0119gowej w P\u0142ocku prok. Bartosz Maliszewski, <a href=\"https:\/\/wiadomosci.onet.pl\/warszawa\/podejrzany-o-zabojstwo-nastolatki-w-polskim-areszcie-zarzut-zostal-zmodyfikowany\/1l95nnd\" id=\"8272ba6b-b66e-4ba8-92ce-3182ec476d1e\" rel=\"nofollow noopener\" target=\"_blank\">prokurator prowadz\u0105ca przedstawi\u0142a Bartoszowi G. &#8222;nieznacznie zmodyfikowany zarzut o pope\u0142nienie zbrodni zab\u00f3jstwa ze szczeg\u00f3lnym okrucie\u0144stwem<\/a>.<\/p>\n<p>Dalszy ci\u0105g artyku\u0142u pod materia\u0142em wideo<\/p>\n<p> Kto jest podejrzanym o zab\u00f3jstwo Mai z M\u0142awy? <\/p>\n<p> Co powiedzia\u0142 pe\u0142nomocnik rodziny Mai? <\/p>\n<p> Jakie by\u0142y zarzuty wobec Bartosza G.? <\/p>\n<p> Z czego wynika konieczno\u015b\u0107 przes\u0142uchania podejrzanego przez s\u0105d? <\/p>\n<p>  Nowe informacje od pe\u0142nomocnika rodziny Mai<\/p>\n<p class=\"ods-c-paragraph \">\u2014 Po przedstawieniu zarzut\u00f3w przes\u0142uchano podejrzanego. Nie przyzna\u0142 si\u0119 do pope\u0142nienia zarzuconego mu czynu i skorzysta\u0142 z przys\u0142uguj\u0105cego mu prawa do odmowy sk\u0142adania wyja\u015bnie\u0144. Na tym czynno\u015b\u0107 si\u0119 zako\u0144czy\u0142a \u2014 przekaza\u0142 rzecznik.<\/p>\n<p class=\"ods-c-paragraph \">Doda\u0142, \u017ce z m\u0119\u017cczyzn\u0105 wykonano jeszcze inne &#8222;techniczne czynno\u015bci zwi\u0105zane z jego zatrzymaniem&#8221;. Przekaza\u0142 ponadto, \u017ce prokuratura zwr\u00f3ci\u0142a si\u0119 z wnioskiem do s\u0105du o utrzymanie aresztu. Wcze\u015bniej s\u0105d wyda\u0142 wobec nastolatka 30-dniowy tzw. areszt poszukiwawczy. Wyja\u015bni\u0142, \u017ce areszt poszukiwawczy wydaje si\u0119 w momencie, gdy <a href=\"https:\/\/wiadomosci.onet.pl\/swiat\/brutalne-morderstwo-16-letniej-mai-17-latek-odmowil-ekstradycji-do-polski\/ew4kfbs\" id=\"1fb69d32-f417-468b-bdd0-e39c2d422150\" rel=\"nofollow noopener\" target=\"_blank\">domniemanego sprawcy nie ma jeszcze w Polsce<\/a>, za\u015b gdy podejrzany znajdzie si\u0119 ju\u017c w kraju i zostanie przes\u0142uchany, &#8222;nale\u017cy wnie\u015b\u0107 do s\u0105du wniosek o utrzymanie tego aresztu&#8221;.<\/p>\n<p class=\"ods-c-paragraph \">\u2014 S\u0105d stosuj\u0105c areszt musi wys\u0142ucha\u0107 podejrzanego. To by\u0142o dotychczas niemo\u017cliwe, poniewa\u017c przebywa\u0142 on w Grecji. Wobec tego, aby ten areszt utrzyma\u0107, s\u0105d musi go osobi\u015bcie przes\u0142ucha\u0107 \u2014 zaznaczy\u0142 rzecznik. Doda\u0142, \u017ce je\u017celi s\u0105d utrzyma areszt, w\u00f3wczas trwa on 30 dni, a je\u017celi termin b\u0119dzie zbli\u017ca\u0142 si\u0119 do ko\u0144ca prokurator mo\u017ce wnosi\u0107 o dalsze stosowanie aresztu.<\/p>\n<p class=\"ods-c-paragraph \">W czwartek wieczorem pe\u0142nomocnik rodziny zamordowanej Mai mecenas Marek Kasprzyk poinformowa\u0142 na profilu swojej kancelarii na Facebooku o decyzji S\u0105du Rejonowego w M\u0142awie. &#8222;S\u0105d przychyli\u0142 si\u0119 do zastosowania aresztu wobec Bartosza G.&#8221; \u2014 napisa\u0142.<\/p>\n<p class=\"ods-c-paragraph \">Kasprzyk przekaza\u0142 wcze\u015bniej w czwartek dziennikarzom, \u017ce Bartoszowi G. zosta\u0142y odczytane dwa postanowienia. Oba \u2014 jak zaznaczy\u0142 \u2014 dotyczy\u0142y zab\u00f3jstwa ze szczeg\u00f3lnym okrucie\u0144stwem.<\/p>\n","protected":false},"excerpt":{"rendered":"W czwartek w P\u0142ocku odby\u0142 si\u0119 briefing prasowy po czynno\u015bciach procesowych z udzia\u0142em Bartosza G., podejrzanego o zab\u00f3jstwo&hellip;\n","protected":false},"author":2,"featured_media":173822,"comment_status":"","ping_status":"","sticky":false,"template":"","format":"standard","meta":{"footnotes":""},"categories":[12],"tags":[32,33,36,37,27,34,35,32060,28,31,48,25,46,42,38,40,39,41,412,47,29,30,435,26,411],"class_list":{"0":"post-173821","1":"post","2":"type-post","3":"status-publish","4":"format-standard","5":"has-post-thumbnail","7":"category-polska","8":"tag-breaking-news","9":"tag-breakingnews","10":"tag-featured-news","11":"tag-featurednews","12":"tag-headlines","13":"tag-latest-news","14":"tag-latestnews","15":"tag-mlawa","16":"tag-naglowki","17":"tag-najwazniejsze-artykuly","18":"tag-nat_styl","19":"tag-news","20":"tag-omp","21":"tag-pl","22":"tag-poland","23":"tag-polish","24":"tag-polska","25":"tag-polski","26":"tag-prawo_sady_prawnicy","27":"tag-screening_general","28":"tag-top-stories","29":"tag-topstories","30":"tag-warszawa","31":"tag-wiadomosci","32":"tag-zabojstwo"},"share_on_mastodon":{"url":"https:\/\/pubeurope.com\/@pl\/115791707878622581","error":""},"_links":{"self":[{"href":"https:\/\/www.europesays.com\/pl\/wp-json\/wp\/v2\/posts\/173821","targetHints":{"allow":["GET"]}}],"collection":[{"href":"https:\/\/www.europesays.com\/pl\/wp-json\/wp\/v2\/posts"}],"about":[{"href":"https:\/\/www.europesays.com\/pl\/wp-json\/wp\/v2\/types\/post"}],"author":[{"embeddable":true,"href":"https:\/\/www.europesays.com\/pl\/wp-json\/wp\/v2\/users\/2"}],"replies":[{"embeddable":true,"href":"https:\/\/www.europesays.com\/pl\/wp-json\/wp\/v2\/comments?post=173821"}],"version-history":[{"count":0,"href":"https:\/\/www.europesays.com\/pl\/wp-json\/wp\/v2\/posts\/173821\/revisions"}],"wp:featuredmedia":[{"embeddable":true,"href":"https:\/\/www.europesays.com\/pl\/wp-json\/wp\/v2\/media\/173822"}],"wp:attachment":[{"href":"https:\/\/www.europesays.com\/pl\/wp-json\/wp\/v2\/media?parent=173821"}],"wp:term":[{"taxonomy":"category","embeddable":true,"href":"https:\/\/www.europesays.com\/pl\/wp-json\/wp\/v2\/categories?post=173821"},{"taxonomy":"post_tag","embeddable":true,"href":"https:\/\/www.europesays.com\/pl\/wp-json\/wp\/v2\/tags?post=173821"}],"curies":[{"name":"wp","href":"https:\/\/api.w.org\/{rel}","templated":true}]}}