{"id":173836,"date":"2025-12-27T13:21:09","date_gmt":"2025-12-27T13:21:09","guid":{"rendered":"https:\/\/www.europesays.com\/pl\/173836\/"},"modified":"2025-12-27T13:21:09","modified_gmt":"2025-12-27T13:21:09","slug":"61-skoczkow-na-coc-w-engelbergu-skoki-narciarskie","status":"publish","type":"post","link":"https:\/\/www.europesays.com\/pl\/173836\/","title":{"rendered":"61 skoczk\u00f3w na\u00a0CoC w\u00a0Engelbergu &#8211; skoki narciarskie"},"content":{"rendered":"<p>\t&#13;<br \/>\n\t\t61 skoczk\u00f3w na\u00a0CoC w\u00a0Engelbergu\t<\/p>\n<p>Opublikowano: 27 grudnia 2025, 12:14<\/p>\n<p>\t<img decoding=\"async\" itemprop=\"image\" class=\"content\" src=\"https:\/\/www.europesays.com\/pl\/wp-content\/uploads\/2025\/12\/engelberg2.jpg\" alt=\"61 skoczk\u00f3w na\u00a0CoC w\u00a0Engelbergu\" title=\"61 skoczk\u00f3w na\u00a0CoC w\u00a0Engelbergu\"\/><\/p>\n<p>\t&#13;<br \/>\n\t\t61 zawodnik\u00f3w z\u00a014 kraj\u00f3w pojawi\u0142o si\u0119 na\u00a0li\u015bcie startowej do\u00a0konkursu Pucharu Kontynentalnego w\u00a0Engelbergu. W\u015br\u00f3d nich mamy pi\u0119ciu Polak\u00f3w.&#13;<br \/>\n&#13;<br \/>\nPolacy wydaj\u0105 si\u0119 mie\u0107 naprawd\u0119 silny sk\u0142ad. Do Szwajcarii pojechali: Jakub Wolny, Dawid Kubacki, Jaros\u0142aw Krzak, Aleksander Zniszczo\u0142 i\u00a0Klemens Joniak.&#13;<\/p>\n<p>Na starcie zabraknie kilku skoczk\u00f3w z\u00a0czo\u0142owych miejsc, kt\u00f3rzy przygotowuj\u0105 si\u0119 do\u00a0Turnieju Czterech Skoczni. Nie ma m.in. Maximiliana Ortnera, Robina Pedersena, Junshiro Kobayashiego, Isaka Andreasa Langmo i\u00a0kontuzjowanego Zigi Jelara.&#13;\n<\/p>\n<p>Pierwsze skoki ju\u017c dzi\u015b od 13:30. Na 15:45 zaplanowano pocz\u0105tek konkursu.&#13;<br \/>\n<br \/>&#13;\n<\/p>\n<p>Autor: Pawe\u0142 Stawowczyk<\/p>\n<p>\u0179r\u00f3d\u0142o: wiadomo\u015b\u0107 w\u0142asna<\/p>\n<p>\t&#13;<br \/>\n\t\t&#13;<\/p>\n<p>Zaloguj si\u0119, aby komentowa\u0107<\/p>\n<p>\t&#13;<\/p>\n<ol class=\"komentarze_regulamin\">&#13;<\/p>\n<li>Redakcja zastrzega sobie prawo do usuni\u0119cia b\u0105d\u017a zmodyfikowania komentarzy nie zwi\u0105zanych z komentowan\u0105 tre\u015bci\u0105 (artyku\u0142em, tekstem na blogu, zdj\u0119ciami, relacj\u0105 LIVE itd.), a tak\u017ce obra\u017caj\u0105cych skoczk\u00f3w, cz\u0142onk\u00f3w redakcji i innych u\u017cytkownik\u00f3w portalu oraz zawieraj\u0105cych wulgaryzmy. R\u00f3wnie\u017c &#8222;czaty&#8221; prowadzone w komentarzach nie s\u0105 mile widziane.<\/li>\n<p>&#13;<\/p>\n<li>Zabronione jest zamieszczanie w komentarzach jakichkolwiek reklam, w tym odno\u015bnik\u00f3w do stron internetowych.<\/li>\n<p>&#13;<\/p>\n<li>Zabronione jest wielokrotne wysy\u0142anie komentarza o tej samej tre\u015bci.<\/li>\n<p>&#13;<\/p>\n<li>Redakcja pragnie r\u00f3wnie\u017c zaznaczy\u0107, \u017ce niekoniecznie odpowiada na typowe prowokacje (dotycz\u0105ce np. tematyki artyku\u0142u, kt\u00f3ra nie odpowiada indywidualnemu u\u017cytkownikowi).<\/li>\n<p>&#13;<\/p>\n<li>Wszelkie opinie krytyczne pod adresem redakcji prosimy kierowa\u0107 na adres e-mail redakcji &#8211; te zamieszczone w komentarzach b\u0119d\u0105 ignorowane, aby unikn\u0105\u0107 zej\u015bcia z tematu.<\/li>\n<p>&#13;<\/p>\n<li>W komentarzach zamieszczanych w reklacji LIVE zabronione jest zamieszczanie informacji zawieraj\u0105cych jedynie wynik zawodnika (odleg\u0142o\u015b\u0107, miejsce).<\/li>\n<p>&#13;<\/p>\n<li>Za nagminne \u0142amanie regu\u0142 wymienionych w regulaminie, og\u00f3lnie poj\u0119tych zasad dobrego wychowania oraz netykiety na dany adres IP mo\u017ce zosta\u0107 na\u0142o\u017cona czasowa blokada adresu IP.<\/li>\n<p>&#13;<\/p>\n<li>Redakcja nie ponosi odpowiedzialno\u015bci za tre\u015b\u0107 wypowiedzi zamieszczanych przez u\u017cytkownik\u00f3w. Osoby zamieszczaj\u0105ce wypowiedzi naruszaj\u0105ce prawo lub prawem chronione dobra os\u00f3b trzecich mog\u0105 ponie\u015b\u0107 z tego tytu\u0142u odpowiedzialno\u015b\u0107 karn\u0105 lub cywiln\u0105.<\/li>\n<p>&#13;<\/p>\n<li>Redakcja informuje, \u017ce podczas dodawania komentarza zbierane s\u0105 informacje o adresie IP komputera, z kt\u00f3rego komentarz jest dodawany. Informacje te w razie potrzeby mog\u0105 zosta\u0107 udost\u0119pnione organom \u015bcigania w celu poci\u0105gni\u0119cia autora komentarza do odpowiedzialno\u015bci karnej lub cywilnej.<\/li>\n<p>&#13;<\/p>\n<li>Redakcja gor\u0105co zach\u0119ca do rozwagi i zachowania zdrowego rozs\u0105dku podczas umieszczania komentarzy.<\/li>\n<p>&#13;<\/p>\n<li>Wysy\u0142anie komentarza jest jednoznaczne z akceptacj\u0105 powy\u017cszych zasad.<\/li>\n<p>&#13;\n\t<\/ol>\n<p>&#13;<br \/>\n&#13;<\/p>\n<p>Komentarze (5)<\/p>\n<p>kategorie u\u017cytkownik\u00f3w:<\/p>\n<p>niezarejestrowany<\/p>\n<p>zarejestrowany<\/p>\n<p>redaktor<\/p>\n<p>VIP<\/p>\n<p>\t&#13;<\/p>\n<p>Pawmak<\/p>\n<p>27.12.2025, 13:51<\/p>\n<p>\t\t\t\t\tNa kanale FIS chyba transmisja.<br \/>\nOestvold ma szans\u0119 wygra\u0107, ale raczej nie powinien.<\/p>\n<p>4 debiutant\u00f3w w zawodach tej rangi: Arnold, Deimel, Krzenek i Holz.<\/p>\n<p>Niemcom to tu nie b\u0119dzie \u0142atwo zapunktowa\u0107&#8230;<\/p>\n<p>spiecki9<\/p>\n<p>27.12.2025, 13:22<\/p>\n<p>Gdzie transmisja? <\/p>\n<p>M.<\/p>\n<p>27.12.2025, 13:17<\/p>\n<p>Oestvold powinien wygra\u0107.<\/p>\n<p>marmi<\/p>\n<p>27.12.2025, 12:52<\/p>\n<p>No ciekawe czy kt\u00f3ry\u015b z Polak\u00f3w wejdzie do top5, ja nie da\u0142em mimo, \u017ce kt\u00f3ry\u015b powinien&#8230; Noriaki w top10 widz\u0119 (przy nieobecno\u015bci cz\u0119\u015bci tych, kt\u00f3rzy s\u0105 wy\u017cej), ciekawe czy zajmie te\u017c takie miejsce \ud83d\ude42<\/p>\n<p>Arturion<\/p>\n<p>27.12.2025, 12:27<\/p>\n<p>Krzaku powinien powalczy\u0107 trzymam za niego kciuki.<br \/>Cho\u0107 miejsc\u00f3wk\u0119 pewnie wywalczy Kubacki (Joniak, Zniszczo\u0142).<br \/>Ale \u0142atwo nie b\u0119dzie &#8211; JPN (Y. Sato) i NOR b\u0119d\u0105 mocni. AUT (Aigner) i SLO (Faleti\u0107?) te\u017c mog\u0105 si\u0119 liczy\u0107. A mo\u017ce nawet SUI.<\/p>\n<p>\t\t\t\t\t&#13;<\/p>\n<p>\t\t\t\t<a onclick=\"gtag(&#039;event&#039;,&#039;Adas1,5%-2-click&#039;,{&#039;event_category&#039;:&#039;Reklama&#039;,&#039;event_label&#039;:&#039;Sezon20222023&#039;});\" href=\"https:\/\/sercadlamaluszka.pl\/nasi-podopieczni\/adam-mysiak\" target=\"_blank\" rel=\"nofollow noopener\">&#13;<br \/>\n\t\t\t\t\t<img decoding=\"async\" onload=\"gtag('event','Adas1,5%-2-Wyswietl',{'event_category':'Reklama','event_label':'Sezon20222023'});\" class=\"obrazek_maly\" style=\"margin-top: 0px; max-width: 351px; width: 100%;\" src=\"https:\/\/www.europesays.com\/pl\/wp-content\/uploads\/2025\/12\/adas_15proc_2.jpg\" alt=\"Przeka\u017c 1,5% podatku na rehabilitacj\u0119 syna naszego redaktora - Adam Mysiak\" title=\"Przeka\u017c 1,5% podatku na rehabilitacj\u0119 syna naszego redaktora - Adam Mysiak\"\/>&#13;<br \/>\n\t\t\t\t<\/a><\/p>\n","protected":false},"excerpt":{"rendered":"&#13; 61 skoczk\u00f3w na\u00a0CoC w\u00a0Engelbergu Opublikowano: 27 grudnia 2025, 12:14 &#13; 61 zawodnik\u00f3w z\u00a014 kraj\u00f3w pojawi\u0142o si\u0119 na\u00a0li\u015bcie&hellip;\n","protected":false},"author":2,"featured_media":173837,"comment_status":"","ping_status":"","sticky":false,"template":"","format":"standard","meta":{"footnotes":""},"categories":[24],"tags":[1557,27728,27730,16103,27725,27727,27726,1547,27731,1540,42,38,40,39,41,27722,27721,17495,27729,1567,1559,27723,1566,1569,27724,1539,1538,127,126,4038,27732,4112],"class_list":{"0":"post-173836","1":"post","2":"type-post","3":"status-publish","4":"format-standard","5":"has-post-thumbnail","7":"category-sport","8":"tag-adam-malysz","9":"tag-ahonen","10":"tag-gregor-schlierenzauer","11":"tag-janne-ahonen","12":"tag-klasyfikacja","13":"tag-klasyfikacja-generalna","14":"tag-klasyfikacje","15":"tag-malysz","16":"tag-morgenstern","17":"tag-narciarskie","18":"tag-pl","19":"tag-poland","20":"tag-polish","21":"tag-polska","22":"tag-polski","23":"tag-ps","24":"tag-puchar-swiata","25":"tag-puchar-swiata-w-skokach-narciarskich","26":"tag-schlierenzauer","27":"tag-ski-jumping","28":"tag-skijumping","29":"tag-skoczek","30":"tag-skoczkowie","31":"tag-skocznie","32":"tag-skocznie-narciarskie","33":"tag-skoki","34":"tag-skoki-narciarskie","35":"tag-sport","36":"tag-sports","37":"tag-sylwetki","38":"tag-thomas-morgenstern","39":"tag-wyniki"},"share_on_mastodon":{"url":"https:\/\/pubeurope.com\/@pl\/115791743576650124","error":""},"_links":{"self":[{"href":"https:\/\/www.europesays.com\/pl\/wp-json\/wp\/v2\/posts\/173836","targetHints":{"allow":["GET"]}}],"collection":[{"href":"https:\/\/www.europesays.com\/pl\/wp-json\/wp\/v2\/posts"}],"about":[{"href":"https:\/\/www.europesays.com\/pl\/wp-json\/wp\/v2\/types\/post"}],"author":[{"embeddable":true,"href":"https:\/\/www.europesays.com\/pl\/wp-json\/wp\/v2\/users\/2"}],"replies":[{"embeddable":true,"href":"https:\/\/www.europesays.com\/pl\/wp-json\/wp\/v2\/comments?post=173836"}],"version-history":[{"count":0,"href":"https:\/\/www.europesays.com\/pl\/wp-json\/wp\/v2\/posts\/173836\/revisions"}],"wp:featuredmedia":[{"embeddable":true,"href":"https:\/\/www.europesays.com\/pl\/wp-json\/wp\/v2\/media\/173837"}],"wp:attachment":[{"href":"https:\/\/www.europesays.com\/pl\/wp-json\/wp\/v2\/media?parent=173836"}],"wp:term":[{"taxonomy":"category","embeddable":true,"href":"https:\/\/www.europesays.com\/pl\/wp-json\/wp\/v2\/categories?post=173836"},{"taxonomy":"post_tag","embeddable":true,"href":"https:\/\/www.europesays.com\/pl\/wp-json\/wp\/v2\/tags?post=173836"}],"curies":[{"name":"wp","href":"https:\/\/api.w.org\/{rel}","templated":true}]}}