{"id":173849,"date":"2025-12-27T13:29:08","date_gmt":"2025-12-27T13:29:08","guid":{"rendered":"https:\/\/www.europesays.com\/pl\/173849\/"},"modified":"2025-12-27T13:29:08","modified_gmt":"2025-12-27T13:29:08","slug":"tego-nie-pokazali-w-kinie-wycieta-scena-trafila-do-sieci","status":"publish","type":"post","link":"https:\/\/www.europesays.com\/pl\/173849\/","title":{"rendered":"Tego nie pokazali w kinie. Wyci\u0119ta scena trafi\u0142a do sieci"},"content":{"rendered":"<p>&#8222;Wicked&#8221; to film, kt\u00f3ry opowiada histori\u0119 przyja\u017ani i\u00a0konfliktu mi\u0119dzy dwiema czarownicami w\u00a0Krainie Oz &#8211;\u00a0Elfab\u0105 i\u00a0Galin\u0105. Obsada widowiska to plejada gwiazd Hollywood, na czele z\u00a0<a href=\"https:\/\/film.wp.pl\/ariana-grande-temat-5846881659986305\" rel=\"noopener noreferrer nofollow\" target=\"_blank\">Arian\u0105 Grande<\/a>, Cynthi\u0105 Erivo, Jonathanem Bailey&#8217;em, Michelle Yeoh i\u00a0Peterem Dinklage&#8217;m. Musical otrzyma\u0142 osiem nominacji do Oscara, z\u00a0czego wygra\u0142 dwie statuetki. Kontynuacja, zatytu\u0142owana &#8222;Wicked: Na dobre&#8221;, wysz\u0142a w\u00a02025 r.<\/p>\n<p>Fani filmu wiedzieli, \u017ce nie wszystkie nakr\u0119cone sceny trafi\u0142y do finalnej wersji filmu. Szczeg\u00f3lnie du\u017co emocji budzi\u0142a wyci\u0119ta sekwencja z\u00a0udzia\u0142em <a href=\"https:\/\/film.wp.pl\/broni-swojego-pocalunku-z-zamezna-aktorka-zycie-jest-zbyt-krotkie-7171391511759744a\" rel=\"noopener noreferrer nofollow\" target=\"_blank\">Jonathana Bailey&#8217;a<\/a> i\u00a0Ethana Slatera, kt\u00f3rzy zrywaj\u0105 z\u00a0siebie koszule. O\u00a0istnieniu takiego momentu wiadomo za spraw\u0105 Bowena Yanga, cz\u0142onka obsady &#8222;Wicked&#8221;, kt\u00f3ry wygada\u0142 si\u0119 w\u00a0podca\u015bcie Trishy Paytas pod koniec 2024 r.<\/p>\n<p>&#8211; Mieli\u015bcie zobaczy\u0107 Jonathana Baileya w\u00a0pe\u0142nej krasie bez koszulki, pr\u0119\u017c\u0105cego musku\u0142y, a\u00a0potem niepewnego siebie Boqa, kt\u00f3ry te\u017c chce wygl\u0105da\u0107 gor\u0105co, wi\u0119c zdejmuje koszulk\u0119. I\u00a0wtedy reakcja: &#8222;O, chwila, Ethan ma \u015bwietne cia\u0142o&#8221; &#8211;\u00a0powiedzia\u0142 Bowen.<\/p>\n<p>Fani nie musz\u0105 ju\u017c domy\u015bla\u0107 si\u0119, jak wygl\u0105da nieopublikowany materia\u0142 <a href=\"https:\/\/kultura.wp.pl\/magia-w-cieniu-propagandy-mroczne-oblicze-krainy-oz-wicked-na-dobre-recenzja-7223862978001408a\" rel=\"noopener noreferrer nofollow\" target=\"_blank\">filmu<\/a>. Serwis &#8222;Entertainment Tonight&#8221; udost\u0119pni\u0142 publicznie wyci\u0119t\u0105 scen\u0119. Wida\u0107 w\u00a0niej, jak grupa bohater\u00f3w urz\u0105dza piknik i\u00a0gra w\u00a0badmintona. Fiyero spoci\u0142 si\u0119 przy r\u0105baniu drewna, wi\u0119c postanawia si\u0119 rozebra\u0107, czym zachwyca obserwuj\u0105ce go Glind\u0119 i\u00a0Elphab\u0119. Boq, nie chc\u0105c by\u0107 gorszym, zrywa w\u0142asn\u0105 koszul\u0119, co z\u00a0kolei sprawia wielk\u0105 rado\u015b\u0107 Nessarose.<\/p>\n","protected":false},"excerpt":{"rendered":"&#8222;Wicked&#8221; to film, kt\u00f3ry opowiada histori\u0119 przyja\u017ani i\u00a0konfliktu mi\u0119dzy dwiema czarownicami w\u00a0Krainie Oz &#8211;\u00a0Elfab\u0105 i\u00a0Galin\u0105. Obsada widowiska to&hellip;\n","protected":false},"author":2,"featured_media":173850,"comment_status":"","ping_status":"","sticky":false,"template":"","format":"standard","meta":{"footnotes":""},"categories":[22],"tags":[122,42,38,40,39,41,123],"class_list":{"0":"post-173849","1":"post","2":"type-post","3":"status-publish","4":"format-standard","5":"has-post-thumbnail","7":"category-rozrywka","8":"tag-entertainment","9":"tag-pl","10":"tag-poland","11":"tag-polish","12":"tag-polska","13":"tag-polski","14":"tag-rozrywka"},"share_on_mastodon":{"url":"https:\/\/pubeurope.com\/@pl\/115791774739453314","error":""},"_links":{"self":[{"href":"https:\/\/www.europesays.com\/pl\/wp-json\/wp\/v2\/posts\/173849","targetHints":{"allow":["GET"]}}],"collection":[{"href":"https:\/\/www.europesays.com\/pl\/wp-json\/wp\/v2\/posts"}],"about":[{"href":"https:\/\/www.europesays.com\/pl\/wp-json\/wp\/v2\/types\/post"}],"author":[{"embeddable":true,"href":"https:\/\/www.europesays.com\/pl\/wp-json\/wp\/v2\/users\/2"}],"replies":[{"embeddable":true,"href":"https:\/\/www.europesays.com\/pl\/wp-json\/wp\/v2\/comments?post=173849"}],"version-history":[{"count":0,"href":"https:\/\/www.europesays.com\/pl\/wp-json\/wp\/v2\/posts\/173849\/revisions"}],"wp:featuredmedia":[{"embeddable":true,"href":"https:\/\/www.europesays.com\/pl\/wp-json\/wp\/v2\/media\/173850"}],"wp:attachment":[{"href":"https:\/\/www.europesays.com\/pl\/wp-json\/wp\/v2\/media?parent=173849"}],"wp:term":[{"taxonomy":"category","embeddable":true,"href":"https:\/\/www.europesays.com\/pl\/wp-json\/wp\/v2\/categories?post=173849"},{"taxonomy":"post_tag","embeddable":true,"href":"https:\/\/www.europesays.com\/pl\/wp-json\/wp\/v2\/tags?post=173849"}],"curies":[{"name":"wp","href":"https:\/\/api.w.org\/{rel}","templated":true}]}}