{"id":173851,"date":"2025-12-27T13:30:15","date_gmt":"2025-12-27T13:30:15","guid":{"rendered":"https:\/\/www.europesays.com\/pl\/173851\/"},"modified":"2025-12-27T13:30:15","modified_gmt":"2025-12-27T13:30:15","slug":"samsung-galaxy-a07-mnie-zaskoczyl-to-budzetowka-ale-jednak","status":"publish","type":"post","link":"https:\/\/www.europesays.com\/pl\/173851\/","title":{"rendered":"Samsung Galaxy A07 mnie zaskoczy\u0142, to bud\u017cet\u00f3wka, ale jednak"},"content":{"rendered":"<p class=\"lead\">Samsung Galaxy A07 5G, chocia\u017c jeszcze nie zosta\u0142 oficjalnie zaprezentowany, mo\u017ce trafi\u0107 na rynek z niespodziewanie du\u017c\u0105 bateri\u0105. Kiedy mo\u017cemy spodziewa\u0107 si\u0119 premiery i czego mo\u017cemy oczekiwa\u0107 od bud\u017cetowego Samsunga?<\/p>\n<p>Nadchodz\u0105cy Samsung Galaxy A07 5G zadebiutuje w 2026 roku jako bud\u017cetowy telefon. Okazuje si\u0119 jednak, \u017ce za po\u015brednictwem certyfikatu wiadomo, i\u017c urz\u0105dzenie b\u0119dzie mia\u0142o gigantyczn\u0105, jak na producenta, bateri\u0119. Ma\u0142o tego, znamy kluczow\u0105 specyfikacj\u0119 urz\u0105dzenia.<\/p>\n<p>Samsung Galaxy A07 5G mo\u017ce nie b\u0119dzie najszybszy, ale mo\u017cemy m\u00f3wi\u0107 o post\u0119pie<\/p>\n<p>Bud\u017cetowy Samsung b\u0119dzie wsparty uk\u0142adem MediaTek Dimensity 6300, kt\u00f3ry jest plasowany w urz\u0105dzeniach tej klasy. Co wi\u0119cej, chip b\u0119dzie w stanie poradzi\u0107 sobie w wi\u0119kszo\u015bci zada\u0144, a jego g\u0142\u00f3wn\u0105 zalet\u0105 jest obs\u0142uga 5G. Warto doda\u0107, \u017ce ISP w tym przypadku oferuje obs\u0142ug\u0119 108 MP.<\/p>\n<p><img loading=\"lazy\" decoding=\"async\" aria-describedby=\"caption-attachment-1586250\" class=\"size-medium wp-image-1586250\" src=\"https:\/\/www.europesays.com\/pl\/wp-content\/uploads\/2025\/12\/Samsung-Galaxy-A07-Design-medium.jpg\" alt=\"Samsung Galaxy A07\" width=\"500\" height=\"507\"   itemprop=\"image\" \/><\/p>\n<p id=\"caption-attachment-1586250\" class=\"wp-caption-text\">Samsung Galaxy A07 \/ fot. Gizmochina<\/p>\n<p>W przypadku pami\u0119ci RAM jest do\u015b\u0107 ubogo, poniewa\u017c telefon b\u0119dzie wyposa\u017cony w 4 GB RAM.<a href=\"https:\/\/www.gsmmaniak.pl\/1621226\/ram-w-2026-moze-byc-na-wage-zlota-a-4-gb-bedzie-norma\/\" rel=\"nofollow noopener\" target=\"_blank\"> Jednak powoli powinni\u015bmy si\u0119 przyzwyczaja\u0107 do takich warto\u015bci<\/a>. Samsung b\u0119dzie wyposa\u017cony w pami\u0119\u0107 wewn\u0119trzn\u0105 128 GB i tu r\u00f3wnie\u017c nie ma sza\u0142u. Mo\u017cemy si\u0119 spodziewa\u0107 jeszcze czego\u015b, co zdecydowanie wp\u0142ywa pozytywnie na urz\u0105dzenie.<\/p>\n<p>Wed\u0142ug informacji znalezionych w brazylijskiej bazie agencji telekomunikacyjnej wynika, \u017ce nie tylko procesor zyska usprawnienia. W przypadku A07 4G, kt\u00f3ry zadebiutowa\u0142 w sierpniu, mo\u017cemy liczy\u0107 na bateri\u0119 o pojemno\u015bci 5000 mAh. Jednak wersja z wi\u0119ksz\u0105 przepustowo\u015bci\u0105 ma zaskakuj\u0105co lepsz\u0105 bateri\u0119.<\/p>\n<p>W tym przypadku producent poszed\u0142 na ca\u0142o\u015b\u0107<\/p>\n<p>Mo\u017cemy si\u0119 spodziewa\u0107, \u017ce tani Samsung b\u0119dzie mia\u0142 zwi\u0119kszon\u0105 bateri\u0119 o 1000 mAh. Finalnie wersja z 5G mo\u017ce zaowocowa\u0107 pojemno\u015bci\u0105 6000 mAh, co, jak na producenta, jest bardzo dobrym wynikiem.<\/p>\n<p>Chocia\u017c nie znamy jeszcze informacji odno\u015bnie mocy \u0142adowania, licz\u0119, \u017ce zobaczymy, co najmniej 25 W. Musz\u0119 doda\u0107, \u017ce by\u0142oby fantastycznie, gdyby telefon posiada\u0142 45 W, jak w przypadku A56.<\/p>\n<p>Na premier\u0119 Samsunga Galaxy A07 5G b\u0119dziemy musieli poczeka\u0107 do stycznia. Odb\u0119dzie si\u0119 ona wi\u0119c znacznie wcze\u015bniej ni\u017c d\u0142ugo oczekiwany debiut \u201eflagowej\u201d serii \u201eS\u201d. P\u00f3ki co innego <a href=\"https:\/\/www.gsmmaniak.pl\/1623873\/samsung-galaxy-a16-promocja-z-polski\/\" rel=\"nofollow noopener\" target=\"_blank\">taniego Samsunga r\u00f3wnie\u017c kupisz w Polsce za bezcen<\/a>.<\/p>\n<blockquote class=\"wp-embedded-content\" data-secret=\"XVa4wIHOM0\">\n<p><a href=\"https:\/\/www.gsmmaniak.pl\/1623873\/samsung-galaxy-a16-promocja-z-polski\/\" rel=\"nofollow noopener\" target=\"_blank\">Najlepiej sprzedaj\u0105cy si\u0119 telefon z Androidem na \u015bwiecie dzisiaj kupisz najtaniej w polskiej promocji<\/a><\/p>\n<\/blockquote>\n<p>\u0179r\u00f3d\u0142o: <a href=\"https:\/\/www.gsmarena.com\/samsung_galaxy_a07_5g_certification_reveals_much_bigger_battery_than_its_predecessors-news-70854.php\" rel=\"nofollow noopener\" target=\"_blank\">Everton Favretto<\/a> via gsmarena.com, opracowanie w\u0142asne<\/p>\n","protected":false},"excerpt":{"rendered":"Samsung Galaxy A07 5G, chocia\u017c jeszcze nie zosta\u0142 oficjalnie zaprezentowany, mo\u017ce trafi\u0107 na rynek z niespodziewanie du\u017c\u0105 bateri\u0105.&hellip;\n","protected":false},"author":2,"featured_media":173852,"comment_status":"","ping_status":"","sticky":false,"template":"","format":"standard","meta":{"footnotes":""},"categories":[20],"tags":[120,118,119,42,38,40,39,41,34110,116,114,115,121,117],"class_list":{"0":"post-173851","1":"post","2":"type-post","3":"status-publish","4":"format-standard","5":"has-post-thumbnail","7":"category-nauka-i-technika","8":"tag-nauka","9":"tag-nauka-i-technika","10":"tag-naukatechnika","11":"tag-pl","12":"tag-poland","13":"tag-polish","14":"tag-polska","15":"tag-polski","16":"tag-samsung-galaxy-a07","17":"tag-science","18":"tag-science-and-technology","19":"tag-sciencetechnology","20":"tag-technika","21":"tag-technology"},"share_on_mastodon":{"url":"https:\/\/pubeurope.com\/@pl\/115791779251596560","error":""},"_links":{"self":[{"href":"https:\/\/www.europesays.com\/pl\/wp-json\/wp\/v2\/posts\/173851","targetHints":{"allow":["GET"]}}],"collection":[{"href":"https:\/\/www.europesays.com\/pl\/wp-json\/wp\/v2\/posts"}],"about":[{"href":"https:\/\/www.europesays.com\/pl\/wp-json\/wp\/v2\/types\/post"}],"author":[{"embeddable":true,"href":"https:\/\/www.europesays.com\/pl\/wp-json\/wp\/v2\/users\/2"}],"replies":[{"embeddable":true,"href":"https:\/\/www.europesays.com\/pl\/wp-json\/wp\/v2\/comments?post=173851"}],"version-history":[{"count":0,"href":"https:\/\/www.europesays.com\/pl\/wp-json\/wp\/v2\/posts\/173851\/revisions"}],"wp:featuredmedia":[{"embeddable":true,"href":"https:\/\/www.europesays.com\/pl\/wp-json\/wp\/v2\/media\/173852"}],"wp:attachment":[{"href":"https:\/\/www.europesays.com\/pl\/wp-json\/wp\/v2\/media?parent=173851"}],"wp:term":[{"taxonomy":"category","embeddable":true,"href":"https:\/\/www.europesays.com\/pl\/wp-json\/wp\/v2\/categories?post=173851"},{"taxonomy":"post_tag","embeddable":true,"href":"https:\/\/www.europesays.com\/pl\/wp-json\/wp\/v2\/tags?post=173851"}],"curies":[{"name":"wp","href":"https:\/\/api.w.org\/{rel}","templated":true}]}}