{"id":173861,"date":"2025-12-27T13:36:17","date_gmt":"2025-12-27T13:36:17","guid":{"rendered":"https:\/\/www.europesays.com\/pl\/173861\/"},"modified":"2025-12-27T13:36:17","modified_gmt":"2025-12-27T13:36:17","slug":"to-miala-byc-wstrzasajaca-historia-polskiej-sekty-tworcy-popelnili-kilka-bledow","status":"publish","type":"post","link":"https:\/\/www.europesays.com\/pl\/173861\/","title":{"rendered":"To mia\u0142a by\u0107 wstrz\u0105saj\u0105ca historia polskiej sekty. Tw\u00f3rcy pope\u0142nili kilka b\u0142\u0119d\u00f3w"},"content":{"rendered":"<p class=\"Paragraph_desktopParagraph__U31Gm\">Sebastian Keller (Stanis\u0142aw Linowski) jest wychowywany przez matk\u0119, kt\u00f3ra zaplanowa\u0142a ju\u017c jego przysz\u0142o\u015b\u0107 \u2013 studia w du\u017cym mie\u015bcie. 19-letni ch\u0142opak widzi si\u0119 bardziej na scenie, z gitar\u0105. W codziennym \u017cyciu, a tak\u017ce w realizacji marze\u0144, przeszkadzaj\u0105 mu uporczywe b\u00f3le cia\u0142a. Matka zabiera go na wizyt\u0119 do bioenergoterapeuty, kt\u00f3ry s\u0142ynie z uzdrawiania ludzi.<\/p>\n<p class=\"VideoPlayerText_videoPlayerText__iDwyz\">Dalszy ci\u0105g materia\u0142u pod wideo<\/p>\n<p class=\"Paragraph_desktopParagraph__U31Gm\">W ten spos\u00f3b Sebastian poznaje Piotra (Tomasz Kot). Zaledwie jedna wizyta sprawia, \u017ce nastolatek czuje si\u0119 znacznie lepiej. Gdy kolejny raz spotyka uzdrowiciela, postanawia rzuci\u0107 dotychczasowe \u017cycie. Do\u0142\u0105cza do grupy &#8222;Niebo&#8221;, kt\u00f3rej przyw\u00f3dc\u0105 duchowym jest Piotr. Kilkana\u015bcie os\u00f3b, kt\u00f3re wyrzek\u0142o si\u0119 d\u00f3br materialnych i dawnego \u017cycia, mieszka w \u015brodku lasu i przestrzega surowych zasad wyznaczonych przez swojego guru i jego \u017con\u0119 (Magdalena R\u00f3\u017cczka).<\/p>\n<ul class=\"OchatFollowUps_wrapper__1ry7X\">\n<li class=\"OchatFollowUps_item__Dhyly OchatFollowUps_itemDesktop__R6aBv\">Kiedy zadebiutowa\u0142 pierwszy odcinek serialu?<\/li>\n<li class=\"OchatFollowUps_item__Dhyly OchatFollowUps_itemDesktop__R6aBv\">Kim jest przyw\u00f3dca sekty w serialu?<\/li>\n<li class=\"OchatFollowUps_item__Dhyly OchatFollowUps_itemDesktop__R6aBv\">Na jakiej ksi\u0105\u017cce oparty jest serial?<\/li>\n<li class=\"OchatFollowUps_item__Dhyly OchatFollowUps_itemDesktop__R6aBv\">Kto gra g\u0142\u00f3wn\u0105 rol\u0119 w serialu?<\/li>\n<\/ul>\n<p class=\"Paragraph_desktopParagraph__U31Gm\">Sebastian szybko staje si\u0119 najbli\u017cszym wsp\u00f3\u0142pracownikiem Piotra, podr\u00f3\u017cuje po r\u00f3\u017cnych miastach i &#8222;leczy&#8221; ludzi szukaj\u0105cych pomocy. Wkr\u00f3tce do zboru do\u0142\u0105cza 18-letnia Aneta (Zofia Jastrz\u0119bska), kt\u00f3ra zostaje przeznaczona Sebastianowi. Z kolei Piotr coraz mocniej ingeruje w \u017cycie wsp\u00f3lnoty. Zmienia im imiona, zabrania wizyt u lekarzy, ka\u017ce pozby\u0107 si\u0119 wszystkiego, co maj\u0105. W zamian oferuje im jedynie pozornie warto\u015bciowe rady.<\/p>\n<p>Serial na podstawie wstrz\u0105saj\u0105cej ksi\u0105\u017cki <\/p>\n<p class=\"Paragraph_desktopParagraph__U31Gm\">Produkcja &#8222;Niebo. Rok w piekle&#8221; powsta\u0142a na podstawie wspomnie\u0144 Sebastiana Kellera, kt\u00f3ry w latach 90. trafi\u0142 do sekty prowadzonej przez Bogdana Kacmajora. &#8222;M\u0142ody ch\u0142opak, pe\u0142en pasji, wra\u017cliwo\u015bci, otwarty na \u015bwiat, trafia w sid\u0142a cz\u0142owieka, kt\u00f3ry wykorzystuje jego s\u0142abo\u015b\u0107, chorob\u0119, samotno\u015b\u0107. I nikt wok\u00f3\u0142 nie potrafi mu pom\u00f3c. A przecie\u017c takich ch\u0142opak\u00f3w i dziewczyn s\u0105 tysi\u0105ce&#8221; \u2014 czytamy w ksi\u0105\u017cce.<\/p>\n<p class=\"Paragraph_desktopParagraph__U31Gm\">Ksi\u0105\u017cka &#8222;Niebo. Pi\u0119\u0107 lat w sekcie&#8221; opowiada o znacznie d\u0142u\u017cszym okresie czasu ni\u017c serial, kt\u00f3ry koncentruje si\u0119 na jednym roku z \u017cycia Sebastiana. I w tym upatruje g\u0142\u00f3wnego problemu produkcji.<\/p>\n<p class=\"Paragraph_desktopParagraph__U31Gm\">Tw\u00f3rcy serialu &#8222;Niebo. Rok w piekle&#8221; pr\u00f3bowali pokaza\u0107 d\u0142ug\u0105 i trudn\u0105 drog\u0119 Kellera w sze\u015bciu odcinkach. Poskutkowa\u0142o to tym, \u017ce dostali\u015bmy obraz niepe\u0142ny i chaotyczny, w kt\u00f3rym mamy wi\u0119cej pyta\u0144 ni\u017c dostajemy odpowiedzi. Przede wszystkim bardzo powierzchownie potraktowano kluczowy i niezwykle interesuj\u0105cy w\u0105tek \u2014 metody manipulacji stosowane przez Piotra. W produkcji obserwujemy grup\u0119 ludzi zapatrzonych w Piotra, ale trudno zrozumie\u0107, jak dosz\u0142o do tego, \u017ce \u015blepo mu ufaj\u0105, wyrzekaj\u0105 si\u0119 rodzin i d\u00f3br, a nawet dopuszczaj\u0105 przest\u0119pstw.<\/p>\n<p class=\"Paragraph_desktopParagraph__U31Gm\">Tomasz Kot nie zawodzi i \u015bwietnie wciela si\u0119 w charyzmatycznego przyw\u00f3dc\u0119. Scenarzy\u015bci zapomnieli jednak pokaza\u0107, w jaki spos\u00f3b bohater grany przez aktora doszed\u0142 do takiej w\u0142adzy nad ludzkimi duszami.<\/p>\n<p>Obyczajowa historia o grupie ludzi <\/p>\n<p class=\"Paragraph_desktopParagraph__U31Gm\">Po obejrzeniu czterech odcink\u00f3w serialu, kt\u00f3ry mia\u0142 przedstawia\u0107 przejmuj\u0105ce losy cz\u0142owieka uwi\u0119zionego w sekcie, mo\u017cna odnie\u015b\u0107 wra\u017cenie, \u017ce jest to jedynie obyczajowa opowie\u015b\u0107 o grupie ludzi. Nawet dramatyczne wydarzenia nie maj\u0105 tu \u0142adunku emocjonalnego. Z jednej strony akcja rozkr\u0119ca si\u0119 na tyle powoli, \u017ce starczy\u0142oby czasu na zbudowanie ka\u017cdej z postaci, a z drugiej, mo\u017cna odnie\u015b\u0107 wra\u017cenie, jakby powycinano co wa\u017cniejsze w\u0105tki, kt\u00f3re wyja\u015bni\u0142yby post\u0119powanie bohater\u00f3w opowie\u015bci.<\/p>\n<p class=\"Paragraph_desktopParagraph__U31Gm\">Najwi\u0119kszym atutem produkcji s\u0105 \u015bwietni aktorzy. Magdalena R\u00f3\u017cczka, wcielaj\u0105ca si\u0119 w \u017con\u0119 przyw\u00f3dcy sekty, doskonale gra kobiet\u0119 oddan\u0105, a jednocze\u015bnie potrafi\u0105c\u0105 zast\u0105pi\u0107 m\u0119\u017ca i sta\u0107 si\u0119 g\u0142ow\u0105 zboru. \u015awietna jest r\u00f3wnie\u017c Zofia Jastrz\u0119bska, kt\u00f3ra umia\u0142a odda\u0107 na ekranie emocje dziewczyny dopiero wchodz\u0105cej w doros\u0142e \u017cycie, a wi\u0119c zagubionej i ufnej. Na s\u0142owa uznania zas\u0142uguje r\u00f3wnie\u017c Stanis\u0142aw Linowski, kt\u00f3rego widzowie mog\u0105 kojarzy\u0107 z seriali &#8222;Lady Love&#8221; czy &#8222;Napad&#8221;. Aktor doskonale poradzi\u0142 sobie w scenach, w kt\u00f3rych ob\u0142\u0119d i zniewolenie wysuwaj\u0105 si\u0119 na pierszy plan.<\/p>\n<p>&#8222;Niebo. Rok w piekle&#8221; z niewykorzystanym potencja\u0142em <\/p>\n<p class=\"Paragraph_desktopParagraph__U31Gm\">Serial &#8222;Niebo. Rok w piekle&#8221; m\u00f3g\u0142 by\u0107 poruszaj\u0105c\u0105 histori\u0105, kt\u00f3ra rozpocznie dyskusj\u0119 o potrzebie przynale\u017cno\u015bci, fanaty\u017amie i systemie przemocy. Problem w tym, \u017ce produkcja nie sk\u0142ania do pog\u0142\u0119biania tematu i nie wzbudza emocji potrzebnych do kontynuowania dialogu. To serial, kt\u00f3ry mo\u017cna obejrze\u0107, ale po seansie widz wr\u00f3ci do codzienno\u015bci bez wi\u0119kszej refleksji nad losem g\u0142\u00f3wnych bohater\u00f3w.<\/p>\n","protected":false},"excerpt":{"rendered":"Sebastian Keller (Stanis\u0142aw Linowski) jest wychowywany przez matk\u0119, kt\u00f3ra zaplanowa\u0142a ju\u017c jego przysz\u0142o\u015b\u0107 \u2013 studia w du\u017cym mie\u015bcie.&hellip;\n","protected":false},"author":2,"featured_media":173862,"comment_status":"","ping_status":"","sticky":false,"template":"","format":"standard","meta":{"footnotes":""},"categories":[22],"tags":[244,122,34111,67,261,20578,53,52,68,51,55,42,38,40,39,41,123,47,7581,30660,50,34112],"class_list":{"0":"post-173861","1":"post","2":"type-post","3":"status-publish","4":"format-standard","5":"has-post-thumbnail","7":"category-rozrywka","8":"tag-ctr_tst","9":"tag-entertainment","10":"tag-hbo_max_stacja_tv_kanal_streamingowy","11":"tag-intextvideo_splayer","12":"tag-kultura","13":"tag-magdalena_rozczka","14":"tag-new_header","15":"tag-onet3","16":"tag-onet3d","17":"tag-onet3d_2i","18":"tag-phx","19":"tag-pl","20":"tag-poland","21":"tag-polish","22":"tag-polska","23":"tag-polski","24":"tag-rozrywka","25":"tag-screening_general","26":"tag-serial_seriale","27":"tag-tomasz_kot_aktor","28":"tag-v2021","29":"tag-zofia_jastrzebska"},"share_on_mastodon":{"url":"https:\/\/pubeurope.com\/@pl\/115791802243229482","error":""},"_links":{"self":[{"href":"https:\/\/www.europesays.com\/pl\/wp-json\/wp\/v2\/posts\/173861","targetHints":{"allow":["GET"]}}],"collection":[{"href":"https:\/\/www.europesays.com\/pl\/wp-json\/wp\/v2\/posts"}],"about":[{"href":"https:\/\/www.europesays.com\/pl\/wp-json\/wp\/v2\/types\/post"}],"author":[{"embeddable":true,"href":"https:\/\/www.europesays.com\/pl\/wp-json\/wp\/v2\/users\/2"}],"replies":[{"embeddable":true,"href":"https:\/\/www.europesays.com\/pl\/wp-json\/wp\/v2\/comments?post=173861"}],"version-history":[{"count":0,"href":"https:\/\/www.europesays.com\/pl\/wp-json\/wp\/v2\/posts\/173861\/revisions"}],"wp:featuredmedia":[{"embeddable":true,"href":"https:\/\/www.europesays.com\/pl\/wp-json\/wp\/v2\/media\/173862"}],"wp:attachment":[{"href":"https:\/\/www.europesays.com\/pl\/wp-json\/wp\/v2\/media?parent=173861"}],"wp:term":[{"taxonomy":"category","embeddable":true,"href":"https:\/\/www.europesays.com\/pl\/wp-json\/wp\/v2\/categories?post=173861"},{"taxonomy":"post_tag","embeddable":true,"href":"https:\/\/www.europesays.com\/pl\/wp-json\/wp\/v2\/tags?post=173861"}],"curies":[{"name":"wp","href":"https:\/\/api.w.org\/{rel}","templated":true}]}}