{"id":173890,"date":"2025-12-27T13:54:11","date_gmt":"2025-12-27T13:54:11","guid":{"rendered":"https:\/\/www.europesays.com\/pl\/173890\/"},"modified":"2025-12-27T13:54:11","modified_gmt":"2025-12-27T13:54:11","slug":"polskie-msz-odpowiada-na-grozby-rosji-widac-roznice-miedzy-naszymi-panstwami","status":"publish","type":"post","link":"https:\/\/www.europesays.com\/pl\/173890\/","title":{"rendered":"Polskie MSZ odpowiada na gro\u017aby Rosji. 'Wida\u0107 r\u00f3\u017cnic\u0119 mi\u0119dzy naszymi pa\u0144stwami&#8217;"},"content":{"rendered":"<p> Rosyjski konsulat w Gda\u0144sku zamkni\u0119ty. Zacharowa\u00a0grozi Polsce<\/p>\n<p class=\"art_paragraph\">Pod koniec listopada\u00a0minister spraw zagranicznych <a href=\"https:\/\/wiadomosci.gazeta.pl\/radoslaw-sikorski#anchorLink\" rel=\"nofollow noopener\" target=\"_blank\">Rados\u0142aw Sikorski<\/a> poinformowa\u0142 o zamkni\u0119ciu konsulatu w <a href=\"https:\/\/pogoda.gazeta.pl\/prognoza\/polska\/pomorskie\/gdansk-3099434#anchorLink\" rel=\"nofollow noopener\" target=\"_blank\">Gda\u0144sku<\/a>. By\u0142a to reakcja na akty dywersji na kolei, o kt\u00f3re oskar\u017cono rosyjskie s\u0142u\u017cby. Rosjanie mieli opu\u015bci\u0107 konsulat do 23 grudnia, ale polscy urz\u0119dnicy nie zdo\u0142ali wej\u015b\u0107 do \u015brodka. Rosyjska ambasada przekaza\u0142a, \u017ce pracownicy konsulatu nie opuszcz\u0105 budynku, poniewa\u017c Rosja uznaje go za swoj\u0105 w\u0142asno\u015b\u0107.\u00a025 grudnia podczas briefingu prasowego rzeczniczka rosyjskiego <a href=\"https:\/\/wiadomosci.gazeta.pl\/ministerstwo-spraw-zagranicznych#anchorLink\" rel=\"nofollow noopener\" target=\"_blank\">MSZ<\/a> <a href=\"https:\/\/wiadomosci.gazeta.pl\/swiat\/7,198075,32245955,moskwa-wzywa-warszawe-zacharowa-zaapelowala-do-polski.html#anchorLink\" rel=\"nofollow noopener\" target=\"_blank\">Maria Zacharowa<\/a> odnios\u0142a si\u0119 do decyzji Polski.\u00a0&#8211; Zalecamy, aby Polacy, kt\u00f3rzy maj\u0105 najwyra\u017aniej g\u0142owy rozgrzane gor\u0105czk\u0105 (&#8230;), najpierw zastanowili si\u0119 nad wszystkimi mo\u017cliwymi konsekwencjami takich nielegalnych i prowokacyjnych dzia\u0142a\u0144 &#8211; powiedzia\u0142a i doda\u0142a, \u017ce &#8222;jest wiele przyk\u0142ad\u00f3w tego, jak reaguje Rosja i jak bolesne s\u0105 to odpowiedzi&#8221;.<\/p>\n<p> Rzecznik MSZ:\u00a0Tu wyra\u017anie wida\u0107 r\u00f3\u017cnic\u0119 mi\u0119dzy naszymi pa\u0144stwami<\/p>\n<p class=\"art_paragraph\">Na te s\u0142owa zareagowa\u0142 rzecznik polskiego MSZ. &#8222;Tu wyra\u017anie wida\u0107 r\u00f3\u017cnic\u0119 mi\u0119dzy naszymi pa\u0144stwami.\u00a0Polska chce rozstrzygn\u0105\u0107 kwesti\u0119 w\u0142asno\u015bci budynku po konsulacie rosyjskim w ramach prawa.\u00a0W odpowiedzi Rosja w Bo\u017ce Narodzenie zabiera g\u0142os i pr\u00f3buje zastrasza\u0107.\u00a0Si\u0142a argument\u00f3w, a nie argumenty si\u0142y&#8221; &#8211; przekaza\u0142 Maciej Wewi\u00f3r we wpisie na portalu X.<\/p>\n<p>\n    Zobacz wideo Drony to pocz\u0105tek, a Rosjanie mog\u0105 dalej testowa\u0107 nasze granice\n  <\/p>\n<p> Odpowied\u017a Rosji<\/p>\n<p class=\"art_paragraph\">Polska zdecydowa\u0142a o zamkni\u0119ciu ostatniego konsulatu Federacji Rosyjskiej w reakcji na akty dywersji na kolei. Ich sprawcami byli obywatele Ukrainy dzia\u0142aj\u0105cy na zlecenie rosyjskich s\u0142u\u017cb. W\u0142adze w Moskwie uzna\u0142y decyzj\u0119 Warszawy za &#8222;jawnie wrog\u0105 i nieuzasadnion\u0105&#8221;. W odpowiedzi Rosja\u00a0wezwa\u0142a polskiego ambasadora do MSZ i zamkn\u0119\u0142a konsulat w Irkucku. Resort dyplomacji Kremla przekaza\u0142, \u017ce polskiego dyplomat\u0119 poinformowano o tym, \u017ce zamkni\u0119cie przedstawicielstwa RP to odpowied\u017a na decyzj\u0119 polskich w\u0142adz o cofni\u0119ciu zgody na dzia\u0142alno\u015b\u0107 rosyjskiego konsulatu w <a href=\"https:\/\/wiadomosci.gazeta.pl\/gdansk#anchorLink\" rel=\"nofollow noopener\" target=\"_blank\">Gda\u0144sku<\/a>.\u00a0Cytowani przez media kremlowscy urz\u0119dnicy i politycy sugerowali, \u017ce w Polsce i innych krajach europejskich bezpodstawnie oskar\u017ca si\u0119 Rosj\u0119 o akty dywersji i prowokacje.\u00a0<\/p>\n<p class=\"art_paragraph\">Czytaj tak\u017ce:\u00a0<a href=\"https:\/\/wiadomosci.gazeta.pl\/swiat\/7,198077,32494019,potezny-atak-rosji-na-ukraine-eksplozje-w-kijowie-polska-zamknela.html\" class=\"art_link\" rel=\"dofollow noopener\" target=\"_blank\">&#8222;Pot\u0119\u017cny atak Rosji na Ukrain\u0119. Eksplozje w Kijowie. Polska zamkn\u0119\u0142a lotniska&#8221;<\/a>.<\/p>\n<p class=\"art_paragraph\">\u0179r\u00f3d\u0142a: X, IAR, <a href=\"https:\/\/wiadomosci.gazeta.pl\/polityka\/7,198013,32492925,rosja-grozi-polsce-zacharowa-straszy-bolesnymi-odpowiedziami.html\" class=\"art_link\" rel=\"dofollow noopener\" target=\"_blank\">Gazeta.pl<\/a><\/p>\n","protected":false},"excerpt":{"rendered":"Rosyjski konsulat w Gda\u0144sku zamkni\u0119ty. Zacharowa\u00a0grozi Polsce Pod koniec listopada\u00a0minister spraw zagranicznych Rados\u0142aw Sikorski poinformowa\u0142 o zamkni\u0119ciu konsulatu&hellip;\n","protected":false},"author":2,"featured_media":173891,"comment_status":"","ping_status":"","sticky":false,"template":"","format":"standard","meta":{"footnotes":""},"categories":[12],"tags":[32,33,36,37,27,34,35,28,31,25,42,38,40,39,41,29,30,26],"class_list":{"0":"post-173890","1":"post","2":"type-post","3":"status-publish","4":"format-standard","5":"has-post-thumbnail","7":"category-polska","8":"tag-breaking-news","9":"tag-breakingnews","10":"tag-featured-news","11":"tag-featurednews","12":"tag-headlines","13":"tag-latest-news","14":"tag-latestnews","15":"tag-naglowki","16":"tag-najwazniejsze-artykuly","17":"tag-news","18":"tag-pl","19":"tag-poland","20":"tag-polish","21":"tag-polska","22":"tag-polski","23":"tag-top-stories","24":"tag-topstories","25":"tag-wiadomosci"},"share_on_mastodon":{"url":"https:\/\/pubeurope.com\/@pl\/115791872849821812","error":""},"_links":{"self":[{"href":"https:\/\/www.europesays.com\/pl\/wp-json\/wp\/v2\/posts\/173890","targetHints":{"allow":["GET"]}}],"collection":[{"href":"https:\/\/www.europesays.com\/pl\/wp-json\/wp\/v2\/posts"}],"about":[{"href":"https:\/\/www.europesays.com\/pl\/wp-json\/wp\/v2\/types\/post"}],"author":[{"embeddable":true,"href":"https:\/\/www.europesays.com\/pl\/wp-json\/wp\/v2\/users\/2"}],"replies":[{"embeddable":true,"href":"https:\/\/www.europesays.com\/pl\/wp-json\/wp\/v2\/comments?post=173890"}],"version-history":[{"count":0,"href":"https:\/\/www.europesays.com\/pl\/wp-json\/wp\/v2\/posts\/173890\/revisions"}],"wp:featuredmedia":[{"embeddable":true,"href":"https:\/\/www.europesays.com\/pl\/wp-json\/wp\/v2\/media\/173891"}],"wp:attachment":[{"href":"https:\/\/www.europesays.com\/pl\/wp-json\/wp\/v2\/media?parent=173890"}],"wp:term":[{"taxonomy":"category","embeddable":true,"href":"https:\/\/www.europesays.com\/pl\/wp-json\/wp\/v2\/categories?post=173890"},{"taxonomy":"post_tag","embeddable":true,"href":"https:\/\/www.europesays.com\/pl\/wp-json\/wp\/v2\/tags?post=173890"}],"curies":[{"name":"wp","href":"https:\/\/api.w.org\/{rel}","templated":true}]}}