{"id":173900,"date":"2025-12-27T14:00:17","date_gmt":"2025-12-27T14:00:17","guid":{"rendered":"https:\/\/www.europesays.com\/pl\/173900\/"},"modified":"2025-12-27T14:00:17","modified_gmt":"2025-12-27T14:00:17","slug":"uroczyste-zamkniecie-drzwi-swietych-w-bazylice-lateranskiej-rzym-przygotowuje-sie-na-final-roku-swietego","status":"publish","type":"post","link":"https:\/\/www.europesays.com\/pl\/173900\/","title":{"rendered":"Uroczyste zamkni\u0119cie Drzwi \u015awi\u0119tych w bazylice Latera\u0144skiej. Rzym przygotowuje si\u0119 na fina\u0142 Roku \u015awi\u0119tego"},"content":{"rendered":"<p>Papieski wikariusz dla diecezji rzymskiej, kardyna\u0142 Baldassare Reina, dokona\u0142 uroczystego zamkni\u0119cia Drzwi \u015awi\u0119tych w bazylice \u015awi\u0119tego Jana na Lateranie. To ju\u017c druga z czterech papieskich bazylik, w kt\u00f3rej zamkni\u0119to symboliczne wrota przed oficjalnym zako\u0144czeniem Roku \u015awi\u0119tego, zaplanowanym na 6 stycznia 2026 roku.<\/p>\n<p>                         &#13;<br \/>\n        &#13;<\/p>\n<p>                                        &#13;<br \/>\n                        &#13;<br \/>\n                            <img decoding=\"async\" src=\"https:\/\/www.europesays.com\/pl\/wp-content\/uploads\/2025\/12\/000M4G9K1JLD3EO8-C123-F4.jpg\" title=\"W kolejnej bazylice zamkni\u0119to Drzwi \u015awi\u0119te\" alt=\"Zamkni\u0119cie Drzwi \u015awi\u0119tych w bazylice \u015bw. Jana na Lateranie \/EPA\/Riccardo Antimiani \/PAP\/EPA\" class=\"img-responsive\"\/>&#13;<\/p>\n<p>                            &#13;<\/p>\n<p>      &#13;<br \/>\n                            Zamkni\u0119cie Drzwi \u015awi\u0119tych w bazylice \u015bw. Jana na Lateranie&#13;<br \/>\n                                    \/EPA\/Riccardo Antimiani \/PAP\/EPA  &#13;\n                                    <\/p>\n<p>&#13;<\/p>\n<p>Bazylika \u015awi\u0119tego Jana na Lateranie, b\u0119d\u0105ca katedr\u0105 biskupa Rzymu, od wiek\u00f3w stanowi duchowe centrum chrze\u015bcija\u0144stwa. To w\u0142a\u015bnie tutaj, w\u00a0obecno\u015bci licznych wiernych oraz burmistrza Rzymu Roberto Gualtieriego, odby\u0142a si\u0119 podnios\u0142a ceremonia zamkni\u0119cia Drzwi \u015awi\u0119tych.<\/p>\n<p>    &#13;<br \/>\n        &#13;<\/p>\n<p>                                        &#13;<br \/>\n                        &#13;<br \/>\n                            <img decoding=\"async\" src=\"https:\/\/www.europesays.com\/pl\/wp-content\/uploads\/2025\/12\/000M4G8U6RFRJIW2-C123-F4.jpg\" title=\"W kolejnej bazylice zamkni\u0119to Drzwi \u015awi\u0119te\" alt=\"Zamkni\u0119cie Drzwi \u015awi\u0119tych \/EPA\/Riccardo Antimiani \/PAP\/EPA\" class=\"img-responsive\"\/>&#13;<\/p>\n<p>                            &#13;<\/p>\n<p>      &#13;<br \/>\n                            Zamkni\u0119cie Drzwi \u015awi\u0119tych&#13;<br \/>\n                                    \/EPA\/Riccardo Antimiani \/PAP\/EPA  &#13;\n                                    <\/p>\n<p>&#13;<\/p>\n<p>  Wydarzenie to jest nie tylko wa\u017cnym momentem liturgicznym, ale tak\u017ce symbolicznym aktem zamykaj\u0105cym czas szczeg\u00f3lnej \u0142aski i\u00a0duchowej odnowy, jaki niesie ze sob\u0105 Rok \u015awi\u0119ty.<\/p>\n<p>  Zamkni\u0119cie Drzwi \u015awi\u0119tych w\u00a0bazylice Latera\u0144skiej poprzedzi\u0142o podobne wydarzenie, kt\u00f3re mia\u0142o miejsce w\u00a0pi\u0105tek w\u00a0bazylice Matki Bo\u017cej Wi\u0119kszej. To w\u0142a\u015bnie tam spoczywa papie\u017c Franciszek, kt\u00f3ry w Wigili\u0119 2024 roku zainaugurowa\u0142 obecny Rok \u015awi\u0119ty, obchodzony w\u00a0Ko\u015bciele katolickim co 25 lat.<\/p>\n<p>  Wierni z\u00a0ca\u0142ego \u015bwiata przybywali do Rzymu, by przej\u015b\u0107 przez Drzwi \u015awi\u0119te, co wed\u0142ug tradycji przynosi odpust zupe\u0142ny i\u00a0jest wyrazem g\u0142\u0119bokiej wiary oraz pragnienia duchowego oczyszczenia.<\/p>\n<p>    &#13;<br \/>\n        &#13;<\/p>\n<p>                                        &#13;<br \/>\n                        &#13;<br \/>\n                            <img decoding=\"async\" src=\"https:\/\/www.europesays.com\/pl\/wp-content\/uploads\/2025\/12\/000M4G9GWME6P23B-C123-F4.jpg\" title=\"W kolejnej bazylice zamkni\u0119to Drzwi \u015awi\u0119te\" alt=\"Zamkni\u0119cie Drzwi \u015awi\u0119tych \/EPA\/Riccardo Antimiani \/PAP\/EPA\" class=\"img-responsive\"\/>&#13;<\/p>\n<p>                            &#13;<\/p>\n<p>      &#13;<br \/>\n                            Zamkni\u0119cie Drzwi \u015awi\u0119tych&#13;<br \/>\n                                    \/EPA\/Riccardo Antimiani \/PAP\/EPA  &#13;\n                                    <\/p>\n<p>&#13;<\/p>\n<p>  Niedziela przyniesie kolejne wa\u017cne wydarzenie &#8211; zamkni\u0119cie Drzwi \u015awi\u0119tych w\u00a0bazylice \u015awi\u0119tego Paw\u0142a za Murami. To trzecia z\u00a0czterech g\u0142\u00f3wnych bazylik papieskich, kt\u00f3re odgrywaj\u0105 kluczow\u0105 rol\u0119 podczas obchod\u00f3w Roku \u015awi\u0119tego. <\/p>\n<p>  Kulminacyjnym momentem b\u0119dzie jednak ceremonia w\u00a0Watykanie, gdzie papie\u017c Leon XIV rano 6 stycznia zamknie Drzwi \u015awi\u0119te w\u00a0bazylice \u015bw. Piotra. Ten uroczysty akt b\u0119dzie definitywnym zako\u0144czeniem Roku \u015awi\u0119tego, zamykaj\u0105c czas wyj\u0105tkowej modlitwy, pielgrzymek i\u00a0duchowego odrodzenia.<\/p>\n<p>  Watykan podsumowa\u0142, \u017ce w\u00a0trakcie trwaj\u0105cego Roku \u015awi\u0119tego do Rzymu przyby\u0142o ponad 32 miliony pielgrzym\u00f3w z\u00a0najdalszych zak\u0105tk\u00f3w \u015bwiata. <\/p>\n<p>    &#13;<br \/>\n        &#13;<\/p>\n<p>                                        &#13;<br \/>\n                        &#13;<br \/>\n                            <img decoding=\"async\" src=\"https:\/\/www.europesays.com\/pl\/wp-content\/uploads\/2025\/12\/000M4G9IB6VY61KS-C123-F4.jpg\" title=\"W kolejnej bazylice zamkni\u0119to Drzwi \u015awi\u0119te\" alt=\"Zamkni\u0119cie Drzwi \u015awi\u0119tych \/EPA\/Riccardo Antimiani \/PAP\/EPA\" class=\"img-responsive\"\/>&#13;<\/p>\n<p>                            &#13;<\/p>\n<p>      &#13;<br \/>\n                            Zamkni\u0119cie Drzwi \u015awi\u0119tych&#13;<br \/>\n                                    \/EPA\/Riccardo Antimiani \/PAP\/EPA  &#13;\n                                    <\/p>\n<p>&#13;<\/p>\n","protected":false},"excerpt":{"rendered":"Papieski wikariusz dla diecezji rzymskiej, kardyna\u0142 Baldassare Reina, dokona\u0142 uroczystego zamkni\u0119cia Drzwi \u015awi\u0119tych w bazylice \u015awi\u0119tego Jana na&hellip;\n","protected":false},"author":2,"featured_media":173901,"comment_status":"","ping_status":"","sticky":false,"template":"","format":"standard","meta":{"footnotes":""},"categories":[14],"tags":[32,33,27,34,35,28,31,25,40,41,80,29,30,26,82,83,84],"class_list":{"0":"post-173900","1":"post","2":"type-post","3":"status-publish","4":"format-standard","5":"has-post-thumbnail","7":"category-swiat","8":"tag-breaking-news","9":"tag-breakingnews","10":"tag-headlines","11":"tag-latest-news","12":"tag-latestnews","13":"tag-naglowki","14":"tag-najwazniejsze-artykuly","15":"tag-news","16":"tag-polish","17":"tag-polski","18":"tag-swiat","19":"tag-top-stories","20":"tag-topstories","21":"tag-wiadomosci","22":"tag-world","23":"tag-world-news","24":"tag-worldnews"},"share_on_mastodon":{"url":"https:\/\/pubeurope.com\/@pl\/115791897242445208","error":""},"_links":{"self":[{"href":"https:\/\/www.europesays.com\/pl\/wp-json\/wp\/v2\/posts\/173900","targetHints":{"allow":["GET"]}}],"collection":[{"href":"https:\/\/www.europesays.com\/pl\/wp-json\/wp\/v2\/posts"}],"about":[{"href":"https:\/\/www.europesays.com\/pl\/wp-json\/wp\/v2\/types\/post"}],"author":[{"embeddable":true,"href":"https:\/\/www.europesays.com\/pl\/wp-json\/wp\/v2\/users\/2"}],"replies":[{"embeddable":true,"href":"https:\/\/www.europesays.com\/pl\/wp-json\/wp\/v2\/comments?post=173900"}],"version-history":[{"count":0,"href":"https:\/\/www.europesays.com\/pl\/wp-json\/wp\/v2\/posts\/173900\/revisions"}],"wp:featuredmedia":[{"embeddable":true,"href":"https:\/\/www.europesays.com\/pl\/wp-json\/wp\/v2\/media\/173901"}],"wp:attachment":[{"href":"https:\/\/www.europesays.com\/pl\/wp-json\/wp\/v2\/media?parent=173900"}],"wp:term":[{"taxonomy":"category","embeddable":true,"href":"https:\/\/www.europesays.com\/pl\/wp-json\/wp\/v2\/categories?post=173900"},{"taxonomy":"post_tag","embeddable":true,"href":"https:\/\/www.europesays.com\/pl\/wp-json\/wp\/v2\/tags?post=173900"}],"curies":[{"name":"wp","href":"https:\/\/api.w.org\/{rel}","templated":true}]}}