{"id":173927,"date":"2025-12-27T14:16:15","date_gmt":"2025-12-27T14:16:15","guid":{"rendered":"https:\/\/www.europesays.com\/pl\/173927\/"},"modified":"2025-12-27T14:16:15","modified_gmt":"2025-12-27T14:16:15","slug":"miejsce-wypelnione-bolem-i-pustka","status":"publish","type":"post","link":"https:\/\/www.europesays.com\/pl\/173927\/","title":{"rendered":"Miejsce wype\u0142nione b\u00f3lem i pustk\u0105"},"content":{"rendered":"<p>Agnieszka Maci\u0105g, znana modelka i\u00a0osobowo\u015b\u0107 medialna, zmaga\u0142a si\u0119 z\u00a0chorob\u0105 nowotworow\u0105, kt\u00f3ra po raz kolejny powr\u00f3ci\u0142a w\u00a0marcu tego roku. Jej odej\u015bcie wywo\u0142a\u0142o ogromne wzruszenie nie tylko w\u015br\u00f3d najbli\u017cszej rodziny, ale r\u00f3wnie\u017c w\u015br\u00f3d jej fan\u00f3w. Uroczysto\u015bci po\u017cegnalne odby\u0142y si\u0119 15 grudnia w\u00a0Warszawie, gdzie zar\u00f3wno bliscy, jak i\u00a0przyjaciele wspominali jej pe\u0142ne pasji i\u00a0mi\u0142o\u015bci \u017cycie.<\/p>\n<p>Robert Wola\u0144ski, m\u0105\u017c Agnieszki Maci\u0105g, podtrzymuje pami\u0119\u0107 o\u00a0niej przez regularne wpisy w\u00a0mediach spo\u0142eczno\u015bciowych. Swoj\u0105 aktywno\u015bci\u0105 w\u00a0sieci maj\u0105c\u0105 na celu upami\u0119tnienie zmar\u0142ej \u017cony fotograf narazi\u0142 si\u0119 ostatnio na gniew Iwony W\u0119growskiej, kt\u00f3ra <a href=\"https:\/\/www.pudelek.pl\/iwona-wegrowska-nagle-odpalila-sie-na-meza-agnieszki-maciag-znajdz-swoj-sposob-zeby-o-tobie-pamietano-rozumiecie-cos-z-tego-7234910667778560a\" rel=\"noopener noreferrer nofollow\" target=\"_blank\">zarzuci\u0142a mu &#8222;\u017cerowanie&#8221; na zmar\u0142ej ukochanej<\/a>. Po wpisie uderzaj\u0105cym w\u00a0 Wola\u0144skiego na W\u0119growsk\u0105 spad\u0142a krytyka. Celebrytka postanowi\u0142a si\u0119 wyt\u0142umaczy\u0107 i\u00a0przeprosi\u0107 &#8222;ura\u017conych&#8221;. <\/p>\n<p>Tymczasem na profilu Roberta wci\u0105\u017c pojawiaj\u0105 si\u0119 kolejne wpisy po\u015bwi\u0119cone Agnieszce. W\u00a0jednym z\u00a0najnowszych wspomina chwile, jakie sp\u0119dzali razem podczas Bo\u017cego Narodzenia i\u00a0sylwestra. Ma\u0142\u017conkowie mieli wsp\u00f3ln\u0105 tradycj\u0119, kt\u00f3r\u0105 starali si\u0119 co roku kultywowa\u0107. <\/p>\n<p>Teraz ju\u017c spokojnie. Po \u015bwi\u0119tach jest ciszej. Wolniej. Cz\u0119sto robili\u015bmy w\u00a0tych dniach podsumowanie roku, ale te\u017c skromne plany, a\u00a0raczej pomys\u0142y i\u00a0marzenia na przysz\u0142o\u015b\u0107. Drobn\u0105 tradycj\u0105 sta\u0142o si\u0119 robienie mapy marze\u0144\u2026 To niezwyk\u0142e chwile. By\u0142o jeszcze lepiej, gdy zacz\u0119\u0142a to z\u00a0nami robi\u0107 Helenka. Zbierali\u015bmy po ca\u0142ym domu gazety. No\u017cyczki\u2026 &#8211; brzmi niezwykle emocjonalny wpis na profilu Agnieszki Maci\u0105g.<\/p>\n<p>Dzi\u015b tego nie zrobi\u0119, bo miejsce, w\u00a0kt\u00f3rym robili\u015bmy to zazwyczaj, wype\u0142nione jest jeszcze b\u00f3lem i\u00a0pustk\u0105. Ale powr\u00f3c\u0119 tu jeszcze na pewno z\u00a0mi\u0142o\u015bci\u0105 &#8211;\u00a0doda\u0142 na koniec.<\/p>\n","protected":false},"excerpt":{"rendered":"Agnieszka Maci\u0105g, znana modelka i\u00a0osobowo\u015b\u0107 medialna, zmaga\u0142a si\u0119 z\u00a0chorob\u0105 nowotworow\u0105, kt\u00f3ra po raz kolejny powr\u00f3ci\u0142a w\u00a0marcu tego roku.&hellip;\n","protected":false},"author":2,"featured_media":173928,"comment_status":"","ping_status":"","sticky":false,"template":"","format":"standard","meta":{"footnotes":""},"categories":[5],"tags":[32,33,36,37,27,34,35,28,31,25,42,38,40,39,41,29,30,26],"class_list":{"0":"post-173927","1":"post","2":"type-post","3":"status-publish","4":"format-standard","5":"has-post-thumbnail","7":"category-naglowki","8":"tag-breaking-news","9":"tag-breakingnews","10":"tag-featured-news","11":"tag-featurednews","12":"tag-headlines","13":"tag-latest-news","14":"tag-latestnews","15":"tag-naglowki","16":"tag-najwazniejsze-artykuly","17":"tag-news","18":"tag-pl","19":"tag-poland","20":"tag-polish","21":"tag-polska","22":"tag-polski","23":"tag-top-stories","24":"tag-topstories","25":"tag-wiadomosci"},"share_on_mastodon":{"url":"https:\/\/pubeurope.com\/@pl\/115791959516284572","error":""},"_links":{"self":[{"href":"https:\/\/www.europesays.com\/pl\/wp-json\/wp\/v2\/posts\/173927","targetHints":{"allow":["GET"]}}],"collection":[{"href":"https:\/\/www.europesays.com\/pl\/wp-json\/wp\/v2\/posts"}],"about":[{"href":"https:\/\/www.europesays.com\/pl\/wp-json\/wp\/v2\/types\/post"}],"author":[{"embeddable":true,"href":"https:\/\/www.europesays.com\/pl\/wp-json\/wp\/v2\/users\/2"}],"replies":[{"embeddable":true,"href":"https:\/\/www.europesays.com\/pl\/wp-json\/wp\/v2\/comments?post=173927"}],"version-history":[{"count":0,"href":"https:\/\/www.europesays.com\/pl\/wp-json\/wp\/v2\/posts\/173927\/revisions"}],"wp:featuredmedia":[{"embeddable":true,"href":"https:\/\/www.europesays.com\/pl\/wp-json\/wp\/v2\/media\/173928"}],"wp:attachment":[{"href":"https:\/\/www.europesays.com\/pl\/wp-json\/wp\/v2\/media?parent=173927"}],"wp:term":[{"taxonomy":"category","embeddable":true,"href":"https:\/\/www.europesays.com\/pl\/wp-json\/wp\/v2\/categories?post=173927"},{"taxonomy":"post_tag","embeddable":true,"href":"https:\/\/www.europesays.com\/pl\/wp-json\/wp\/v2\/tags?post=173927"}],"curies":[{"name":"wp","href":"https:\/\/api.w.org\/{rel}","templated":true}]}}